{"id":684354,"date":"2026-01-23T19:03:12","date_gmt":"2026-01-23T19:03:12","guid":{"rendered":"https:\/\/www.europesays.com\/fr\/684354\/"},"modified":"2026-01-23T19:03:12","modified_gmt":"2026-01-23T19:03:12","slug":"zoom-sur-le-groupe-strasbourgeois-kick-cut","status":"publish","type":"post","link":"https:\/\/www.europesays.com\/fr\/684354\/","title":{"rendered":"Zoom sur le groupe strasbourgeois : Kick Cut !"},"content":{"rendered":"<p><img loading=\"lazy\" decoding=\"async\" class=\"\" src=\"https:\/\/www.europesays.com\/fr\/wp-content\/uploads\/2026\/01\/b286343c-13da-4da5-a60d-9b388d2a5841.jpg\" alt=\"TOP MUSIC\" width=\"1\" height=\"1\"\/><\/p>\n<p class=\"date\">18h00 &#8211; 10 min 40 sec<\/p>\n<p>Zoom sur le groupe strasbourgeois : Kick Cut !<\/p>\n<p>Chaque jour, <strong>Erwan et Roland<\/strong> mettent en lumi\u00e8re ceux qui font briller l&rsquo;Alsace : artistes, sportifs, influenceurs et personnalit\u00e9s inspirantes. Avec des interviews exclusives, <strong>la Top Family <\/strong>est l&rsquo;\u00e9mission incontournable pour d\u00e9couvrir les talents locaux qui fa\u00e7onnent la r\u00e9gion. Restez inform\u00e9 et inspir\u00e9 par les figures qui influencent l&rsquo;Alsace au quotidien !<\/p>\n","protected":false},"excerpt":{"rendered":"18h00 &#8211; 10 min 40 sec Zoom sur le groupe strasbourgeois : Kick Cut ! Chaque jour, Erwan&hellip;\n","protected":false},"author":2,"featured_media":684355,"comment_status":"","ping_status":"","sticky":false,"template":"","format":"standard","meta":{"footnotes":""},"categories":[2820],"tags":[1111,11,2389,1777,674,1011,27,775,2173,12,25,640],"class_list":{"0":"post-684354","1":"post","2":"type-post","3":"status-publish","4":"format-standard","5":"has-post-thumbnail","7":"category-strasbourg","8":"tag-actu","9":"tag-actualites","10":"tag-alsace","11":"tag-eu","12":"tag-europe","13":"tag-fr","14":"tag-france","15":"tag-grand-est","16":"tag-interview","17":"tag-news","18":"tag-republique-francaise","19":"tag-strasbourg"},"share_on_mastodon":{"url":"https:\/\/pubeurope.com\/@fr\/115945970390033820","error":""},"_links":{"self":[{"href":"https:\/\/www.europesays.com\/fr\/wp-json\/wp\/v2\/posts\/684354","targetHints":{"allow":["GET"]}}],"collection":[{"href":"https:\/\/www.europesays.com\/fr\/wp-json\/wp\/v2\/posts"}],"about":[{"href":"https:\/\/www.europesays.com\/fr\/wp-json\/wp\/v2\/types\/post"}],"author":[{"embeddable":true,"href":"https:\/\/www.europesays.com\/fr\/wp-json\/wp\/v2\/users\/2"}],"replies":[{"embeddable":true,"href":"https:\/\/www.europesays.com\/fr\/wp-json\/wp\/v2\/comments?post=684354"}],"version-history":[{"count":0,"href":"https:\/\/www.europesays.com\/fr\/wp-json\/wp\/v2\/posts\/684354\/revisions"}],"wp:featuredmedia":[{"embeddable":true,"href":"https:\/\/www.europesays.com\/fr\/wp-json\/wp\/v2\/media\/684355"}],"wp:attachment":[{"href":"https:\/\/www.europesays.com\/fr\/wp-json\/wp\/v2\/media?parent=684354"}],"wp:term":[{"taxonomy":"category","embeddable":true,"href":"https:\/\/www.europesays.com\/fr\/wp-json\/wp\/v2\/categories?post=684354"},{"taxonomy":"post_tag","embeddable":true,"href":"https:\/\/www.europesays.com\/fr\/wp-json\/wp\/v2\/tags?post=684354"}],"curies":[{"name":"wp","href":"https:\/\/api.w.org\/{rel}","templated":true}]}}