{"id":684379,"date":"2026-01-23T19:16:13","date_gmt":"2026-01-23T19:16:13","guid":{"rendered":"https:\/\/www.europesays.com\/fr\/684379\/"},"modified":"2026-01-23T19:16:13","modified_gmt":"2026-01-23T19:16:13","slug":"ossature-bois-toits-vegetalises-la-future-ecole-de-chateau-gombert-a-marseille-se-devoile","status":"publish","type":"post","link":"https:\/\/www.europesays.com\/fr\/684379\/","title":{"rendered":"Ossature bois, toits v\u00e9g\u00e9talis\u00e9s&#8230; la future \u00e9cole de Ch\u00e2teau-Gombert \u00e0 Marseille se d\u00e9voile"},"content":{"rendered":"<p>Les camions et pelleteuses s\u2019activent. Au bout du boulevard Bara, les travaux de construction de <a href=\"https:\/\/www.laprovence.com\/article\/region\/12243928919258\/plan-marseille-en-grand-chateau-gombert-aura-sa-nouvelle-ecole\" target=\"_blank\" rel=\"noopener\">la nouvelle \u00e9cole de Ch\u00e2teau-Gombert<\/a> (13e\u00a0arrondissement) ont d\u00e9but\u00e9 \u00e0 la toute fin du mois de d\u00e9cembre 2025. Une avanc\u00e9e qui en a surpris plus d\u2019un. Pourtant, en f\u00e9vrier dernier, l\u2019adjoint au maire en charge du Plan \u00e9coles, Pierre-Marie Ganozzi, avait annonc\u00e9 un d\u00e9marrage pour la fin de l\u2019ann\u00e9e ou, au plus tard, d\u00e9but 2026.<\/p>\n<p>Un planning respect\u00e9. \u00ab\u00a0La pr\u00e9paration du terrain a commenc\u00e9 fin d\u00e9cembre et le terrassement est en cours depuis d\u00e9but janvier, souligne l\u2019\u00e9lu du Printemps marseillais. Les fondations seront prochainement coul\u00e9es, puis les murs seront \u00e9rig\u00e9s dans les six mois. Le plus long, ce sera les finitions.\u00a0\u00bb<\/p>\n<p>Du concret, donc, que rel\u00e8ve \u00e9galement la maire (LR) du 7e secteur, <a href=\"https:\/\/www.laprovence.com\/article\/region\/3222565473536115\/nous-aurons-un-grand-commissariat-ouvert-7-jours-sur-7-promet-marion-bareille-maire-des-13e-14e-a-marseille\" target=\"_blank\" rel=\"noopener\">Marion Bareille<\/a>\u00a0: \u00ab\u00a0La construction de cette nouvelle \u00e9cole est une n\u00e9cessit\u00e9 que j\u2019ai d\u00e9fendue d\u00e8s le d\u00e9but du mandat. Ici, comme ailleurs dans les 13e\u00a0et 14e\u00a0arrondissements, les classes sont surcharg\u00e9es et les besoins sont connus de longue date. Il aura pourtant fallu attendre six ans pour voir enfin le premier coup de pioche.\u00a0\u00bb<\/p>\n<p>Un b\u00e2timent labellis\u00e9 \u00e0 15\u00a0millions d\u2019euros<\/p>\n<p>Et il faudra attendre encore un peu po&#8230;<\/p>\n","protected":false},"excerpt":{"rendered":"Les camions et pelleteuses s\u2019activent. Au bout du boulevard Bara, les travaux de construction de la nouvelle \u00e9cole&hellip;\n","protected":false},"author":2,"featured_media":684380,"comment_status":"","ping_status":"","sticky":false,"template":"","format":"standard","meta":{"footnotes":""},"categories":[2814],"tags":[5734,1111,11,4154,9067,1122,1777,674,1011,27,4108,884,12,78146,882,25,104,27353,3574],"class_list":{"0":"post-684379","1":"post","2":"type-post","3":"status-publish","4":"format-standard","5":"has-post-thumbnail","7":"category-marseille","8":"tag-5734","9":"tag-actu","10":"tag-actualites","11":"tag-bois","12":"tag-chateau-gombert","13":"tag-ecole","14":"tag-eu","15":"tag-europe","16":"tag-fr","17":"tag-france","18":"tag-future","19":"tag-marseille","20":"tag-news","21":"tag-ossature","22":"tag-provence-alpes-cote-dazur","23":"tag-republique-francaise","24":"tag-societe","25":"tag-toits","26":"tag-vegetalises"},"share_on_mastodon":{"url":"https:\/\/pubeurope.com\/@fr\/115946021330534882","error":""},"_links":{"self":[{"href":"https:\/\/www.europesays.com\/fr\/wp-json\/wp\/v2\/posts\/684379","targetHints":{"allow":["GET"]}}],"collection":[{"href":"https:\/\/www.europesays.com\/fr\/wp-json\/wp\/v2\/posts"}],"about":[{"href":"https:\/\/www.europesays.com\/fr\/wp-json\/wp\/v2\/types\/post"}],"author":[{"embeddable":true,"href":"https:\/\/www.europesays.com\/fr\/wp-json\/wp\/v2\/users\/2"}],"replies":[{"embeddable":true,"href":"https:\/\/www.europesays.com\/fr\/wp-json\/wp\/v2\/comments?post=684379"}],"version-history":[{"count":0,"href":"https:\/\/www.europesays.com\/fr\/wp-json\/wp\/v2\/posts\/684379\/revisions"}],"wp:featuredmedia":[{"embeddable":true,"href":"https:\/\/www.europesays.com\/fr\/wp-json\/wp\/v2\/media\/684380"}],"wp:attachment":[{"href":"https:\/\/www.europesays.com\/fr\/wp-json\/wp\/v2\/media?parent=684379"}],"wp:term":[{"taxonomy":"category","embeddable":true,"href":"https:\/\/www.europesays.com\/fr\/wp-json\/wp\/v2\/categories?post=684379"},{"taxonomy":"post_tag","embeddable":true,"href":"https:\/\/www.europesays.com\/fr\/wp-json\/wp\/v2\/tags?post=684379"}],"curies":[{"name":"wp","href":"https:\/\/api.w.org\/{rel}","templated":true}]}}