{"id":684442,"date":"2026-01-23T20:00:10","date_gmt":"2026-01-23T20:00:10","guid":{"rendered":"https:\/\/www.europesays.com\/fr\/684442\/"},"modified":"2026-01-23T20:00:10","modified_gmt":"2026-01-23T20:00:10","slug":"flotte-fantome-la-marine-nationale-intercepte-un-petrolier-en-mer-dalboran","status":"publish","type":"post","link":"https:\/\/www.europesays.com\/fr\/684442\/","title":{"rendered":"Flotte fant\u00f4me\u00a0: la Marine nationale intercepte un p\u00e9trolier en mer d\u2019Alboran"},"content":{"rendered":"<p>\n      Soup\u00e7onn\u00e9 d\u2019arborer un faux pavillon, un p\u00e9trolier sous sanctions internationales a \u00e9t\u00e9 contr\u00f4l\u00e9 en M\u00e9diterran\u00e9e et d\u00e9rout\u00e9 vers un mouillage pour de plus amples v\u00e9rifications.\n    <\/p>\n<p>Des moyens de la Marine nationale sont intervenus \u00ab\u00a0en haute mer\u00a0\u00bb, \u00e0 l\u2019est du d\u00e9troit de Gibraltar, en mer d\u2019Alboran, pour contr\u00f4ler le pavillon d\u2019un p\u00e9trolier en provenance de Mourmansk, en Russie, a annonc\u00e9 le 22 janvier la pr\u00e9fecture maritime de la M\u00e9diterran\u00e9e. Cet Aframax sous sanctions de l\u2019Union europ\u00e9enne, mais aussi des \u00c9tats-Unis et du Royaume-Uni, a \u00e9t\u00e9 d\u00e9rout\u00e9 vers un mouillage, dont la localisation n&rsquo;est pas encore connue.\u00a0<\/p>\n<p>L\u2019action a \u00e9t\u00e9 men\u00e9e \u00ab\u00a0en coop\u00e9ration avec nos alli\u00e9s dont le Royaume-Uni\u00a0\u00bb, a fait savoir la pr\u00e9fecture maritime, sans d\u00e9tailler les moyens mis en oeuvre. Les images montrent cependant l&rsquo;intervention de deux h\u00e9licopt\u00e8res, un Ca\u00efman Marine et un Panther, laissant supposer l&rsquo;implication possible de deux b\u00e2timents.\u00a0<\/p>\n<p>Le Grinch est un p\u00e9trolier de 249 m\u00e8tres de longueur et 115.635 tonnes de port en lourd, dont le propri\u00e9taire est enregistr\u00e9 aux \u00eeles Marshall. Il est soup\u00e7onn\u00e9 d\u2019arborer un faux pavillon des Comores. L\u2019op\u00e9ration a \u00e9t\u00e9 men\u00e9e sur la base de l\u2019article 110 de la Convention des Nations unies sur le droit de la mer. Il dispose qu\u2019un navire de guerre croisant en haute mer peut arraisonner un navire \u00e9tranger s\u2019il a de s\u00e9rieuses raisons de soup\u00e7onner qu\u2019il est sans nationalit\u00e9.<\/p>\n<p>La pr\u00e9fecture maritime indique qu\u2019\u00ab\u00a0apr\u00e8s la mont\u00e9e \u00e0 bord de l\u2019\u00e9quipe de visite, l\u2019examen des documents a confirm\u00e9 les doutes quant \u00e0 la r\u00e9gularit\u00e9 du pavillon arbor\u00e9\u00a0\u00bb. Un signalement a \u00e9t\u00e9 fait au procureur de Marseille, qui a demand\u00e9 que le navire soit d\u00e9rout\u00e9 vers une zone de mouillage pour poursuivre les v\u00e9rifications.<\/p>\n<p>\u00a0<\/p>\n<p>\u00a0<\/p>\n<p>L\u2019op\u00e9ration a \u00e9t\u00e9 relay\u00e9e par le pr\u00e9sident fran\u00e7ais Emmanuel Macron, qui s\u2019est dit d\u00e9termin\u00e9 \u00ab\u00a0\u00e0 faire respecter le droit international et \u00e0 garantir l\u2019efficacit\u00e9 des sanctions\u00a0\u00bb.<\/p>\n<p>\u00a0<\/p>\n<p>\u00a0<\/p>\n<p>Cet arraisonnement s\u2019inscrit dans une succession d\u2019interventions en Europe ciblant des navires sous sanctions. Le 11 janvier, les autorit\u00e9s allemandes ont <a href=\"https:\/\/www.meretmarine.com\/fr\/marine-marchande\/mer-baltique-l-allemagne-refuse-l-acces-a-un-petrolier-soupconne-d-appartenir-a-la-flotte-fantome\" target=\"_blank\" rel=\"noopener\">refus\u00e9 l\u2019acc\u00e8s<\/a> \u00e0 leurs eaux territoriales au Tavian, un p\u00e9trolier soup\u00e7onn\u00e9 d\u2019appartenir \u00e0 la flotte fant\u00f4me employ\u00e9e pour contourner les sanctions sur les exportations russes. Le navire a \u00e9t\u00e9 intercept\u00e9 alors qu\u2019il se trouvait au large des c\u00f4tes allemandes, \u00e0 l\u2019approche de la mer Baltique, apr\u00e8s avoir transit\u00e9 par la mer du Nord. La police f\u00e9d\u00e9rale allemande a proc\u00e9d\u00e9 \u00e0 une v\u00e9rification des documents du p\u00e9trolier, durant laquelle ont \u00e9t\u00e9 relev\u00e9 des irr\u00e9gularit\u00e9s majeures dans l\u2019identification du navire, notamment l\u2019utilisation d\u2019un num\u00e9ro OMI non conforme. Sur cette base, le p\u00e9trolier n\u2019a pas \u00e9t\u00e9 autoris\u00e9 \u00e0 p\u00e9n\u00e9trer dans les eaux territoriales allemandes et a \u00e9t\u00e9 contraint de faire demi-tour.<\/p>\n<p>L\u2019Hizir\u202fReis, un vraquier handysize a lui <a href=\"https:\/\/www.meretmarine.com\/fr\/marine-marchande\/italie-un-vraquier-retenu-pour-suspicion-de-violation-des-sanctions-europeennes-contre-la-russie\" target=\"_blank\" rel=\"noopener\">\u00e9t\u00e9 saisi<\/a> le 17 janvier dans le port de Brindisi, en Italie. Il est soup\u00e7onn\u00e9 d\u2019avoir enfreint les sanctions de l\u2019Union europ\u00e9enne \u00e0 l\u2019encontre de la Russie. Des contr\u00f4les ont r\u00e9v\u00e9l\u00e9 des incoh\u00e9rences et d\u2019\u00e9ventuelles falsifications dans les documents du navire, notamment concernant les escales et les op\u00e9rations de chargement.<\/p>\n<p>Il semble, par ailleurs, que le gouvernement britannique s\u2019appr\u00eate \u00e0 intervenir sur des navires de la flotte fant\u00f4me. D\u2019apr\u00e8s la BBC, qui rappelle que le Royaume-Uni a d\u00e9j\u00e0 impos\u00e9 des sanctions \u00e0 plus de 500 navires, le gouvernement a \u00ab\u00a0identifi\u00e9 une base juridique qui, selon lui, pourrait permettre \u00e0 l&rsquo;arm\u00e9e britannique d&rsquo;arraisonner et de retenir des navires\u00a0\u00bb de la flotte fant\u00f4me avec un pavillon douteux, comme c\u2019\u00e9tait le cas du p\u00e9trolier Marinera arraisonn\u00e9 dans l\u2019Atlantique Nord par les Etats-Unis avec l\u2019appui du Royaume-Uni. Ils s\u2019appuieraient sur une loi britannique sur les sanctions et le blanchiment d\u2019argent.<\/p>\n<p><strong>\u00a9 Un article de la r\u00e9daction de Mer et Marine.\u00a0Reproduction interdite sans consentement du ou des auteurs.\u00a0\u00a0<\/strong><\/p>\n<p>\u00a0<\/p>\n","protected":false},"excerpt":{"rendered":"Soup\u00e7onn\u00e9 d\u2019arborer un faux pavillon, un p\u00e9trolier sous sanctions internationales a \u00e9t\u00e9 contr\u00f4l\u00e9 en M\u00e9diterran\u00e9e et d\u00e9rout\u00e9 vers&hellip;\n","protected":false},"author":2,"featured_media":684443,"comment_status":"","ping_status":"","sticky":false,"template":"","format":"standard","meta":{"footnotes":""},"categories":[5],"tags":[11,6130,6141,6131,6138,2380,6135,554,6136,1011,27,6139,14,6134,3135,6128,567,6129,6127,12,6132,4838,6133,6140,6137,28],"class_list":{"0":"post-684442","1":"post","2":"type-post","3":"status-publish","4":"format-standard","5":"has-post-thumbnail","7":"category-international","8":"tag-actualites","9":"tag-chantiers","10":"tag-commando","11":"tag-construction-navale","12":"tag-costa","13":"tag-croisiere","14":"tag-dcns","15":"tag-defense","16":"tag-euronaval","17":"tag-fr","18":"tag-france","19":"tag-fremm","20":"tag-international","21":"tag-interviews","22":"tag-littoral","23":"tag-marine","24":"tag-marine-nationale","25":"tag-maritime","26":"tag-mer","27":"tag-news","28":"tag-offshore","29":"tag-peche","30":"tag-reportages","31":"tag-sncm","32":"tag-stx","33":"tag-world"},"share_on_mastodon":{"url":"https:\/\/pubeurope.com\/@fr\/115946194591714006","error":""},"_links":{"self":[{"href":"https:\/\/www.europesays.com\/fr\/wp-json\/wp\/v2\/posts\/684442","targetHints":{"allow":["GET"]}}],"collection":[{"href":"https:\/\/www.europesays.com\/fr\/wp-json\/wp\/v2\/posts"}],"about":[{"href":"https:\/\/www.europesays.com\/fr\/wp-json\/wp\/v2\/types\/post"}],"author":[{"embeddable":true,"href":"https:\/\/www.europesays.com\/fr\/wp-json\/wp\/v2\/users\/2"}],"replies":[{"embeddable":true,"href":"https:\/\/www.europesays.com\/fr\/wp-json\/wp\/v2\/comments?post=684442"}],"version-history":[{"count":0,"href":"https:\/\/www.europesays.com\/fr\/wp-json\/wp\/v2\/posts\/684442\/revisions"}],"wp:featuredmedia":[{"embeddable":true,"href":"https:\/\/www.europesays.com\/fr\/wp-json\/wp\/v2\/media\/684443"}],"wp:attachment":[{"href":"https:\/\/www.europesays.com\/fr\/wp-json\/wp\/v2\/media?parent=684442"}],"wp:term":[{"taxonomy":"category","embeddable":true,"href":"https:\/\/www.europesays.com\/fr\/wp-json\/wp\/v2\/categories?post=684442"},{"taxonomy":"post_tag","embeddable":true,"href":"https:\/\/www.europesays.com\/fr\/wp-json\/wp\/v2\/tags?post=684442"}],"curies":[{"name":"wp","href":"https:\/\/api.w.org\/{rel}","templated":true}]}}