{"id":684507,"date":"2026-01-23T20:36:13","date_gmt":"2026-01-23T20:36:13","guid":{"rendered":"https:\/\/www.europesays.com\/fr\/684507\/"},"modified":"2026-01-23T20:36:13","modified_gmt":"2026-01-23T20:36:13","slug":"bureau-veritas-mastrad-danone-les-valeurs-a-suivre-lundi-a-paris-23-01-2026-a-1841","status":"publish","type":"post","link":"https:\/\/www.europesays.com\/fr\/684507\/","title":{"rendered":"Bureau Veritas, Mastrad, Danone&#8230; les valeurs \u00e0 suivre lundi \u00e0 Paris &#8211; 23\/01\/2026 \u00e0 18:41"},"content":{"rendered":"<p>\n (AOF) &#8211;<br \/>\n <strong><br \/>\n  <a href=\"https:\/\/www.boursorama.com\/cours\/1rPBVI\/\" target=\"_blank\" rel=\"noopener\"><br \/>\n   Bureau Veritas<br \/>\n  <\/a><br \/>\n <\/strong>\n<\/p>\n<p>\n Bureau Veritas a annonc\u00e9 l&rsquo;acquisition de SPIN360, un cabinet de conseil leader en Italie, sp\u00e9cialis\u00e9 dans l&rsquo;innovation et le d\u00e9veloppement durable aupr\u00e8s des plus grandes marques de modes premium et de luxe. Le montant de l&rsquo;op\u00e9ration n&rsquo;a pas \u00e9t\u00e9 d\u00e9voil\u00e9.\n<\/p>\n<p>\n <strong><br \/>\n  <a href=\"https:\/\/www.boursorama.com\/cours\/1rPBN\/\" target=\"_blank\" rel=\"noopener\"><br \/>\n   Danone<br \/>\n  <\/a><br \/>\n <\/strong>\n<\/p>\n<p>\n Dans un communiqu\u00e9 publi\u00e9 ce vendredi soir, Danone annonce qu&rsquo;il proc\u00e9dera au retrait, sur certains march\u00e9s cibl\u00e9s, d&rsquo;un nombre tr\u00e8s limit\u00e9 de lots sp\u00e9cifiques de laits infantiles.\n<\/p>\n<p>\n Egide\n<\/p>\n<p>\n Le sp\u00e9cialiste des bo\u00eetiers et connecteurs herm\u00e9tiques et des solutions de dissipation thermique pour composants \u00e9lectroniques sensibles livrera son chiffre d&rsquo;affaires annuel.\n<\/p>\n<p>\n <strong><br \/>\n  i2s<br \/>\n <\/strong>\n<\/p>\n<p>\n En 2025, le chiffre d&rsquo;affaires 2025 de i2s s&rsquo;\u00e9l\u00e8ve \u00e0 16,9 millions d&rsquo;euros, soit une baisse de 6% par rapport \u00e0 2024. Cette performance refl\u00e8te des dynamiques d&rsquo;activit\u00e9s contrast\u00e9es explique le groupe sp\u00e9cialis\u00e9 dans la conception, la fabrication et la commercialisation de syst\u00e8mes et d&rsquo;\u00e9quipements d&rsquo;imagerie.\n<\/p>\n<p>\n <strong><br \/>\n  <a href=\"https:\/\/www.boursorama.com\/cours\/1rPIDL\/\" target=\"_blank\" rel=\"noopener\"><br \/>\n   ID Logistics<br \/>\n  <\/a><br \/>\n <\/strong>\n<\/p>\n<p>\n Le sp\u00e9cialiste de la logistique contractuelle annoncera son chiffre d&rsquo;affaires du quatri\u00e8me trimestre.\n<\/p>\n<p>\n <strong><br \/>\n  Mastrad<br \/>\n <\/strong>\n<\/p>\n<p>\n L&rsquo;entreprise sp\u00e9cialis\u00e9e dans les ustensiles de cuisine a proc\u00e9d\u00e9, conform\u00e9ment au contrat d&rsquo;\u00e9mission sign\u00e9 le 31 juillet 2025 avec les fonds Hexagon Capital Fund et Beluga SCI, au d\u00e9blocage de la troisi\u00e8me tranche de son financement obligataire, ainsi qu&rsquo;\u00e0 une augmentation de capital cons\u00e9cutive \u00e0 un d\u00e9faut de paiement intervenu sur la deuxi\u00e8me tranche.\n<\/p>\n<p>\n <strong><br \/>\n  Omer Decugis<br \/>\n <\/strong>\n<\/p>\n<p>\n Le sp\u00e9cialiste des fruits et l\u00e9gumes frais et exotiques pr\u00e9sentera son chiffre d&rsquo;affaires du premier trimestre.<\/p>\n","protected":false},"excerpt":{"rendered":"(AOF) &#8211; Bureau Veritas Bureau Veritas a annonc\u00e9 l&rsquo;acquisition de SPIN360, un cabinet de conseil leader en Italie,&hellip;\n","protected":false},"author":2,"featured_media":17400,"comment_status":"","ping_status":"","sticky":false,"template":"","format":"standard","meta":{"footnotes":""},"categories":[1888],"tags":[400,1111,1928,11,1927,398,408,405,1777,674,1011,27,403,402,399,404,12,1926,626,1925,25,401,406,407],"class_list":{"0":"post-684507","1":"post","2":"type-post","3":"status-publish","4":"format-standard","5":"has-post-thumbnail","7":"category-paris","8":"tag-action-cac-40","9":"tag-actu","10":"tag-actu-paris","11":"tag-actualites","12":"tag-actualites-paris","13":"tag-bourse-de-paris","14":"tag-boursorama","15":"tag-cotations","16":"tag-eu","17":"tag-europe","18":"tag-fr","19":"tag-france","20":"tag-indices-devises","21":"tag-investir","22":"tag-investissement","23":"tag-marche-boursier","24":"tag-news","25":"tag-news-paris","26":"tag-paris","27":"tag-paris-news","28":"tag-republique-francaise","29":"tag-sicav","30":"tag-trackers","31":"tag-warrants"},"share_on_mastodon":{"url":"https:\/\/pubeurope.com\/@fr\/115946335983472877","error":""},"_links":{"self":[{"href":"https:\/\/www.europesays.com\/fr\/wp-json\/wp\/v2\/posts\/684507","targetHints":{"allow":["GET"]}}],"collection":[{"href":"https:\/\/www.europesays.com\/fr\/wp-json\/wp\/v2\/posts"}],"about":[{"href":"https:\/\/www.europesays.com\/fr\/wp-json\/wp\/v2\/types\/post"}],"author":[{"embeddable":true,"href":"https:\/\/www.europesays.com\/fr\/wp-json\/wp\/v2\/users\/2"}],"replies":[{"embeddable":true,"href":"https:\/\/www.europesays.com\/fr\/wp-json\/wp\/v2\/comments?post=684507"}],"version-history":[{"count":0,"href":"https:\/\/www.europesays.com\/fr\/wp-json\/wp\/v2\/posts\/684507\/revisions"}],"wp:featuredmedia":[{"embeddable":true,"href":"https:\/\/www.europesays.com\/fr\/wp-json\/wp\/v2\/media\/17400"}],"wp:attachment":[{"href":"https:\/\/www.europesays.com\/fr\/wp-json\/wp\/v2\/media?parent=684507"}],"wp:term":[{"taxonomy":"category","embeddable":true,"href":"https:\/\/www.europesays.com\/fr\/wp-json\/wp\/v2\/categories?post=684507"},{"taxonomy":"post_tag","embeddable":true,"href":"https:\/\/www.europesays.com\/fr\/wp-json\/wp\/v2\/tags?post=684507"}],"curies":[{"name":"wp","href":"https:\/\/api.w.org\/{rel}","templated":true}]}}