{"id":684521,"date":"2026-01-23T20:44:13","date_gmt":"2026-01-23T20:44:13","guid":{"rendered":"https:\/\/www.europesays.com\/fr\/684521\/"},"modified":"2026-01-23T20:44:13","modified_gmt":"2026-01-23T20:44:13","slug":"le-rapprochement-entre-lallemagne-et-litalie-se-fait-il-au-detriment-de-la-france","status":"publish","type":"post","link":"https:\/\/www.europesays.com\/fr\/684521\/","title":{"rendered":"Le rapprochement entre l\u2019Allemagne et l\u2019Italie se fait-il au d\u00e9triment de la France?"},"content":{"rendered":"<p class=\"mb-4 text-lg md:leading-8 break-words\">L\u2019Allemagne et l\u2019Italie resserrent leurs liens ces derniers mois, dans une volont\u00e9 de peser davantage sur les orientations europ\u00e9ennes. Ces deux puissances majeures ont des int\u00e9r\u00eats communs sur plusieurs dossiers, notamment l\u2019<strong><a href=\"https:\/\/www.rfi.fr\/fr\/tag\/immigration\/\" rel=\"nofollow noopener\" target=\"_blank\" data-ylk=\"slk:immigration;elm:context_link;itc:0;sec:content-canvas\" class=\"link \">immigration<\/a><\/strong>. \u00ab\u00a0Friedrich\u00a0Merz est tr\u00e8s sensible \u00e0 ces aspects migratoires pour des raisons de politique int\u00e9rieure, de la pression qui \u00e9mane de l&rsquo;extr\u00eame droite allemande, explique Hans Stark, sp\u00e9cialiste de la politique \u00e9trang\u00e8re de l&rsquo;Allemagne \u00e0 l&rsquo;IFRI, l\u2019Institut fran\u00e7ais des relations internationales.\u00a0Par cons\u00e9quent il a besoin de s&rsquo;entendre avec l&rsquo;Italie et l&rsquo;Espagne sur les routes migratoires et donc sur la protection du sud de l&rsquo;Europe. \u00bb<\/p>\n<p>Int\u00e9r\u00eats communs sur l\u2019immigration et sur l\u2019\u00e9conomie<\/p>\n<p class=\"mb-4 text-lg md:leading-8 break-words\">Sur le plan \u00e9conomique, l\u2019Allemagne est le premier partenaire commercial de l\u2019<strong><a href=\"https:\/\/www.rfi.fr\/fr\/tag\/italie\/\" rel=\"nofollow noopener\" target=\"_blank\" data-ylk=\"slk:Italie;elm:context_link;itc:0;sec:content-canvas\" class=\"link \">Italie<\/a><\/strong> et l\u00e0 aussi les deux pays partagent des int\u00e9r\u00eats communs. \u00ab\u00a0Ils ont besoin, comme nations exportatrices, que les pays restent ouverts, ne soient pas trop perturb\u00e9s, notamment le march\u00e9 am\u00e9ricain. Par ailleurs ce sont deux pays qui ont abandonn\u00e9 le nucl\u00e9aire et qui sont tr\u00e8s d\u00e9pendants des \u00e9nergies fossiles et ont besoin soit du gaz et p\u00e9trole russes, soit du p\u00e9trole am\u00e9ricain\u00a0\u00bb, explique Christophe Bouillaud, professeur \u00e0 l&rsquo;universit\u00e9 de Grenoble, sp\u00e9cialiste de l&rsquo;Italie.<\/p>\n<p class=\"mb-4 text-lg md:leading-8 break-words\">Leur attitude face \u00e0 Donald Trump est donc plus mesur\u00e9e que celle du pr\u00e9sident fran\u00e7ais Emmanuel Macron, apparu tr\u00e8s offensif contre le pr\u00e9sident am\u00e9ricain lors de son discours \u00e0 Davos. Friedrich Merz est certes plus ferme que Giorgia Meloni, qui m\u00e9nage constamment Donald Trump, mais il a besoin de ce canal de communication avec le pr\u00e9sident am\u00e9ricain. \u00ab Friedrich\u00a0Merz agit beaucoup dans le cadre E3 [Allemagne, France, Royaume-Uni &#8211; NDLR] dans tout ce qui a trait aux \u00c9tats-Unis et notamment \u00e0 l&rsquo;Ukraine, mais il ne faut pas que d\u2019autres pays, notamment l\u2019Italie, se sentent exclus\u00a0\u00bb, d\u00e9crypte Hans Stark.<\/p>\n<p class=\"mb-4 text-lg md:leading-8 break-words\">\u00c0 lire aussi<a href=\"https:\/\/www.rfi.fr\/fr\/europe\/20250517-giorgia-meloni-et-friedrich-merz-d-une-m\u00eame-voix-sur-l-immigration\" class=\"link \" rel=\"nofollow noopener\" target=\"_blank\" data-ylk=\"slk:Giorgia Meloni et Friedrich Merz d&#039;une m\u00eame voix sur l&#039;immigration;elm:context_link;itc:0;sec:content-canvas\">Giorgia Meloni et Friedrich Merz d&rsquo;une m\u00eame voix sur l&rsquo;immigration<\/a><\/p>\n<p>La France n\u2019est plus consid\u00e9r\u00e9e comme \u00ab\u00a0stable\u00a0\u00bb<\/p>\n<p class=\"mb-4 text-lg md:leading-8 break-words\">Le renforcement des liens entre l\u2019<strong><a href=\"https:\/\/www.rfi.fr\/fr\/tag\/allemagne\/\" rel=\"nofollow noopener\" target=\"_blank\" data-ylk=\"slk:Allemagne;elm:context_link;itc:0;sec:content-canvas\" class=\"link \">Allemagne<\/a><\/strong> et l\u2019Italie se fait aussi parce que les deux pays se consid\u00e8rent comme stables politiquement. \u00ab\u00a0Giorgia Meloni est en passe de battre un record de long\u00e9vit\u00e9 au pouvoir\u00a0et Friedrich Merz est quand m\u00eame appuy\u00e9 par une coalition de deux partis, qui ont tendance \u00e0 se chamailler mais qui ont l\u2019habitude de travailler ensemble, d\u00e9taille Christophe Bouillaud. Donc on a des pays qui paraissent plus stables que la France, qui a vraiment un probl\u00e8me de comptes publics, de stabilit\u00e9 politique, de tripartition de l\u2019espace politique. On a le sentiment que la France s\u2019appr\u00eate \u00e0 vivre une crise politique en 2027.\u00a0\u00bb<\/p>\n<p>Le couple franco-allemand n\u2019est pas pour autant remis en cause<\/p>\n<p class=\"mb-4 text-lg md:leading-8 break-words\">Exit la <strong><a href=\"https:\/\/www.rfi.fr\/fr\/tag\/france\/\" rel=\"nofollow noopener\" target=\"_blank\" data-ylk=\"slk:France;elm:context_link;itc:0;sec:content-canvas\" class=\"link \">France<\/a><\/strong>\u00a0? Le couple germano-italien est-il en passe de supplanter le couple franco-allemand\u00a0? Certes des divergences sont apparues r\u00e9cemment entre Paris et Berlin, notamment sur l\u2019accord de libre-\u00e9change entre l\u2019Union europ\u00e9enne et le Mercosur &#8211; groupe form\u00e9 par cinq\u00a0pays d\u2019Am\u00e9rique latine. Friedrich Merz d\u00e9fendait l\u2019accord, \u00e0 l\u2019inverse d\u2019Emmanuel Macron, mais pour autant, \u00ab\u00a0la relation n\u2019est pas remise en cause\u00a0\u00bb, analyse Paul Maurice, sp\u00e9cialiste des relations franco-allemandes \u00e0 l&rsquo;Ifri\u00a0: \u00ab\u00a0Le chancelier allemand discute avec toutes les puissances, c\u2019est le chancelier des Affaires \u00e9trang\u00e8res.\u00a0\u00bb Friedrich Merz aime en effet se pr\u00e9senter comme leader au sein de l\u2019UE, notamment sur le dossier ukrainien.<\/p>\n<p>Points de divergences entre l\u2019Allemagne et l\u2019Italie<\/p>\n<p class=\"mb-4 text-lg md:leading-8 break-words\">Des points de divergences demeurent toutefois entre Rome et Berlin. Sur la politique budg\u00e9taire europ\u00e9enne, l\u2019Italie pousse pour plus de souplesse, alors que l\u2019Allemagne a toujours \u00e9t\u00e9 partisane d\u2019une discipline de fer, m\u00eame si c\u2019est moins le cas aujourd\u2019hui.<\/p>\n<p class=\"mb-4 text-lg md:leading-8 break-words\">Sur l\u2019Ukraine, Giorgia Meloni s\u2019est oppos\u00e9e \u00e0 l\u2019utilisation des avoirs russes gel\u00e9s pour financer Kiev, alors que le chancelier allemand d\u00e9fendait ardemment cette solution, qui n\u2019a finalement pas \u00e9t\u00e9 adopt\u00e9e au Conseil europ\u00e9en de d\u00e9cembre dernier. \u00ab\u00a0Le gouvernement Meloni est d\u2019extr\u00eame droite avec notamment la Ligue, qui est tr\u00e8s pro-russe, tr\u00e8s pro-Donald Trump, et critique envers l\u2019Allemagne, rappelle Hans Stark qui conclut. Ce n\u2019est pas un partenaire facile avec qui on peut travailler. \u00bb<\/p>\n<p class=\"mb-4 text-lg md:leading-8 break-words\">\u00c0 lire aussi<a href=\"https:\/\/fr.news.yahoo.com\/%C3%A0-br%C3%A9gan%C3%A7on-emmanuel-macron-friedrich-234545694.html\" class=\"link  yahoo-link\" data-ylk=\"slk:\u00c0 Br\u00e9gan\u00e7on, Emmanuel Macron et Friedrich Merz tentent de relancer le couple franco-allemand;elm:context_link;itc:0;sec:content-canvas;outcm:mb_qualified_link;_E:mb_qualified_link;ct:story;\" target=\"_blank\" rel=\"noopener\">\u00c0 Br\u00e9gan\u00e7on, Emmanuel Macron et Friedrich Merz tentent de relancer le couple franco-allemand<\/a><\/p>\n","protected":false},"excerpt":{"rendered":"L\u2019Allemagne et l\u2019Italie resserrent leurs liens ces derniers mois, dans une volont\u00e9 de peser davantage sur les orientations&hellip;\n","protected":false},"author":2,"featured_media":684522,"comment_status":"","ping_status":"","sticky":false,"template":"","format":"standard","meta":{"footnotes":""},"categories":[1587],"tags":[11,672,1804,78165,78162,1805,1803,75,1777,674,4710,1801,3044,28800,78163,3442,78164,12,1802],"class_list":{"0":"post-684521","1":"post","2":"type-post","3":"status-publish","4":"format-standard","5":"has-post-thumbnail","7":"category-allemagne","8":"tag-actualites","9":"tag-allemagne","10":"tag-bundesrepublik-deutschland","11":"tag-canal-de-communication","12":"tag-christophe-bouillaud","13":"tag-de","14":"tag-deutschland","15":"tag-donald-trump","16":"tag-eu","17":"tag-europe","18":"tag-friedrich-merz","19":"tag-germany","20":"tag-giorgia-meloni","21":"tag-hans-stark","22":"tag-interets-communs","23":"tag-lallemagne","24":"tag-l39universite-de-grenoble","25":"tag-news","26":"tag-republique-federale-dallemagne"},"share_on_mastodon":{"url":"https:\/\/pubeurope.com\/@fr\/115946367467835668","error":""},"_links":{"self":[{"href":"https:\/\/www.europesays.com\/fr\/wp-json\/wp\/v2\/posts\/684521","targetHints":{"allow":["GET"]}}],"collection":[{"href":"https:\/\/www.europesays.com\/fr\/wp-json\/wp\/v2\/posts"}],"about":[{"href":"https:\/\/www.europesays.com\/fr\/wp-json\/wp\/v2\/types\/post"}],"author":[{"embeddable":true,"href":"https:\/\/www.europesays.com\/fr\/wp-json\/wp\/v2\/users\/2"}],"replies":[{"embeddable":true,"href":"https:\/\/www.europesays.com\/fr\/wp-json\/wp\/v2\/comments?post=684521"}],"version-history":[{"count":0,"href":"https:\/\/www.europesays.com\/fr\/wp-json\/wp\/v2\/posts\/684521\/revisions"}],"wp:featuredmedia":[{"embeddable":true,"href":"https:\/\/www.europesays.com\/fr\/wp-json\/wp\/v2\/media\/684522"}],"wp:attachment":[{"href":"https:\/\/www.europesays.com\/fr\/wp-json\/wp\/v2\/media?parent=684521"}],"wp:term":[{"taxonomy":"category","embeddable":true,"href":"https:\/\/www.europesays.com\/fr\/wp-json\/wp\/v2\/categories?post=684521"},{"taxonomy":"post_tag","embeddable":true,"href":"https:\/\/www.europesays.com\/fr\/wp-json\/wp\/v2\/tags?post=684521"}],"curies":[{"name":"wp","href":"https:\/\/api.w.org\/{rel}","templated":true}]}}