{"id":684525,"date":"2026-01-23T20:46:21","date_gmt":"2026-01-23T20:46:21","guid":{"rendered":"https:\/\/www.europesays.com\/fr\/684525\/"},"modified":"2026-01-23T20:46:21","modified_gmt":"2026-01-23T20:46:21","slug":"lallemagne-et-litalie-principaux-fabricants-de-lue-annoncent-une-alliance-pro-industrie","status":"publish","type":"post","link":"https:\/\/www.europesays.com\/fr\/684525\/","title":{"rendered":"L&rsquo;Allemagne et l&rsquo;Italie, principaux fabricants de l&rsquo;UE, annoncent une alliance pro-industrie"},"content":{"rendered":"<p>                    L&rsquo;Allemagne et l&rsquo;Italie se sont engag\u00e9es vendredi \u00e0 coordonner leurs efforts au sein de l&rsquo;Union europ\u00e9enne pour promouvoir la d\u00e9r\u00e9glementation de l&rsquo;industrie, signe que les deux plus grands fabricants du bloc cherchent \u00e0 renforcer leur alignement alors que leurs int\u00e9r\u00eats divergent de ceux d&rsquo;autres membres, dont la France.<\/p>\n<p>La Premi\u00e8re ministre italienne Giorgia Meloni et le chancelier allemand Friedrich Merz ont pr\u00e9sent\u00e9 un plan commun visant \u00e0 favoriser la simplification r\u00e9glementaire, une politique industrielle renforc\u00e9e et une coop\u00e9ration accrue dans les domaines de l&rsquo;\u00e9nergie, de la d\u00e9fense et des migrations.<\/p>\n<p>Les deux gouvernements estiment que l&rsquo;Europe doit renforcer sa capacit\u00e9 d&rsquo;action face \u00e0 la guerre de la Russie en Ukraine et \u00e0 des d\u00e9fis mondiaux plus larges, tout en stimulant la croissance et la r\u00e9silience de la base industrielle de l&rsquo;UE.<\/p>\n<p>Berlin et Rome constatent que leur puissance industrielle est de plus en plus \u00e9rod\u00e9e par la Chine et mise \u00e0 mal par les r\u00e8glements de l&rsquo;UE, notamment le soi-disant Pacte vert qui a boulevers\u00e9 le march\u00e9 automobile.<\/p>\n<p>\u00ab\u00a0Aujourd&rsquo;hui, je crois que l&rsquo;Italie et l&rsquo;Allemagne sont plus proches que jamais\u00a0\u00bb, a d\u00e9clar\u00e9 Meloni lors d&rsquo;une conf\u00e9rence de presse aux c\u00f4t\u00e9s de Merz, ajoutant que la transition \u00e9cologique de l&rsquo;UE avait \u00ab\u00a0mis nos industries \u00e0 genoux\u00a0\u00bb et renforc\u00e9 la Chine.<\/p>\n<p>Les r\u00e9centes tensions transatlantiques ont \u00e9galement mis en \u00e9vidence des divergences avec la France, dont le pr\u00e9sident Emmanuel Macron a plaid\u00e9 cette semaine pour une position ferme face \u00e0 Washington. L&rsquo;Allemagne et l&rsquo;Italie, principaux exportateurs de l&rsquo;UE vers les \u00c9tats-Unis, se sont montr\u00e9es plus prudentes publiquement.<\/p>\n<p>Bien que le parti de Meloni ait des racines \u00e0 l&rsquo;extr\u00eame droite, Merz la consid\u00e8re comme une alli\u00e9e pragmatique partageant sa priorit\u00e9 de protection de la base industrielle europ\u00e9enne, notamment dans la gestion des pressions am\u00e9ricaines concernant le Groenland, sans escalade.<\/p>\n<p>\u00ab\u00a0Au cours de cette semaine mouvement\u00e9e, nous avons \u00e9chang\u00e9 presque tous les jours sur la mani\u00e8re de g\u00e9rer la question difficile impliquant le Danemark et le Groenland\u00a0\u00bb, a d\u00e9clar\u00e9 Merz.<\/p>\n<p><b>L&rsquo;EUROPE \u00c0 LA TRA\u00ceNE, MENAC\u00c9E DE D\u00c9CLIN<\/b><\/p>\n<p>Dans leur plan d&rsquo;action de 19 pages, Berlin et Rome appellent \u00e0 une simplification des r\u00e8gles au sein de l&rsquo;UE \u00e0 27 et exhortent \u00e0 la \u00ab\u00a0retenue l\u00e9gislative et r\u00e9glementaire\u00a0\u00bb pour r\u00e9duire la paperasserie.<\/p>\n<p>Les deux nations soutiennent une int\u00e9gration plus pouss\u00e9e du march\u00e9 unique, en particulier dans les services, tout en mettant en avant les priorit\u00e9s industrielles, notamment les secteurs automobile et \u00e9nergivore.<\/p>\n<p>Leur volont\u00e9 de renforcer la coop\u00e9ration souligne l&rsquo;inqui\u00e9tude croissante des capitales europ\u00e9ennes face au risque de voir l&rsquo;UE prendre encore plus de retard sur les \u00c9tats-Unis et la Chine en mati\u00e8re de technologie, d&rsquo;industrie et de s\u00e9curit\u00e9 \u00e9conomique si les \u00c9tats membres n&rsquo;agissent pas de concert.<\/p>\n<p>Sur les mati\u00e8res premi\u00e8res critiques, ils s&rsquo;engagent \u00e0 collaborer pour s\u00e9curiser les cha\u00eenes d&rsquo;approvisionnement, afin de contrer l&rsquo;influence croissante de la Chine sur les prix. Face aux e-commer\u00e7ants chinois \u00e0 bas prix, ils demandent \u00e0 l&rsquo;UE d&rsquo;agir pour garantir une concurrence \u00e9quitable.<\/p>\n<p>Meloni et Merz ont affirm\u00e9 soutenir l&rsquo;entr\u00e9e en vigueur rapide d&rsquo;un accord commercial entre l&rsquo;UE et les pays d&rsquo;Am\u00e9rique du Sud et centrale\u00a0\u2013 un autre sujet de divergence avec Paris, qui souhaite davantage prot\u00e9ger les agriculteurs. Ils soutiennent \u00e9galement la finalisation d&rsquo;accords commerciaux indo-pacifiques.<\/p>\n<p>Les deux pays ont aussi sign\u00e9 un accord de coop\u00e9ration en mati\u00e8re de d\u00e9fense pour renforcer leur collaboration sur les syst\u00e8mes terrestres, a\u00e9riens, maritimes et de guerre \u00e9lectronique.<\/p>\n","protected":false},"excerpt":{"rendered":"L&rsquo;Allemagne et l&rsquo;Italie se sont engag\u00e9es vendredi \u00e0 coordonner leurs efforts au sein de l&rsquo;Union europ\u00e9enne pour promouvoir&hellip;\n","protected":false},"author":2,"featured_media":684526,"comment_status":"","ping_status":"","sticky":false,"template":"","format":"standard","meta":{"footnotes":""},"categories":[1586],"tags":[11,340,1777,674,1779,1011,27,12,25,1778,364],"class_list":{"0":"post-684525","1":"post","2":"type-post","3":"status-publish","4":"format-standard","5":"has-post-thumbnail","7":"category-europe","8":"tag-actualites","9":"tag-bourse","10":"tag-eu","11":"tag-europe","12":"tag-european-union","13":"tag-fr","14":"tag-france","15":"tag-news","16":"tag-republique-francaise","17":"tag-ue","18":"tag-union-europeenne"},"share_on_mastodon":{"url":"https:\/\/pubeurope.com\/@fr\/115946375390976004","error":""},"_links":{"self":[{"href":"https:\/\/www.europesays.com\/fr\/wp-json\/wp\/v2\/posts\/684525","targetHints":{"allow":["GET"]}}],"collection":[{"href":"https:\/\/www.europesays.com\/fr\/wp-json\/wp\/v2\/posts"}],"about":[{"href":"https:\/\/www.europesays.com\/fr\/wp-json\/wp\/v2\/types\/post"}],"author":[{"embeddable":true,"href":"https:\/\/www.europesays.com\/fr\/wp-json\/wp\/v2\/users\/2"}],"replies":[{"embeddable":true,"href":"https:\/\/www.europesays.com\/fr\/wp-json\/wp\/v2\/comments?post=684525"}],"version-history":[{"count":0,"href":"https:\/\/www.europesays.com\/fr\/wp-json\/wp\/v2\/posts\/684525\/revisions"}],"wp:featuredmedia":[{"embeddable":true,"href":"https:\/\/www.europesays.com\/fr\/wp-json\/wp\/v2\/media\/684526"}],"wp:attachment":[{"href":"https:\/\/www.europesays.com\/fr\/wp-json\/wp\/v2\/media?parent=684525"}],"wp:term":[{"taxonomy":"category","embeddable":true,"href":"https:\/\/www.europesays.com\/fr\/wp-json\/wp\/v2\/categories?post=684525"},{"taxonomy":"post_tag","embeddable":true,"href":"https:\/\/www.europesays.com\/fr\/wp-json\/wp\/v2\/tags?post=684525"}],"curies":[{"name":"wp","href":"https:\/\/api.w.org\/{rel}","templated":true}]}}