{"id":684539,"date":"2026-01-23T20:59:21","date_gmt":"2026-01-23T20:59:21","guid":{"rendered":"https:\/\/www.europesays.com\/fr\/684539\/"},"modified":"2026-01-23T20:59:21","modified_gmt":"2026-01-23T20:59:21","slug":"cyclisme-cyclo-cross-michael-vanthourenhout-va-manquer-deux-manches-de-la-coupe-du-monde","status":"publish","type":"post","link":"https:\/\/www.europesays.com\/fr\/684539\/","title":{"rendered":"Cyclisme. Cyclo-cross &#8211; Michael Vanthourenhout va manquer deux manches de la Coupe du Monde"},"content":{"rendered":"<p> Lire la suite de l&rsquo;article&#13;<\/p>\n<p>\u00a0<\/p>\n<p>&#13;<br \/>\n\u00ab\u00a0La maladie l\u2019a de nouveau frapp\u00e9\u00a0\u00bb&#13;<\/p>\n<p>\u00ab\u00a0En raison de la maladie, Michael a d\u00fb rentrer pr\u00e9matur\u00e9ment de Benidorm et a ainsi manqu\u00e9 la manche de Coupe du monde\u00a0\u00bb, indique son \u00e9quipe dans un communiqu\u00e9. \u00ab\u00a0La semaine pass\u00e9e, son \u00e9tat semblait s\u2019am\u00e9liorer, mais \u00e0 l\u2019approche du week-end de Coupe du monde \u00e0 Maasmechelen et Hoogerheide, la maladie l\u2019a de nouveau frapp\u00e9. Il devra donc assister depuis le bord du parcours \u00e0 la finale de la Coupe du monde.\u00a0\u00bb<\/p>\n<p>&#13;<\/p>\n<p>Plus t\u00f4t dans la saison, <strong>Vanthourenhout <\/strong>avait remport\u00e9 la manche de <strong>Coupe du monde <\/strong>en Sardaigne et figurait un temps en haut du classement g\u00e9n\u00e9ral. Mais son absence \u00e0 Benidorm et lors du week-end final l\u2019emp\u00eache d\u00e9sormais d\u2019esp\u00e9rer un bon classement final en <strong>Coupe du monde 2<\/strong>025-2026.<\/p>\n","protected":false},"excerpt":{"rendered":"Lire la suite de l&rsquo;article&#13; \u00a0 &#13; \u00ab\u00a0La maladie l\u2019a de nouveau frapp\u00e9\u00a0\u00bb&#13; \u00ab\u00a0En raison de la maladie,&hellip;\n","protected":false},"author":2,"featured_media":684540,"comment_status":"","ping_status":"","sticky":false,"template":"","format":"standard","meta":{"footnotes":""},"categories":[1411],"tags":[1154,207,59294,211,1011,27,60,210,212,208,213],"class_list":{"0":"post-684539","1":"post","2":"type-post","3":"status-publish","4":"format-standard","5":"has-post-thumbnail","7":"category-cyclisme","8":"tag-cycling","9":"tag-cyclisme","10":"tag-cyclo-cross","11":"tag-ffc","12":"tag-fr","13":"tag-france","14":"tag-sports","15":"tag-tour-de-france","16":"tag-uci","17":"tag-velo","18":"tag-world-tour"},"share_on_mastodon":{"url":"https:\/\/pubeurope.com\/@fr\/115946426512997942","error":""},"_links":{"self":[{"href":"https:\/\/www.europesays.com\/fr\/wp-json\/wp\/v2\/posts\/684539","targetHints":{"allow":["GET"]}}],"collection":[{"href":"https:\/\/www.europesays.com\/fr\/wp-json\/wp\/v2\/posts"}],"about":[{"href":"https:\/\/www.europesays.com\/fr\/wp-json\/wp\/v2\/types\/post"}],"author":[{"embeddable":true,"href":"https:\/\/www.europesays.com\/fr\/wp-json\/wp\/v2\/users\/2"}],"replies":[{"embeddable":true,"href":"https:\/\/www.europesays.com\/fr\/wp-json\/wp\/v2\/comments?post=684539"}],"version-history":[{"count":0,"href":"https:\/\/www.europesays.com\/fr\/wp-json\/wp\/v2\/posts\/684539\/revisions"}],"wp:featuredmedia":[{"embeddable":true,"href":"https:\/\/www.europesays.com\/fr\/wp-json\/wp\/v2\/media\/684540"}],"wp:attachment":[{"href":"https:\/\/www.europesays.com\/fr\/wp-json\/wp\/v2\/media?parent=684539"}],"wp:term":[{"taxonomy":"category","embeddable":true,"href":"https:\/\/www.europesays.com\/fr\/wp-json\/wp\/v2\/categories?post=684539"},{"taxonomy":"post_tag","embeddable":true,"href":"https:\/\/www.europesays.com\/fr\/wp-json\/wp\/v2\/tags?post=684539"}],"curies":[{"name":"wp","href":"https:\/\/api.w.org\/{rel}","templated":true}]}}