{"id":684543,"date":"2026-01-23T21:01:11","date_gmt":"2026-01-23T21:01:11","guid":{"rendered":"https:\/\/www.europesays.com\/fr\/684543\/"},"modified":"2026-01-23T21:01:11","modified_gmt":"2026-01-23T21:01:11","slug":"le-rappeur-doums-en-garde-a-vue-a-paris-pour-violences-conjugales-sur-lactrice-adele-exarchopoulos","status":"publish","type":"post","link":"https:\/\/www.europesays.com\/fr\/684543\/","title":{"rendered":"Le rappeur Doums en garde \u00e0 vue \u00e0 Paris pour violences conjugales sur l&rsquo;actrice Ad\u00e8le Exarchopoulos"},"content":{"rendered":"<p>Le rappeur Doums a \u00e9t\u00e9 plac\u00e9 en garde \u00e0 vue \u00e0 Paris apr\u00e8s une plainte de son ex-compagne, <a href=\"https:\/\/www.laprovence.com\/article\/faits-divers-justice\/13415445127398\/le-rappeur-doums-soupconne-de-violences-conjugales-place-en-garde-a-vue\" target=\"_blank\" rel=\"noopener\">l&rsquo;actrice Ad\u00e8le Exarchopoulos<\/a>, qui l&rsquo;accuse de violences conjugales de 2017 \u00e0 2024, ont indiqu\u00e9 vendredi des sources concordantes \u00e0 l&rsquo;AFP.<\/p>\n<p>Le rappeur, de son vrai nom Mamadou Coulibaly, a \u00e9t\u00e9 plac\u00e9 en garde \u00e0 vue jeudi, a indiqu\u00e9 le parquet, qui confirmait une information du Parisien.<\/p>\n<p>Il est interrog\u00e9 dans un commissariat parisien pour violences habituelles par conjoint et non respect d&rsquo;une ordonnance de protection, a pr\u00e9cis\u00e9 une source polici\u00e8re \u00e0 l&rsquo;AFP.<\/p>\n","protected":false},"excerpt":{"rendered":"Le rappeur Doums a \u00e9t\u00e9 plac\u00e9 en garde \u00e0 vue \u00e0 Paris apr\u00e8s une plainte de son ex-compagne,&hellip;\n","protected":false},"author":2,"featured_media":684544,"comment_status":"","ping_status":"","sticky":false,"template":"","format":"standard","meta":{"footnotes":""},"categories":[1359],"tags":[5734,58,78176,59,274,1011,27,8712,626,973,471,6198,2949,13373],"class_list":{"0":"post-684543","1":"post","2":"type-post","3":"status-publish","4":"format-standard","5":"has-post-thumbnail","7":"category-people","8":"tag-5734","9":"tag-divertissement","10":"tag-doums","11":"tag-entertainment","12":"tag-faits-divers-justice","13":"tag-fr","14":"tag-france","15":"tag-garde","16":"tag-paris","17":"tag-people","18":"tag-pour","19":"tag-rappeur","20":"tag-violences","21":"tag-vue"},"share_on_mastodon":{"url":"https:\/\/pubeurope.com\/@fr\/115946434314850932","error":""},"_links":{"self":[{"href":"https:\/\/www.europesays.com\/fr\/wp-json\/wp\/v2\/posts\/684543","targetHints":{"allow":["GET"]}}],"collection":[{"href":"https:\/\/www.europesays.com\/fr\/wp-json\/wp\/v2\/posts"}],"about":[{"href":"https:\/\/www.europesays.com\/fr\/wp-json\/wp\/v2\/types\/post"}],"author":[{"embeddable":true,"href":"https:\/\/www.europesays.com\/fr\/wp-json\/wp\/v2\/users\/2"}],"replies":[{"embeddable":true,"href":"https:\/\/www.europesays.com\/fr\/wp-json\/wp\/v2\/comments?post=684543"}],"version-history":[{"count":0,"href":"https:\/\/www.europesays.com\/fr\/wp-json\/wp\/v2\/posts\/684543\/revisions"}],"wp:featuredmedia":[{"embeddable":true,"href":"https:\/\/www.europesays.com\/fr\/wp-json\/wp\/v2\/media\/684544"}],"wp:attachment":[{"href":"https:\/\/www.europesays.com\/fr\/wp-json\/wp\/v2\/media?parent=684543"}],"wp:term":[{"taxonomy":"category","embeddable":true,"href":"https:\/\/www.europesays.com\/fr\/wp-json\/wp\/v2\/categories?post=684543"},{"taxonomy":"post_tag","embeddable":true,"href":"https:\/\/www.europesays.com\/fr\/wp-json\/wp\/v2\/tags?post=684543"}],"curies":[{"name":"wp","href":"https:\/\/api.w.org\/{rel}","templated":true}]}}