{"id":68456,"date":"2025-05-02T04:20:09","date_gmt":"2025-05-02T04:20:09","guid":{"rendered":"https:\/\/www.europesays.com\/fr\/68456\/"},"modified":"2025-05-02T04:20:09","modified_gmt":"2025-05-02T04:20:09","slug":"le-retour-des-rodeos-rue-edouard-herriot-ravive-les-souvenirs-traumatiques-de-la-presquile-en-colere","status":"publish","type":"post","link":"https:\/\/www.europesays.com\/fr\/68456\/","title":{"rendered":"le retour des rod\u00e9os rue Edouard-Herriot ravive les souvenirs traumatiques de la Presqu\u2019\u00eele en col\u00e8re"},"content":{"rendered":"<p>Alors que le week-end pointe \u00e0 nouveau le bout de son nez, Martine et son \u00e9poux, appr\u00e9hendent. Le couple d\u2019octog\u00e9naires qui vit dans un appartement rue Edouard-Herriot, \u00e0 l\u2019angle de la rue Thomassin, redoute qu\u2019une nouvelle fois, leur rue soit le th\u00e9\u00e2tre de rod\u00e9os urbains.<\/p>\n<p>Concerts de klaxons qui durent de longues minutes sans interruption, chauffards qui remontent jusqu\u2019aux Terreaux en faisant vrombir les moteurs\u2026 \u00ab\u00a0Cela fait trois week-ends de suite que l\u2019on ne dort plus la nuit. Entre minuit et 3 heures du matin, ils font n\u2019importe quoi. A notre \u00e2ge, c\u2019est tr\u00e8s compliqu\u00e9 de se rendormir apr\u00e8s. Le dernier samedi, c\u2019\u00e9tait \u00e9pouvantable\u00a0\u00bb, relate Martine qui a tent\u00e9 d\u2019aller porter plainte. En vain.<\/p>\n<p>\u00ab\u00a0Laxisme\u00a0\u00bb<\/p>\n<p>\u00ab\u00a0Je ne sais pas si on va tenir encore deux mois comme \u00e7a. Il faut y mettre un terme \u00bb, dit-elle. Dans un mail, qu\u2019elle qualifie elle-m\u00eame, \u00ab\u00a0d\u2019incendiaire\u00a0\u00bb, elle a \u00e9crit aux \u00e9lus de Lyon, pour leur dire qu\u2019ils ne \u00ab\u00a0servent \u00e0 rien\u00a0\u00bb. D\u00e9noncer le \u00ab\u00a0laxisme\u00a0\u00bb. Et r\u00e9clamer le retour&#8230;<\/p>\n","protected":false},"excerpt":{"rendered":"Alors que le week-end pointe \u00e0 nouveau le bout de son nez, Martine et son \u00e9poux, appr\u00e9hendent. Le&hellip;\n","protected":false},"author":2,"featured_media":68457,"comment_status":"","ping_status":"","sticky":false,"template":"","format":"standard","meta":{"footnotes":""},"categories":[1889],"tags":[1111,11,2430,3542,2757,1777,674,274,107,1011,27,2428,2756,12,25,2429,273,3151,2803],"class_list":{"0":"post-68456","1":"post","2":"type-post","3":"status-publish","4":"format-standard","5":"has-post-thumbnail","7":"category-lyon","8":"tag-actu","9":"tag-actualites","10":"tag-auvergne-rhone-alpes","11":"tag-circulation","12":"tag-edition-lyon-villeurbanne","13":"tag-eu","14":"tag-europe","15":"tag-faits-divers-justice","16":"tag-fil-info","17":"tag-fr","18":"tag-france","19":"tag-lyon","20":"tag-lyon-bassin","21":"tag-news","22":"tag-republique-francaise","23":"tag-rhone","24":"tag-selection-de-la-redaction","25":"tag-selection-de-la-redaction-69","26":"tag-transport"},"share_on_mastodon":{"url":"https:\/\/pubeurope.com\/@fr\/114436323658640902","error":""},"_links":{"self":[{"href":"https:\/\/www.europesays.com\/fr\/wp-json\/wp\/v2\/posts\/68456","targetHints":{"allow":["GET"]}}],"collection":[{"href":"https:\/\/www.europesays.com\/fr\/wp-json\/wp\/v2\/posts"}],"about":[{"href":"https:\/\/www.europesays.com\/fr\/wp-json\/wp\/v2\/types\/post"}],"author":[{"embeddable":true,"href":"https:\/\/www.europesays.com\/fr\/wp-json\/wp\/v2\/users\/2"}],"replies":[{"embeddable":true,"href":"https:\/\/www.europesays.com\/fr\/wp-json\/wp\/v2\/comments?post=68456"}],"version-history":[{"count":0,"href":"https:\/\/www.europesays.com\/fr\/wp-json\/wp\/v2\/posts\/68456\/revisions"}],"wp:featuredmedia":[{"embeddable":true,"href":"https:\/\/www.europesays.com\/fr\/wp-json\/wp\/v2\/media\/68457"}],"wp:attachment":[{"href":"https:\/\/www.europesays.com\/fr\/wp-json\/wp\/v2\/media?parent=68456"}],"wp:term":[{"taxonomy":"category","embeddable":true,"href":"https:\/\/www.europesays.com\/fr\/wp-json\/wp\/v2\/categories?post=68456"},{"taxonomy":"post_tag","embeddable":true,"href":"https:\/\/www.europesays.com\/fr\/wp-json\/wp\/v2\/tags?post=68456"}],"curies":[{"name":"wp","href":"https:\/\/api.w.org\/{rel}","templated":true}]}}