{"id":684640,"date":"2026-01-23T22:00:19","date_gmt":"2026-01-23T22:00:19","guid":{"rendered":"https:\/\/www.europesays.com\/fr\/684640\/"},"modified":"2026-01-23T22:00:19","modified_gmt":"2026-01-23T22:00:19","slug":"merz-aspire-a-resserrer-les-liens-entre-lallemagne-et-litalie-en-raison-de-ses-relations-tendues-avec-macron-business-am","status":"publish","type":"post","link":"https:\/\/www.europesays.com\/fr\/684640\/","title":{"rendered":"Merz aspire \u00e0 resserrer les liens entre l&rsquo;Allemagne et l&rsquo;Italie en raison de ses relations tendues avec Macron &#8211; Business AM"},"content":{"rendered":"<p>                    <img decoding=\"async\" style=\"aspect-ratio:16\/9\" src=\"https:\/\/www.europesays.com\/fr\/wp-content\/uploads\/2026\/01\/Friedrich-Merz-Giorgia-Meloni-Duitsland-Italie-allemagne-italie-1.jpg\" width=\"100%\" loading=\"eager\"\/><\/p>\n<p>                            <a href=\"https:\/\/fr.businessam.be\/author\/redactie\/\" class=\"author-thumbnail\" style=\"border: 2px inset #00000099;\" target=\"_blank\" rel=\"noopener\"><img loading=\"lazy\" decoding=\"async\" src=\"https:\/\/www.europesays.com\/fr\/wp-content\/uploads\/2026\/01\/1769205619_398_cropped-favicon-192x192.png\" width=\"80\" height=\"80\" alt=\"Business AM\"\/><\/a>\ue05bpar <a href=\"https:\/\/fr.businessam.be\/author\/redactie\/\" target=\"_blank\" rel=\"noopener\">Business AM<\/a><br \/>\ue010publi\u00e9 le vendredi 23 janvier 2026 \u00e0 19:16 \u2022 <br \/>\ue00c3 min de lecture<\/p>\n<p>Principaux renseignements<\/p>\n<ul class=\"wp-block-list\">\n<li><strong>L\u2019Allemagne cherche \u00e0 renforcer ses relations avec l\u2019Italie dans un contexte de tensions croissantes avec la France sur la politique commerciale et la gestion des relations avec les \u00c9tats-Unis.<\/strong><\/li>\n<li><strong>Merz et Meloni souhaitent proposer des solutions \u00e9conomiques innovantes et donner la priorit\u00e9 \u00e0 la comp\u00e9titivit\u00e9 des entreprises au sein de l\u2019UE.<\/strong><\/li>\n<li><strong>Les tensions transatlantiques, illustr\u00e9es par la crise du Groenland et les \u00e9ventuels droits de douane am\u00e9ricains, mettent en \u00e9vidence les divergences de vision entre l\u2019Allemagne et la France concernant l\u2019UE.<\/strong><\/li>\n<\/ul>\n<p>Le chancelier allemand Friedrich Merz cherche \u00e0 renforcer les liens avec l\u2019Italie dans un contexte de tensions croissantes entre l\u2019Allemagne et la France concernant la politique commerciale europ\u00e9enne et la gestion du pr\u00e9sident am\u00e9ricain Donald Trump. Merz rencontrera la Premi\u00e8re ministre italienne Giorgia Meloni \u00e0 Rome pour une r\u00e9union conjointe des cabinets, au cours de laquelle ils discuteront des strat\u00e9gies visant \u00e0 renforcer les \u00e9conomies europ\u00e9ennes et \u00e0 r\u00e9duire leur vuln\u00e9rabilit\u00e9 aux pressions ext\u00e9rieures exerc\u00e9es par leurs partenaires commerciaux et les puissances mondiales.<\/p>\n<p>Innovations \u00e9conomiques<\/p>\n<p>Dans un discours prononc\u00e9 lors du <a href=\"https:\/\/fr.businessam.be\/des-dirigeants-mondiaux-de-130-pays-se-reunissent-a-davos-pour-le-forum-economique-mondial\/\" type=\"link\" id=\"https:\/\/fr.businessam.be\/des-dirigeants-mondiaux-de-130-pays-se-reunissent-a-davos-pour-le-forum-economique-mondial\/\" target=\"_blank\" rel=\"noopener\">Forum \u00e9conomique mondial de Davos<\/a>, Merz a exprim\u00e9 son espoir que l\u2019initiative germano-italienne g\u00e9n\u00e8re des id\u00e9es innovantes pour la croissance \u00e9conomique. Il a appel\u00e9 \u00e0 une restructuration du budget de l\u2019UE afin de donner la priorit\u00e9 \u00e0 la comp\u00e9titivit\u00e9 des entreprises, soulignant la n\u00e9cessit\u00e9 d\u2019une \u00ab Europe rapide et dynamique \u00bb. Les deux dirigeants pr\u00e9voient de pr\u00e9senter leurs propositions aux autres chefs d\u2019\u00c9tat de l\u2019UE lors d\u2019un sommet consacr\u00e9 \u00e0 la comp\u00e9titivit\u00e9 europ\u00e9enne qui se tiendra \u00e0 Bruxelles le 12 f\u00e9vrier.<\/p>\n<p>Tensions transatlantiques<\/p>\n<p>Cette r\u00e9union fait suite \u00e0 une semaine tumultueuse marqu\u00e9e par des menaces d\u2019augmentation des droits de douane am\u00e9ricains \u00e0 l\u2019encontre des entreprises europ\u00e9ennes. Trump a tent\u00e9 de faire pression sur le Danemark pour qu\u2019il c\u00e8de sa souverainet\u00e9 sur le Groenland aux \u00c9tats-Unis, ce qui a conduit \u00e0 un accord qui renforcerait consid\u00e9rablement la pr\u00e9sence am\u00e9ricaine sur l\u2019\u00eele. Cet incident a mis en \u00e9vidence la fragilit\u00e9 des relations transatlantiques et r\u00e9v\u00e9l\u00e9 les divisions croissantes entre Berlin et Paris.<\/p>\n<p>Des visions divergentes<\/p>\n<p>Si l\u2019Allemagne et la France ont toujours eu des visions diff\u00e9rentes de l\u2019UE, la France favorisant l\u2019augmentation des emprunts et le contr\u00f4le centralis\u00e9 tandis que l\u2019Allemagne pr\u00f4ne la rigueur budg\u00e9taire, les tensions r\u00e9centes avec les \u00c9tats-Unis exacerbent encore ces divergences. La forte d\u00e9pendance de l\u2019Allemagne \u00e0 l\u2019\u00e9gard des exportations vers les \u00c9tats-Unis contribue \u00e0 cette divergence.<\/p>\n<p>Pendant la crise du Groenland, le pr\u00e9sident fran\u00e7ais Emmanuel Macron a pr\u00e9conis\u00e9 l\u2019activation de l\u2019instrument anti-coercition, un outil puissant qui conf\u00e8re \u00e0 la Commission europ\u00e9enne le pouvoir de riposter contre les puissances \u00e9trang\u00e8res qui tentent d\u2019imposer des changements majeurs au bloc. Merz, soucieux des int\u00e9r\u00eats commerciaux allemands, a publiquement critiqu\u00e9 la position de Macron, soulignant que l\u2019exposition de la France aux droits de douane am\u00e9ricains diff\u00e9rait de celle de l\u2019Allemagne et justifiant le d\u00e9sir de Macron d\u2019une r\u00e9ponse plus forte.<\/p>\n<p><a href=\"https:\/\/news.google.com\/publications\/CAowtseUCw?hl=fr&amp;gl=BE&amp;ceid=BE%3Afr\" target=\"_blank\" rel=\"noopener\">Suivez \u00e9galement Business AM sur Google Actualit\u00e9s<\/a><\/p>\n<p><a href=\"https:\/\/portalfr.businessam.be\/plans\/business-am-fr-offre-dete\/\" target=\"_blank\" rel=\"noopener\">Si vous souhaitez acc\u00e9der \u00e0 tous les articles, abonnez-vous ici!<\/a><\/p>\n","protected":false},"excerpt":{"rendered":"\ue05bpar Business AM\ue010publi\u00e9 le vendredi 23 janvier 2026 \u00e0 19:16 \u2022 \ue00c3 min de lecture Principaux renseignements L\u2019Allemagne&hellip;\n","protected":false},"author":2,"featured_media":684641,"comment_status":"","ping_status":"","sticky":false,"template":"","format":"standard","meta":{"footnotes":""},"categories":[1587],"tags":[11,672,1804,1805,1803,1777,674,4710,1801,3044,452,12,1802],"class_list":{"0":"post-684640","1":"post","2":"type-post","3":"status-publish","4":"format-standard","5":"has-post-thumbnail","7":"category-allemagne","8":"tag-actualites","9":"tag-allemagne","10":"tag-bundesrepublik-deutschland","11":"tag-de","12":"tag-deutschland","13":"tag-eu","14":"tag-europe","15":"tag-friedrich-merz","16":"tag-germany","17":"tag-giorgia-meloni","18":"tag-italie","19":"tag-news","20":"tag-republique-federale-dallemagne"},"share_on_mastodon":{"url":"https:\/\/pubeurope.com\/@fr\/115946666442050817","error":""},"_links":{"self":[{"href":"https:\/\/www.europesays.com\/fr\/wp-json\/wp\/v2\/posts\/684640","targetHints":{"allow":["GET"]}}],"collection":[{"href":"https:\/\/www.europesays.com\/fr\/wp-json\/wp\/v2\/posts"}],"about":[{"href":"https:\/\/www.europesays.com\/fr\/wp-json\/wp\/v2\/types\/post"}],"author":[{"embeddable":true,"href":"https:\/\/www.europesays.com\/fr\/wp-json\/wp\/v2\/users\/2"}],"replies":[{"embeddable":true,"href":"https:\/\/www.europesays.com\/fr\/wp-json\/wp\/v2\/comments?post=684640"}],"version-history":[{"count":0,"href":"https:\/\/www.europesays.com\/fr\/wp-json\/wp\/v2\/posts\/684640\/revisions"}],"wp:featuredmedia":[{"embeddable":true,"href":"https:\/\/www.europesays.com\/fr\/wp-json\/wp\/v2\/media\/684641"}],"wp:attachment":[{"href":"https:\/\/www.europesays.com\/fr\/wp-json\/wp\/v2\/media?parent=684640"}],"wp:term":[{"taxonomy":"category","embeddable":true,"href":"https:\/\/www.europesays.com\/fr\/wp-json\/wp\/v2\/categories?post=684640"},{"taxonomy":"post_tag","embeddable":true,"href":"https:\/\/www.europesays.com\/fr\/wp-json\/wp\/v2\/tags?post=684640"}],"curies":[{"name":"wp","href":"https:\/\/api.w.org\/{rel}","templated":true}]}}