{"id":684714,"date":"2026-01-23T22:46:34","date_gmt":"2026-01-23T22:46:34","guid":{"rendered":"https:\/\/www.europesays.com\/fr\/684714\/"},"modified":"2026-01-23T22:46:34","modified_gmt":"2026-01-23T22:46:34","slug":"8-spectacles-a-voir-pour-une-annee-2026-memorable","status":"publish","type":"post","link":"https:\/\/www.europesays.com\/fr\/684714\/","title":{"rendered":"8 spectacles \u00e0 voir pour une ann\u00e9e 2026 m\u00e9morable"},"content":{"rendered":"<p><b>On vous aurait bien conseill\u00e9 <\/b><b>Les gros patinent bien<\/b><b>, pi\u00e8ce \u00e0 succ\u00e8s \u00ab Moli\u00e8ris\u00e9e \u00bb, mais elle affiche complet. Rassurons-nous : notre ville ne manque pas d\u2019offre culturelle. S\u2019il serait bien difficile de couvrir toute son actualit\u00e9, voici 8 spectacles qui ont piqu\u00e9 notre curiosit\u00e9 dans l\u2019agenda strasbourgeois : du seul-en-sc\u00e8ne au grand ballet, du conte sombre au clown joyeux, des coulisses du th\u00e9\u00e2tre \u00e0 la mascarade du d\u00e9bat t\u00e9l\u00e9vis\u00e9. En bonus : de nombreux festivals \u00e0 suivre de pr\u00e8s.<\/b><\/p>\n<p>\u00ab\u00a0Hamlet\u00a0\u00bb \u00e0 l&rsquo;Op\u00e9ra national du Rhin<\/p>\n<p>En d\u00e9but de saison, nous t\u2019avions conseill\u00e9 3 spectacles \u00e0 voir \u00e0 <b>l\u2019Op\u00e9ra national du Rhin (OnR)<\/b> : de l\u2019op\u00e9ra avec Le Miracle d\u2019H\u00e9liane et Le Roi d\u2019Ys, et une com\u00e9die musicale de Broadway, avec Follies.<\/p>\n<p>Cependant, profitons de cette s\u00e9lection pour parler aussi de leur prochaine cr\u00e9ation,<b>\u00a0l\u2019adaptation en ballet d\u2019<\/b><b>Hamlet<\/b><b>, imagin\u00e9e par Bryan Arias <\/b>(n\u00e9 \u00e0 Porto Rico et \u00e9lev\u00e9 \u00e0 New York). Pour le Ballet de l\u2019OnR, le chor\u00e9graphe s\u2019empare ainsi d\u2019un <b>grand classique de Shakespeare<\/b>, pourtant rarement investi par la danse.<\/p>\n<\/p>\n<p>Ici, il \u00ab\u00a0renouvelle [la port\u00e9e de l\u2019intrigue] en choisissant de la <b>raconter du point de vue d\u2019Oph\u00e9lie<\/b>, dans <b>un univers \u00e9l\u00e9gant<\/b>, m\u00ealant des r\u00e9f\u00e9rences de l\u2019\u00e9poque \u00e9lisab\u00e9thaine au minimalisme contemporain\u00a0\u00bb. Pour habiller cette trag\u00e9die, <b>l\u2019Orchestre national de Mulhouse<\/b> jouera \u00ab\u00a0des \u0153uvres \u00e9vocatrices de Sibelius, Tcha\u00efkovski et Chostakovitch\u00a0\u00bb s\u00e9lectionn\u00e9es par Tanguy de Williencourt (\u00e0 la direction musicale).<\/p>\n<p>\u00c0 d\u00e9couvrir d\u00e8s ce mois-ci \u00e0 la Filature de Mulhouse, et <b>du 8 au 13 f\u00e9vrier \u00e0 l\u2019Op\u00e9ra de Strasbourg<\/b>.<\/p>\n<p align=\"CENTER\"><b>Quand et o\u00f9\u00a0?<br \/><\/b>Du 30 janvier au 13 f\u00e9vrier<br \/>\u00c0 l\u2019Op\u00e9ra national du Rhin de Strasbourg et \u00e0 la Filature de Mulhouse<br \/><a href=\"https:\/\/www.operanationaldurhin.eu\/fr\/spectacles\/saison-2526\/dance\/hamlet\" target=\"_blank\" rel=\"noopener\">+ d\u2019infos<\/a><\/p>\n<p>                <a href=\"https:\/\/pokaa.fr\/2025\/10\/03\/comedie-musicale-chefs-doeuvre-3-spectacles-a-ne-pas-manquer-a-lopera-de-strasbourg\/\" target=\"_blank\" rel=\"noopener\"><br \/>\n                    <img width=\"450\" height=\"270\" src=\"https:\/\/www.europesays.com\/fr\/wp-content\/uploads\/2026\/01\/b1-2-450x270.png\" class=\"attachment-card-horizontal--same-subject size-card-horizontal--same-subject wp-post-image\" alt=\"\" decoding=\"async\" loading=\"lazy\"\/>                <\/a><\/p>\n<p>    <img width=\"800\" height=\"600\" src=\"https:\/\/www.europesays.com\/fr\/wp-content\/uploads\/2026\/01\/img-2727-800x600.jpeg\" class=\"attachment-image-size-L size-image-size-L\" alt=\"op\u00e9ra\" decoding=\"async\" loading=\"lazy\"  \/>         \u00a9 Anthony Jilli \/ Pokaa <\/p>\n<p>\u00ab\u00a0Jubil\u00e4\u00a0\u00bb au TJP \u2013 CDN Strasbourg<\/p>\n<p>Plus confidentiel et familial, on vous conseillera aussi <b>le surprenant seul-en-sc\u00e8ne de Le\u00efla Martial <\/b>(Compagnie La Barde)\u00a0: <b>Jubil\u00e4<\/b><b>, au TJP \u2013 CDN Strasbourg, du 4 au 12 f\u00e9vrier<\/b>.<\/p>\n<p>Accessible d\u00e8s 8 ans, ce <b>\u00ab\u00a0solo <\/b><strong><b>clownesque pour vocaliste multi-timbr\u00e9e\u00a0\u00bb<\/b><\/strong> nous entra\u00eene<strong> avec humour et virtuosit\u00e9 <\/strong>dans l\u2019univers musical bigarr\u00e9 de l\u2019artiste, compos\u00e9 d\u2019influences vari\u00e9es : des Tziganes aux Pygm\u00e9es en passant par le rap, ou Bach. Un vrai \u00ab\u00a0voyage sonore\u00a0\u00bb qui nous pique au c\u0153ur.<\/p>\n<p align=\"CENTER\"><b>Quand et o\u00f9\u00a0?<br \/><\/b>Du 4 au 12 f\u00e9vrier.<br \/>Au TJP \u2013 CDN Strasbourg (Petite Sc\u00e8ne)<br \/><a href=\"https:\/\/tjp-strasbourg.com\/spectacle\/jubila\/\" target=\"_blank\" rel=\"noopener\">+ d\u2019infos<\/a><\/p>\n<\/p>\n<p>                <img width=\"888\" height=\"500\" src=\"https:\/\/www.europesays.com\/fr\/wp-content\/uploads\/2026\/01\/5-jubila-gael-morvan-desktop-888x500.jpg\" class=\"attachment-gallery size-gallery\" alt=\"jubila TJP\" data-full-url=\"https:\/\/pokaa.fr\/wp-content\/uploads\/2026\/01\/21\/5-jubila-gael-morvan-desktop.jpg\" decoding=\"async\" loading=\"lazy\"  \/>            <\/p>\n<p>                <img width=\"888\" height=\"500\" src=\"https:\/\/www.europesays.com\/fr\/wp-content\/uploads\/2026\/01\/3-jubila-gael-morvan-desktop-888x500.jpg\" class=\"attachment-gallery size-gallery\" alt=\"jubila TJP\" data-full-url=\"https:\/\/pokaa.fr\/wp-content\/uploads\/2026\/01\/21\/3-jubila-gael-morvan-desktop.jpg\" decoding=\"async\" loading=\"lazy\"  \/>            <\/p>\n<p>                <img width=\"888\" height=\"500\" src=\"https:\/\/www.europesays.com\/fr\/wp-content\/uploads\/2026\/01\/4-jubila-gael-morvan-desktop-888x500.jpg\" class=\"attachment-gallery size-gallery\" alt=\"jubila TJP\" data-full-url=\"https:\/\/pokaa.fr\/wp-content\/uploads\/2026\/01\/21\/4-jubila-gael-morvan-desktop.jpg\" decoding=\"async\" loading=\"lazy\"  \/>            <\/p>\n<p>                    \u00ab\u00a0Jubil\u00e4\u00a0\u00bb de Le\u00efla Martial. \u00a9 Gael Morvan \/ Captures d&rsquo;\u00e9cran<\/p>\n<p>\u00ab\u00a0People Will People You\u00a0\u00bb au TJP \u2013 CDN Strasbourg<\/p>\n<p>Grande figure de la performance, l\u2019artiste prot\u00e9iforme sud-africain <b>Steven Cohen<\/b> (\u00e0 la fois performeur, chor\u00e9graphe et plasticien) arrive \u00e0 Strasbourg, <b>du 12 au 14 mars<\/b>. Il pr\u00e9sentera<b> <\/b><strong>dans le cadre des Micro Giboul\u00e9es<\/strong><b> <\/b>(toujours au TJP \u2013 CDN Strasbourg), ce qui sera peut-\u00eatre <b>son dernier spectacle\u00a0: <\/b><b>People Will People You<\/b>.<\/p>\n<p>    <img width=\"800\" height=\"533\" src=\"https:\/\/www.europesays.com\/fr\/wp-content\/uploads\/2026\/01\/people-will-people-you-luke-pallett-800x533.webp.webp\" class=\"attachment-image-size-L size-image-size-L\" alt=\"people will people you steven cohen tjp\" decoding=\"async\" loading=\"lazy\"  \/>         \u00ab People will people you\u00a0\u00bb de Steven Cohen. \u00a9 Luke Pallett \/ Capture d&rsquo;\u00e9cran <\/p>\n<p>En utilisant depuis les ann\u00e9es 70 <strong>son corps comme une \u0153uvre d\u2019art \u00e0 part enti\u00e8re<\/strong>, c\u2019est g\u00e9n\u00e9ralement comme <strong>une cr\u00e9ature chim\u00e9rique<\/strong> chauss\u00e9e d\u2019iconiques \u00ab\u00a0platform shoes\u00a0\u00bb, et de <strong>costumes aussi extravagants que transgressifs <\/strong>qu\u2019il appara\u00eet aux yeux du public. Afin d\u2019\u00ab\u00a0explore[r] des th\u00e8mes comme l\u2019identit\u00e9, la souffrance, la m\u00e9moire et la r\u00e9sistance\u00a0\u00bb au travers de sa propre identit\u00e9 d\u2019homme blanc queer, juif et sud-africain.<\/p>\n<p>Mais dans cette nouvelle cr\u00e9ation, il s\u2019ouvre \u00e0 nous de fa\u00e7on in\u00e9dite, en \u00ab\u00a0engage[ant] un v\u00e9ritable dialogue avec le public\u00a0\u00bb. \u00ab\u00a0<strong>Un geste rare, presque radical<\/strong>, o\u00f9 la voix prend la forme \u00e0 son tour d\u2019un acte d\u2019existence et de r\u00e9sistance\u00a0\u00bb.<\/p>\n<p align=\"CENTER\"><b>Quand et o\u00f9\u00a0?<br \/><\/b>Du 12 au 14 mars<br \/>Au TJP \u2013 CDN Strasbourg (Petite Sc\u00e8ne)<br \/><a href=\"https:\/\/tjp-strasbourg.com\/spectacle\/people-will-people-you\/\" target=\"_blank\" rel=\"noopener\">+ d\u2019infos<\/a><\/p>\n<p>                <img width=\"373\" height=\"500\" src=\"https:\/\/www.europesays.com\/fr\/wp-content\/uploads\/2026\/01\/people-will-people-you-steven-cohen-photo-iona-dutz-3-scaled-1-373x500.jpg\" class=\"attachment-gallery size-gallery\" alt=\"people will people you steven cohen tjp\" data-full-url=\"https:\/\/pokaa.fr\/wp-content\/uploads\/2026\/01\/21\/people-will-people-you-steven-cohen-photo-iona-dutz-3-scaled-1.jpg\" decoding=\"async\" loading=\"lazy\"  \/>            <\/p>\n<p>                <img width=\"373\" height=\"500\" src=\"https:\/\/www.europesays.com\/fr\/wp-content\/uploads\/2026\/01\/people-will-people-you-steven-cohen-photo-iona-dutz-1-scaled-1-373x500.jpg\" class=\"attachment-gallery size-gallery\" alt=\"people will people you steven cohen tjp\" data-full-url=\"https:\/\/pokaa.fr\/wp-content\/uploads\/2026\/01\/21\/people-will-people-you-steven-cohen-photo-iona-dutz-1-scaled-1.jpg\" decoding=\"async\" loading=\"lazy\"  \/>            <\/p>\n<p>                    \u00ab\u00a0People will people you\u00a0\u00bb de Steven Cohen. \u00a9 Iona Dutz \/ Captures d&rsquo;\u00e9cran<\/p>\n<p>\u00ab\u00a0Rituel 4 : Le Grand D\u00e9bat\u00a0\u00bb au Maillon<\/p>\n<p>Alors que les \u00e9lections municipales approchent (annon\u00e7ant d\u00e9j\u00e0 avec elles les pr\u00e9sidentielles de 2027), <b>le Maillon consacrera un Temps fort \u00ab\u00a0D\u00e9mocraties en jeu\u00a0\u00bb <\/b>(du 5 au 22 mars).<\/p>\n<p>Parmi les \u0153uvres pr\u00e9sent\u00e9es, on a s\u00e9lectionn\u00e9 <b>Rituel 4\u00a0: Le Grand D\u00e9bat<\/b><b>, d\u2019\u00c9milie Rousset et Louise H\u00e9mon, \u00e0 retrouver du 14 au 17 mars<\/b>.<\/p>\n<p>    <img width=\"800\" height=\"457\" src=\"https:\/\/www.europesays.com\/fr\/wp-content\/uploads\/2026\/01\/ph-lebruman-800x457.jpg\" class=\"attachment-image-size-L size-image-size-L\" alt=\"rituel 4 maillon\" decoding=\"async\" loading=\"lazy\"  \/>         \u00ab\u00a0Rituel 4 : Le Grand D\u00e9bat\u00a0\u00bb d&rsquo;\u00c9milie Rousset et Louise H\u00e9mon. \u00a9 Ph. Lebruman \/ Capture d&rsquo;\u00e9cran <\/p>\n<p>Reprenant les codes du <b>d\u00e9bat de l\u2019entre-deux-tours<\/b>, tant dans sa forme que son contenu, le spectacle revient sur ce \u00ab\u00a0rituel politique\u00a0\u00bb apparu sur l\u2019ORTF, dans les ann\u00e9es 70, dans <b>un collage de <\/b><b>\u00ab\u00a0grandes r\u00e9pliques du th\u00e9\u00e2tre politico-t\u00e9l\u00e9visuel\u00a0\u00bb<\/b> allant de 1974 \u00e0 2022.<\/p>\n<p>Des punchlines telles que \u00ab\u00a0Vous n\u2019avez pas le monopole du c\u0153ur\u00a0\u00bb, \u00ab Vous avez tout \u00e0 fait raison, M. le Premier ministre \u00bb, \u00ab\u00a0Vous \u00eates le candidat \u00e0 plat ventre\u00a0\u00bb qui racontent<b> l\u2019histoire d\u2019un format, autant que celle du jeu politique qu\u2019il alimente<\/b>. Et rejou\u00e9es par Emmanuelle Lafon et Laurent Poitrenaux, un duo de politicien(ne)s plus vrai(e)s que nature. On s\u2019y croirait.<\/p>\n<p style=\"text-align: center;\"><b>Quand et o\u00f9?<br \/><\/b>Du 14 au 17 mars<br \/>Au Maillon \u2013 Th\u00e9\u00e2tre de Strasbourg, sc\u00e8ne europ\u00e9enne<br \/><a href=\"https:\/\/maillon.eu\/spectacle\/1023.rituel-4-le-grand-debat--emilie-rousset-et-louise-hemon\" target=\"_blank\" rel=\"noopener\">+ d\u2019infos<\/a><\/p>\n<\/p>\n<p>\u00ab\u00a0L&rsquo;Infiltr\u00e9\u00a0\u00bb au TNS<\/p>\n<p>S\u2019il s\u2019est rendu c\u00e9l\u00e8bre dans sa s\u00e9rie documentaire qui porte son nom (relatant son parcours de transition de genre), <b>Oc\u00e9an<\/b> est aussi un homme de sc\u00e8ne. <b>Du 23 mars au 1er avril<\/b>, il foulera les planches du <b>TNS (Th\u00e9\u00e2tre national de Strasbourg)<\/b> avec<b> L\u2019Infiltr\u00e9<\/b>, son dernier spectacle.<\/p>\n<p><b>Un spectacle <\/b><b>\u00ab\u00a0assum\u00e9 comme p\u00e9dagogique\u00a0\u00bb<\/b><b> <\/b>o\u00f9 il questionne la construction scientifique de la binarit\u00e9 sexuelle, et s\u2019amuse \u00ab\u00a0des biais sexistes qui jalonnent l\u2019histoire des sciences\u00a0\u00bb. Tout en parlant des hommes dans leurs espaces d\u2019intimit\u00e9, depuis sa nouvelle position\u00a0: celle d\u2019un \u00ab\u00a0infiltr\u00e9\u00a0\u00bb.<\/p>\n<p align=\"CENTER\"><b>Quand et o\u00f9\u00a0?<br \/><\/b>Du 23 mars au 1er avril<br \/>Au TNS \u2013 Th\u00e9\u00e2tre national de Strasbourg<br \/><a href=\"https:\/\/tns.fr\/agenda\/linfiltre\" target=\"_blank\" rel=\"noopener\">+ d\u2019infos<\/a><\/p>\n<p>    <img width=\"800\" height=\"291\" src=\"https:\/\/www.europesays.com\/fr\/wp-content\/uploads\/2026\/01\/portrait-ocean-lucie-rimey-meile-800x291.jpg\" class=\"attachment-image-size-L size-image-size-L\" alt=\"Oc\u00e9an TNS\" decoding=\"async\" loading=\"lazy\"  \/>         Oc\u00e9an. \u00a9 Lucie Rimey Meile \/ Capture d&rsquo;\u00e9cran <\/p>\n<p>\u00ab\u00a0L&rsquo;amour c&rsquo;est pour du beurre\u00a0\u00bb au TAPS Scala<\/p>\n<p>Celui-ci a piqu\u00e9 notre curiosit\u00e9\u00a0: <b>L\u2019amour c\u2019est pour du beurre<\/b> nous vient du <strong><b>Th\u00e9\u00e2tre de Namur<\/b><\/strong> (Belgique).<\/p>\n<p>Mis en sc\u00e8ne par \u00c9line Schumacher, cette pi\u00e8ce \u00e9crite collectivement est un <strong>\u00ab spectacle intense et d\u00e9routant \u00bb, <\/strong>nous pr\u00e9vient le <strong>TAPS Scala <\/strong>(Th\u00e9\u00e2tre Actuel Public de Strasbourg) qui l\u2019accueille<strong> du 27 au 29 mai<\/strong>.<\/p>\n<p>                <img width=\"749\" height=\"500\" src=\"https:\/\/www.europesays.com\/fr\/wp-content\/uploads\/2026\/01\/lamour013114hubertamiel-749x500.jpg\" class=\"attachment-gallery size-gallery\" alt=\"L\u2019amour c\u2019est pour du beurre\" data-full-url=\"https:\/\/pokaa.fr\/wp-content\/uploads\/2026\/01\/21\/lamour013114hubertamiel.jpg\" decoding=\"async\" loading=\"lazy\"  \/>            <\/p>\n<p>                <img width=\"749\" height=\"500\" src=\"https:\/\/www.europesays.com\/fr\/wp-content\/uploads\/2026\/01\/hubert-amiel-749x500.jpg\" class=\"attachment-gallery size-gallery\" alt=\"L\u2019amour c\u2019est pour du beurre\" data-full-url=\"https:\/\/pokaa.fr\/wp-content\/uploads\/2026\/01\/21\/hubert-amiel.jpg\" decoding=\"async\" loading=\"lazy\"  \/>            <\/p>\n<p>                <img width=\"749\" height=\"500\" src=\"https:\/\/www.europesays.com\/fr\/wp-content\/uploads\/2026\/01\/lamour013245hubertamiel-749x500.jpg\" class=\"attachment-gallery size-gallery\" alt=\"l\u2019amour c\u2019est pour du beurre taps\" data-full-url=\"https:\/\/pokaa.fr\/wp-content\/uploads\/2026\/01\/21\/lamour013245hubertamiel.jpg\" decoding=\"async\" loading=\"lazy\"  \/>            <\/p>\n<p>                    \u00ab L&rsquo;amour c&rsquo;est pour du beurre\u00a0\u00bb d&rsquo;\u00c9line Schumacher. \u00a9 Hubert Amiel \/ Captures d&rsquo;\u00e9cran<\/p>\n<p>Sur sc\u00e8ne, \u00ab une troupe amateur livr\u00e9e \u00e0 elle-m\u00eame dans l\u2019odeur de sueur d\u2019une salle de gym avec un texte difficile et un d\u00e9cor en carton qui s\u2019\u00e9croule \u00bb. Le tout interpr\u00e9t\u00e9 par des com\u00e9dien(ne)s professionnel(le)s qui nous plongent dans <b>une mise en ab\u00eeme de la cr\u00e9ation th\u00e9\u00e2trale, jouant avec tendresse la maladresse<\/b>.<\/p>\n<p>La Nuit des rois de Shakespeare, comme vous ne l\u2019avez jamais vue, avec des \u00e2mes un peu perdues qui, ensemble, se d\u00e9couvrent, se retrouvent.<\/p>\n<p align=\"CENTER\"><b>Quand et o\u00f9\u00a0?<br \/><\/b>Du 27 au 29 mai<br \/>Au TAPS Scala<br \/><a href=\"https:\/\/taps.strasbourg.eu\/programmation\/lamour-cest-pour-du-beurre\/\" target=\"_blank\" rel=\"noopener\">+ d\u2019infos<\/a><\/p>\n<\/p>\n<p>\u00ab\u00a0Dub\u00a0\u00bb au Maillon<\/p>\n<p>Il s\u2019annonce spectaculaire\u00a0: <b>Dub<\/b><b> d\u2019Amala Dianor<\/b> <b>investit la sc\u00e8ne du Maillon du 3 au 5 juin<\/b> prochains, en nous offrant <b>un panorama rare de <\/b><b>street dances<\/b><b> du monde entier<\/b>.<\/p>\n<p>Port\u00e9 par 11 danseurs\/ses \u00ab\u00a0virtuoses\u00a0\u00bb, il nous entra\u00eenera sur les rythmes du <b>p<\/b><b>antsula<\/b><b>, <\/b><b>dancehall<\/b><b>, <\/b><b>waacking<\/b><b>, <\/b><b>krump<\/b>, et par l\u00e0 m\u00eame : sur tous les continents o\u00f9 le danseur et chor\u00e9graphe (issu du hip-hop) est pass\u00e9, \u00ab\u00a0\u00e0 la recherche de ces langages corporels perp\u00e9tuellement r\u00e9invent\u00e9s\u00a0\u00bb.<\/p>\n<p>                <img width=\"875\" height=\"500\" src=\"https:\/\/www.europesays.com\/fr\/wp-content\/uploads\/2026\/01\/pierre-gondard-2-875x500.jpg\" class=\"attachment-gallery size-gallery\" alt=\"dub amala dianor maillon\" data-full-url=\"https:\/\/pokaa.fr\/wp-content\/uploads\/2026\/01\/21\/pierre-gondard-2.jpg\" decoding=\"async\" loading=\"lazy\"  \/>            <\/p>\n<p>                <img width=\"875\" height=\"500\" src=\"https:\/\/www.europesays.com\/fr\/wp-content\/uploads\/2026\/01\/pierre-gondard-3-875x500.jpg\" class=\"attachment-gallery size-gallery\" alt=\"dub amala dianor maillon\" data-full-url=\"https:\/\/pokaa.fr\/wp-content\/uploads\/2026\/01\/21\/pierre-gondard-3.jpg\" decoding=\"async\" loading=\"lazy\"  \/>            <\/p>\n<p>                <img width=\"875\" height=\"500\" src=\"https:\/\/www.europesays.com\/fr\/wp-content\/uploads\/2026\/01\/pierre-gondard-1-875x500.jpg\" class=\"attachment-gallery size-gallery\" alt=\"dub amala dianor maillon\" data-full-url=\"https:\/\/pokaa.fr\/wp-content\/uploads\/2026\/01\/21\/pierre-gondard-1.jpg\" decoding=\"async\" loading=\"lazy\"  \/>            <\/p>\n<p>                    \u00ab Dub\u00a0\u00bb d&rsquo;Amala Dianor. \u00a9 Pierre Gondard \/ Captures d&rsquo;\u00e9cran<\/p>\n<p>Une performance de haut vol, sur <b>la musique \u00e9lectro\u2019 du compositeur Awir Leon<\/b>, et avec en fond, la sc\u00e9nographie canon du photographe Gr\u00e9goire Korganow.<\/p>\n<p>Ce dernier a imagin\u00e9 sept box \u00ab\u00a0lumineuses et color\u00e9es\u00a0\u00bb, illustrant les \u00ab\u00a0lieux pr\u00e9caires et instables\u00a0\u00bb d\u2019o\u00f9 \u00e9mergent ses danses, \u00ab\u00a0de la chambre \u00e0 la bo\u00eete de nuit\u00a0\u00bb. Pour un rendu <b>aussi esth\u00e9tique et dynamique que politique<\/b>.<\/p>\n<p align=\"CENTER\"><b>Quand et o\u00f9\u00a0?<br \/><\/b>Du 3 au 5 juin<br \/>Au Maillon \u2013 th\u00e9\u00e2tre de Strasbourg, sc\u00e8ne europ\u00e9enne<br \/><a href=\"https:\/\/maillon.eu\/spectacle\/1029.dub--amala-dianor\" target=\"_blank\" rel=\"noopener\">+ d\u2019infos<\/a><\/p>\n<\/p>\n<p>\u00ab\u00a0Les Petites Filles modernes (titre provisoire)\u00a0\u00bb au TNS<\/p>\n<p><b>Jo\u00ebl Pommerat signe son retour au TNS<\/b> (Th\u00e9\u00e2tre national de Strasbourg) <b>du 3 au 18 juin<\/b>, avec <b>Les Petites Filles modernes (titre provisoire)<\/b> dont il est l\u2019auteur et le metteur en sc\u00e8ne.<\/p>\n<p>Apr\u00e8s sa r\u00e9\u00e9criture du Petit Chaperon rouge, de Pinocchio et Cendrillon dont \u00ab\u00a0il d\u00e9truisait les codes du merveilleux\u00a0\u00bb, cet \u00ab\u00a0\u00e9crivain de spectacles\u00a0\u00bb (comme il se d\u00e9finit lui-m\u00eame) multi-r\u00e9compens\u00e9 nous plonge une nouvelle fois dans <b>un univers qu\u2019il conna\u00eet bien\u00a0: celui du conte<\/b>.<\/p>\n<p>                <img width=\"750\" height=\"500\" src=\"https:\/\/www.europesays.com\/fr\/wp-content\/uploads\/2026\/01\/agathe-pommerat-4-750x500.jpg\" class=\"attachment-gallery size-gallery\" alt=\"jo\u00ebl pommerat tns petites filles modernes\" data-full-url=\"https:\/\/pokaa.fr\/wp-content\/uploads\/2026\/01\/21\/agathe-pommerat-4.jpg\" decoding=\"async\" loading=\"lazy\"  \/>            <\/p>\n<p>                <img width=\"750\" height=\"500\" src=\"https:\/\/www.europesays.com\/fr\/wp-content\/uploads\/2026\/01\/agathe-pommerat-5-750x500.jpg\" class=\"attachment-gallery size-gallery\" alt=\"jo\u00ebl pommerat tns petites filles modernes\" data-full-url=\"https:\/\/pokaa.fr\/wp-content\/uploads\/2026\/01\/21\/agathe-pommerat-5.jpg\" decoding=\"async\" loading=\"lazy\"  \/>            <\/p>\n<p>                <img width=\"750\" height=\"500\" src=\"https:\/\/www.europesays.com\/fr\/wp-content\/uploads\/2026\/01\/agathe-pommerat-3-750x500.jpg\" class=\"attachment-gallery size-gallery\" alt=\"jo\u00ebl pommerat tns petites filles modernes\" data-full-url=\"https:\/\/pokaa.fr\/wp-content\/uploads\/2026\/01\/21\/agathe-pommerat-3.jpg\" decoding=\"async\" loading=\"lazy\"  \/>            <\/p>\n<p>                <img width=\"750\" height=\"500\" src=\"https:\/\/www.europesays.com\/fr\/wp-content\/uploads\/2026\/01\/agathe-pommerat-2-750x500.jpg\" class=\"attachment-gallery size-gallery\" alt=\"jo\u00ebl pommerat tns petites filles modernes\" data-full-url=\"https:\/\/pokaa.fr\/wp-content\/uploads\/2026\/01\/21\/agathe-pommerat-2.jpg\" decoding=\"async\" loading=\"lazy\"  \/>            <\/p>\n<p>                    \u00ab\u00a0Les Petites Filles modernes (titre provisoire)\u00a0\u00bb de Jo\u00ebl Pommerat. \u00a9 Agathe Pommerat \/ Document remis<\/p>\n<p><b>Une pi\u00e8ce touchante et \u00e0 l\u2019esth\u00e9tique ambitieuse <\/b>qui joue pleinement ici la carte du fantastique. La magie, comme seule \u00e9chappatoire au mal-\u00eatre adolescent, pour \u00ab\u00a0<b>deux tr\u00e8s jeunes filles, oblig\u00e9es de d\u00e9jouer les lois du monde r\u00e9el <\/b>afin de s\u2019affranchir de celles des adultes et nouer un pacte d\u2019amiti\u00e9 qu\u2019elles veulent indestructible\u00a0\u00bb.<\/p>\n<p align=\"CENTER\"><b>Quand et o\u00f9\u00a0?<br \/><\/b>Du 3 au 18 juin<br \/>Au TNS \u2013 Th\u00e9\u00e2tre national de Strasbourg<br \/><a href=\"https:\/\/tns.fr\/agenda\/les-petites-filles-modernes\" target=\"_blank\" rel=\"noopener\">+ d\u2019infos<\/a><\/p>\n<p>Bonus\u00a0: les festivals\u00a0!<\/p>\n<p>On profitera de cet article pour vous recommander<b> plusieurs festivals strasbourgeois<\/b>. Tout d\u2019abord, celui qui agite <b>POLE-SUD \u2013 CDCN Strasbourg <\/b>depuis quelques jours\u00a0: <a href=\"https:\/\/www.pole-sud.fr\/festival-acae-2026\/\" target=\"_blank\" rel=\"noopener\"><b>\u00ab L\u2019ann\u00e9e commence avec elles \u00bb<\/b><\/a>. Un festival qui \u00ab\u00a0ouvre nos regards sur <b>une vitalite\u0301 artistique fe\u0301minine\u00a0\u00bb<\/b>, selon sa directrice Joe\u0308lle Smadja.<\/p>\n<p>Il vous reste \u00e0 d\u00e9couvrir <b>jusqu\u2019au 29 janvier<\/b>\u00a0quatre des huit spectacles programm\u00e9s \u2013 qui parlent autant \u00ab\u00a0du vieillissement, de l\u2019histoire des colonies, de notre relation a\u0300 la nature ou de nos re\u0302ves d\u2019enfants des cite\u0301s\u00a0\u00bb.<\/p>\n<p>    <img width=\"800\" height=\"534\" src=\"https:\/\/www.europesays.com\/fr\/wp-content\/uploads\/2026\/01\/06-hortensebelhote-performeureuses-800x534.jpg\" class=\"attachment-image-size-L size-image-size-L\" alt=\"Hortense Belhote Carte Culture\" decoding=\"async\" loading=\"lazy\"  \/>         Hortense Belh\u00f4te \u00ab\u00a0Performeureuses \u00bb (festival L&rsquo;Ann\u00e9e commence avec elles). \u00a9 Document remis <\/p>\n<p>Pour prendre sa suite :<b> <\/b><a href=\"https:\/\/pokaa.fr\/2025\/09\/02\/la-rentree-du-maillon-12-spectacles-droles-furieux-ou-curieux-a-decouvrir-a-strasbourg1\/\" target=\"_blank\" rel=\"noopener\">le<b> Maillon <\/b><\/a>(th\u00e9\u00e2tre de Strasbourg \u2013 sc\u00e8ne europ\u00e9enne) pr\u00e9sentera lui, <b>du 29 janvier au 7 f\u00e9vrier<\/b>, une nouvelle \u00e9dition de <a href=\"https:\/\/maillon.eu\/focus\/9.premieres\" target=\"_blank\" rel=\"noopener\"><b>Premi\u00e8res, son festival d\u00e9di\u00e9 \u00e0<\/b><b> \u00ab\u00a0l\u2019\u00e9mergence europ\u00e9enne\u00a0\u00bb<\/b><\/a>.<\/p>\n<p>\u00c0 l\u2019affiche\u00a0? <b>Cinq premi\u00e8res (ou secondes) mises en sc\u00e8ne de jeunes artistes<\/b>. Cinq visions de la cr\u00e9ation artistique, du monde qui les entoure et \u00ab\u00a0des th\u00e8mes actuels dont [ils et elles] s\u2019empare[nt] avec force\u00a0\u00bb. Sur sc\u00e8ne : des r\u00e9cits de soi, des parcours de vie marqu\u00e9s par l\u2019exil, la double culture, la diff\u00e9rence. Avec <b>en<\/b><b> creux, une question\u00a0: comment se raconte-t-on\u00a0?<\/b><\/p>\n<p>                <img width=\"875\" height=\"500\" src=\"https:\/\/www.europesays.com\/fr\/wp-content\/uploads\/2025\/09\/qui-a-peur-de-davide-christelle-sanvee-eden-leviam-2-875x500.jpg\" class=\"attachment-gallery size-gallery\" alt=\"Maillon\" data-full-url=\"https:\/\/pokaa.fr\/wp-content\/uploads\/2025\/09\/01\/qui-a-peur-de-davide-christelle-sanvee-eden-leviam-2.jpg\" decoding=\"async\" loading=\"lazy\"  \/>            <\/p>\n<p>                <img width=\"875\" height=\"500\" src=\"https:\/\/www.europesays.com\/fr\/wp-content\/uploads\/2025\/09\/qui-a-peur-de-davide-christelle-sanvee-875x500.jpg\" class=\"attachment-gallery size-gallery\" alt=\"maillon\" data-full-url=\"https:\/\/pokaa.fr\/wp-content\/uploads\/2025\/09\/01\/qui-a-peur-de-davide-christelle-sanvee.jpg\" decoding=\"async\" loading=\"lazy\"  \/>            <\/p>\n<p>                <img width=\"875\" height=\"500\" src=\"https:\/\/www.europesays.com\/fr\/wp-content\/uploads\/2025\/09\/qui-a-peur-de-davide-christelle-sanvee-eden-leviam-875x500.jpg\" class=\"attachment-gallery size-gallery\" alt=\"Maillon\" data-full-url=\"https:\/\/pokaa.fr\/wp-content\/uploads\/2025\/09\/01\/qui-a-peur-de-davide-christelle-sanvee-eden-leviam.jpg\" decoding=\"async\" loading=\"lazy\"  \/>            <\/p>\n<p>                    \u00ab\u00a0Qui a peur de Davide-Christelle Sanvee\u00a0\u00bb (festival Premi\u00e8res) \u00a9 Eden Leviam \/ Documents remis<\/p>\n<p>Quant au <b>Conservatoire de Strasbourg<\/b>, il d\u00e9die ce mois-ci la<a href=\"https:\/\/www.conservatoire.strasbourg.eu\/evenements\/festival-du-conservatoire-du-23-au-31-janvier-2026\/\" target=\"_blank\" rel=\"noopener\"><b> troisi\u00e8me \u00e9dition de son festival<\/b> <\/a><b>\u00e9ponyme (et gratuit) <\/b> pour c\u00e9l\u00e9brer <b>les 20 ans de la Cit\u00e9 de la musique et de la danse<\/b>. <b>Jusqu\u2019au 31 janvier<\/b>, il braque ainsi le projecteur sur ses talents, avec 40 spectacles et performances de musique, th\u00e9\u00e2tre et danse.<\/p>\n<p>On notera par exemple les 15 repr\u00e9sentations qui se tiendront lors de la <strong>Nuit du R\u00e9p\u00e9titif<\/strong> (dans le cadre de la Nuit des Conservatoires), le <strong>vendredi 30 janvier<\/strong><strong>. Pour l\u2019occasion, il y fera<\/strong><strong><b> sa<\/b><\/strong><b> premi\u00e8re ouverture nocturne <\/b>(de <strong>18h \u00e0 1h30).<\/strong><\/p>\n<p>    <img width=\"800\" height=\"533\" src=\"https:\/\/www.europesays.com\/fr\/wp-content\/uploads\/2026\/01\/dsc01596.jpg\" class=\"attachment-image-size-L size-image-size-L\" alt=\"cit\u00e9 de la musique\" decoding=\"async\" loading=\"lazy\"  \/>         \u00a9 Hugo Favre-Napoli \/ Pokaa <\/p>\n<p><b>Le TJP \u2013 CDN Strasbourg<\/b> (on en parlait plus haut) accueillera,<b> du 8 au 14 mars<\/b>, les <a href=\"https:\/\/tjp-strasbourg.com\/micro-giboulees\/\" target=\"_blank\" rel=\"noopener\"><strong>Micro Giboul\u00e9es<\/strong><\/a> qui s\u2019inspirent de ses historiques Giboul\u00e9es. Il s\u2019agira, en une poign\u00e9e de spectacles, de \u00ab\u00a0c\u00e9l\u00e9brer l\u2019infini pouvoir de transformation du th\u00e9\u00e2tre, qui permet aux corps et aux objets de <b>devenir tout ce que l\u2019on d\u00e9sire, avec notre imagination pour seule limite<\/b>\u00a0\u00bb. On y croisera notamment un conte clown punk, une parade costum\u00e9e et \u00ab\u00a0<strong>un op\u00e9ra dans\u00e9 punk et bouillonnant\u00a0\u00bb<\/strong><strong>.<\/strong><\/p>\n<p>En parall\u00e8le ou presque,<strong> le TAPS Laiterie retrouvera, du 10 au 14 mars, son annuel <a href=\"https:\/\/taps.strasbourg.eu\/spectacles\/spectacles-actuelles\/\" target=\"_blank\" rel=\"noopener\">Actuelles<\/a><\/strong>, \u00ab\u00a0un temps fort [\u2026] autour de <strong>l\u2019\u00e9criture du th\u00e9\u00e2tre d\u2019aujourd\u2019hui\u00a0<\/strong>\u00bb. Au programme\u00a0?<strong> Cinq soir\u00e9es<\/strong> autour de textes de th\u00e9\u00e2tre actuel s\u00e9lectionn\u00e9s, puis <strong>mis en sc\u00e8ne par les \u00e9l\u00e8ves en sc\u00e9nographie de la Hear <\/strong>(Haute \u00e9cole des arts du Rhin).<\/p>\n<p>    <img width=\"480\" height=\"600\" src=\"https:\/\/www.europesays.com\/fr\/wp-content\/uploads\/2025\/11\/tanguychene-graphicdee-standmaquillage-480x600.jpeg\" class=\"attachment-image-size-M size-image-size-M\" alt=\"Tanguy Ch\u00eane + graphic dee\" decoding=\"async\" loading=\"lazy\"  \/>         Graphic Dee aux portes ouvertes du TJP, en septembre 2025 (Micro Giboul\u00e9es). \u00a9 Document remis <\/p>\n<p>Peu apr\u00e8s, <strong>l\u2019Op\u00e9ra national du Rhin<\/strong> et ses partenaires culturels nous emm\u00e8neront par-del\u00e0 les oc\u00e9ans, avec<a href=\"https:\/\/www.operanationaldurhin.eu\/fr\/spectacles\/saison-2526\/festival-arsmondo-iles\" target=\"_blank\" rel=\"noopener\"><strong> Arsmondo \u00celes<\/strong><\/a>. Un <strong>festival interdisciplinaire \u00e0 retrouver du 12 au 22 mars<\/strong>, au travers de \u00ab\u00a0<strong>projections, concerts, lectures et tables rondes<\/strong> [qui] interrogeront l\u2019insularit\u00e9 dans toute sa complexit\u00e9 \u2013 entre isolement et interd\u00e9pendances, traditions et modernit\u00e9, p\u00e9rils et utopies\u00a0\u00bb.<\/p>\n<p>Enfin, le<a href=\"https:\/\/lecurieuxfestival.com\/\" target=\"_blank\" rel=\"noopener\"> <b>Curieux Festival <\/b><\/a>reviendra quant \u00e0 lui <b>du 7 au 19 avril<\/b>, pour \u00ab\u00a0met[tre] en lumi\u00e8re <b>les sciences et les enjeux contemporains<\/b> inh\u00e9rents, \u00e0 travers le spectacle vivant\u00a0\u00bb. Outre la vulgarisation scientifique, ce seront de curieuses formes qui nous seront pr\u00e9sent\u00e9es, avec <b>du th\u00e9\u00e2tre, de la danse, de la musique ou du cirque<\/b>, ainsi que des \u00ab\u00a0Curieuses Rencontres\u00a0\u00bb et \u00ab\u00a0des exp\u00e9riences insolites\u00a0\u00bb.<\/p>\n<p><strong>Un agenda 2026 qui n\u2019est donc pas pr\u00eat de se d\u00e9semplir !<\/strong><\/p>\n<p>                <img width=\"750\" height=\"500\" src=\"https:\/\/www.europesays.com\/fr\/wp-content\/uploads\/2026\/01\/dsc-6542-750x500.jpg\" class=\"attachment-gallery size-gallery\" alt=\"farse arts de rue spectacle culture\" data-full-url=\"https:\/\/pokaa.fr\/wp-content\/uploads\/2025\/09\/01\/dsc-6542.jpg\" decoding=\"async\" loading=\"lazy\"  \/>            <\/p>\n<p>                <img width=\"750\" height=\"500\" src=\"https:\/\/www.europesays.com\/fr\/wp-content\/uploads\/2026\/01\/dsc-6661-750x500.jpg\" class=\"attachment-gallery size-gallery\" alt=\"farse arts de rue spectacle culture\" data-full-url=\"https:\/\/pokaa.fr\/wp-content\/uploads\/2025\/09\/01\/dsc-6661.jpg\" decoding=\"async\" loading=\"lazy\"  \/>            <\/p>\n<p>                <img width=\"750\" height=\"500\" src=\"https:\/\/www.europesays.com\/fr\/wp-content\/uploads\/2026\/01\/dsc-7918-750x500.jpg\" class=\"attachment-gallery size-gallery\" alt=\"farse arts de rue spectacle culture\" data-full-url=\"https:\/\/pokaa.fr\/wp-content\/uploads\/2025\/09\/01\/dsc-7918.jpg\" decoding=\"async\" loading=\"lazy\"  \/>            <\/p>\n<p>                    FARSe 2025. \u00a9 Mathilde Cybulski \/ Pokaa<\/p>\n","protected":false},"excerpt":{"rendered":"On vous aurait bien conseill\u00e9 Les gros patinent bien, pi\u00e8ce \u00e0 succ\u00e8s \u00ab Moli\u00e8ris\u00e9e \u00bb, mais elle affiche&hellip;\n","protected":false},"author":2,"featured_media":684715,"comment_status":"","ping_status":"","sticky":false,"template":"","format":"standard","meta":{"footnotes":""},"categories":[2820],"tags":[1111,11,1344,251,5972,1777,674,652,1011,27,775,326,29234,12,7012,25,640,78209,1347,55249,66964],"class_list":{"0":"post-684714","1":"post","2":"type-post","3":"status-publish","4":"format-standard","5":"has-post-thumbnail","7":"category-strasbourg","8":"tag-actu","9":"tag-actualites","10":"tag-ballet","11":"tag-culture","12":"tag-danse","13":"tag-eu","14":"tag-europe","15":"tag-famille","16":"tag-fr","17":"tag-france","18":"tag-grand-est","19":"tag-gratuit","20":"tag-maillon","21":"tag-news","22":"tag-opera-national-du-rhin","23":"tag-republique-francaise","24":"tag-strasbourg","25":"tag-taps","26":"tag-theatre","27":"tag-tjp","28":"tag-tns"},"share_on_mastodon":{"url":"https:\/\/pubeurope.com\/@fr\/115946848469643295","error":""},"_links":{"self":[{"href":"https:\/\/www.europesays.com\/fr\/wp-json\/wp\/v2\/posts\/684714","targetHints":{"allow":["GET"]}}],"collection":[{"href":"https:\/\/www.europesays.com\/fr\/wp-json\/wp\/v2\/posts"}],"about":[{"href":"https:\/\/www.europesays.com\/fr\/wp-json\/wp\/v2\/types\/post"}],"author":[{"embeddable":true,"href":"https:\/\/www.europesays.com\/fr\/wp-json\/wp\/v2\/users\/2"}],"replies":[{"embeddable":true,"href":"https:\/\/www.europesays.com\/fr\/wp-json\/wp\/v2\/comments?post=684714"}],"version-history":[{"count":0,"href":"https:\/\/www.europesays.com\/fr\/wp-json\/wp\/v2\/posts\/684714\/revisions"}],"wp:featuredmedia":[{"embeddable":true,"href":"https:\/\/www.europesays.com\/fr\/wp-json\/wp\/v2\/media\/684715"}],"wp:attachment":[{"href":"https:\/\/www.europesays.com\/fr\/wp-json\/wp\/v2\/media?parent=684714"}],"wp:term":[{"taxonomy":"category","embeddable":true,"href":"https:\/\/www.europesays.com\/fr\/wp-json\/wp\/v2\/categories?post=684714"},{"taxonomy":"post_tag","embeddable":true,"href":"https:\/\/www.europesays.com\/fr\/wp-json\/wp\/v2\/tags?post=684714"}],"curies":[{"name":"wp","href":"https:\/\/api.w.org\/{rel}","templated":true}]}}