{"id":684722,"date":"2026-01-23T22:52:51","date_gmt":"2026-01-23T22:52:51","guid":{"rendered":"https:\/\/www.europesays.com\/fr\/684722\/"},"modified":"2026-01-23T22:52:51","modified_gmt":"2026-01-23T22:52:51","slug":"volley-les-neptunes-de-nantes-face-a-leurs-exs-et-voisines-sport","status":"publish","type":"post","link":"https:\/\/www.europesays.com\/fr\/684722\/","title":{"rendered":"Volley. Les Neptunes de Nantes face \u00e0 leurs exs et voisines . Sport"},"content":{"rendered":"<p>La ritournelle du \u00ab\u00a0Comme on se retrouve\u00a0\u00bb ne pouvait trouver meilleur rendez-vous qu\u2019un Nantes \u2013 Rennes\u00a0! Proximit\u00e9 oblige, Mangin est d\u2019ores et d\u00e9j\u00e0 annonc\u00e9 \u00e0 guichets ferm\u00e9s, ce samedi 24\u00a0janvier pour l\u2019affiche d\u2019\u00c9lite 2. Si le public sera derri\u00e8re sa troupe, il aura l\u2019immense plaisir <a href=\"https:\/\/rennes.maville.com\/sport\/detail_-volleyball.-elite-feminine-pour-le-rec-et-lisa-lecouls-nantes-a-une-saveur-particuliere-_52674-7158405_actu.Htm\" target=\"_blank\" rel=\"noopener\">de retrouver tout un petit contingent bien connu<\/a>.<\/p>\n<p>50\u00a0% de l\u2019effectif rennais est pass\u00e9 par Nantes<\/p>\n<p>\u00a0C\u2019est le propre de cette \u00e9quipe rennaise en effet, que de compter pr\u00e8s de 50\u00a0% son effectif pass\u00e9 par Nantes, sourit Sylvain Quinquis, ravi lui aussi de pouvoir s\u2019opposer \u00e0 d\u2019heureuses connaissances.On reste en revanche sur le qui-vive et je n\u2019ai eu cesse de le r\u00e9p\u00e9ter aux filles durant ces quinze jours de pr\u00e9paration (Les Neptunes \u00e9taient exemptes du tour de Coupe de France). Rennes est une formation qui sait tr\u00e8s bien user l\u2019adversaire, avec deux styles de jeu qui leur permettent de s\u2019adapter. On avait re\u00e7u un excellent avertissement lors du match aller (victoire 1-3) et depuis, elles confirment qu\u2019elles sont le poil \u00e0 gratter de cette division\u00a0!\u00a0<\/p>\n<p>Lire aussi\u00a0: <a href=\"https:\/\/nantes.maville.com\/sport\/detail_-loire-atlantique-montrer-qu-on-est-toujours-vivant-grace-au-volley-assis-les-neptunes-de-nantes-continuent-de-briller-en-europe-_52716-7156084_actu.Htm\" target=\"_blank\" rel=\"noopener\">\u00ab\u00a0Montrer qu\u2019on est toujours vivant\u00a0\u00bb\u00a0: gr\u00e2ce au volley assis, les Neptunes de Nantes continuent de briller en Europe<\/a><\/p>\n<p><strong>Les Neptunes<\/strong>\u00a0: 1. Kadiku (\u00c9-U), 2. Dava\u00ef, 3. Landais 4. Glynn (Can), 6. Ansquer, 7. Gombeau, 8. Jund, 10. Vidaller, 11. Chameaux (Cap.), 13. Legrand, 16. Nevot, 21. Joki (Fin).<\/p>\n<p>\u00a0<\/p>\n","protected":false},"excerpt":{"rendered":"La ritournelle du \u00ab\u00a0Comme on se retrouve\u00a0\u00bb ne pouvait trouver meilleur rendez-vous qu\u2019un Nantes \u2013 Rennes\u00a0! Proximit\u00e9 oblige,&hellip;\n","protected":false},"author":2,"featured_media":684723,"comment_status":"","ping_status":"","sticky":false,"template":"","format":"standard","meta":{"footnotes":""},"categories":[2818],"tags":[1111,11,2063,5492,1777,674,1011,27,1922,1393,2487,766,12,2636,1404,25,2923,4251,853],"class_list":{"0":"post-684722","1":"post","2":"type-post","3":"status-publish","4":"format-standard","5":"has-post-thumbnail","7":"category-nantes","8":"tag-actu","9":"tag-actualites","10":"tag-annonces","11":"tag-caen","12":"tag-eu","13":"tag-europe","14":"tag-fr","15":"tag-france","16":"tag-info","17":"tag-loisirs","18":"tag-meteo","19":"tag-nantes","20":"tag-news","21":"tag-pays-de-la-loire","22":"tag-quotidien","23":"tag-republique-francaise","24":"tag-restaurants","25":"tag-sortir","26":"tag-spectacles"},"share_on_mastodon":{"url":"https:\/\/pubeurope.com\/@fr\/115946874706070060","error":""},"_links":{"self":[{"href":"https:\/\/www.europesays.com\/fr\/wp-json\/wp\/v2\/posts\/684722","targetHints":{"allow":["GET"]}}],"collection":[{"href":"https:\/\/www.europesays.com\/fr\/wp-json\/wp\/v2\/posts"}],"about":[{"href":"https:\/\/www.europesays.com\/fr\/wp-json\/wp\/v2\/types\/post"}],"author":[{"embeddable":true,"href":"https:\/\/www.europesays.com\/fr\/wp-json\/wp\/v2\/users\/2"}],"replies":[{"embeddable":true,"href":"https:\/\/www.europesays.com\/fr\/wp-json\/wp\/v2\/comments?post=684722"}],"version-history":[{"count":0,"href":"https:\/\/www.europesays.com\/fr\/wp-json\/wp\/v2\/posts\/684722\/revisions"}],"wp:featuredmedia":[{"embeddable":true,"href":"https:\/\/www.europesays.com\/fr\/wp-json\/wp\/v2\/media\/684723"}],"wp:attachment":[{"href":"https:\/\/www.europesays.com\/fr\/wp-json\/wp\/v2\/media?parent=684722"}],"wp:term":[{"taxonomy":"category","embeddable":true,"href":"https:\/\/www.europesays.com\/fr\/wp-json\/wp\/v2\/categories?post=684722"},{"taxonomy":"post_tag","embeddable":true,"href":"https:\/\/www.europesays.com\/fr\/wp-json\/wp\/v2\/tags?post=684722"}],"curies":[{"name":"wp","href":"https:\/\/api.w.org\/{rel}","templated":true}]}}