{"id":684740,"date":"2026-01-23T23:02:37","date_gmt":"2026-01-23T23:02:37","guid":{"rendered":"https:\/\/www.europesays.com\/fr\/684740\/"},"modified":"2026-01-23T23:02:37","modified_gmt":"2026-01-23T23:02:37","slug":"municipales-2026-a-lyon-le-maire-sortant-propose-la-creation-dune-dizaine-de-cantines-solidaires","status":"publish","type":"post","link":"https:\/\/www.europesays.com\/fr\/684740\/","title":{"rendered":"Municipales 2026 : \u00e0 Lyon, le maire sortant propose la cr\u00e9ation d&rsquo;une dizaine de cantines solidaires"},"content":{"rendered":"<p>\u00c0 deux mois des \u00e9lections municipales, les candidats commencent \u00e0 rivaliser d\u2019id\u00e9es pour s\u00e9duire les \u00e9lecteurs. Parmi elles, celle de Gr\u00e9gory Doucet, actuel maire \u00e9cologiste de Lyon, candidat \u00e0 sa r\u00e9\u00e9lection et t\u00eate de liste (Pour Vivre Lyon) de l\u2019Union de la gauche et des \u00e9cologistes.<\/p>\n<p>Vendredi 16\u00a0janvier dernier, l\u2019\u00e9dile a soumis l\u2019id\u00e9e de cr\u00e9er 10 cantines solidaires de quartier. \u00ab\u00a0Tr\u00e8s concr\u00e8tement, on y trouve une e\u0301picerie sociale et solidaire pour faire des courses, une cuisine partage\u0301e et un espace de convivialite\u0301 pour cuisiner et manger ensemble, une offre de restauration sociale comme un restaurant solidaire ou un cafe\u0301 interge\u0301ne\u0301rationnel. Les cantines de quartier sont e\u0301galement un lieu ouvert a\u0300 d\u2019autres acteurs pour organiser des ateliers, des formations ou des actions de sensibilisation en lien avec les habitants ou e\u0301le\u0300ves du quartier\u00a0\u00bb, peut-on lire dans un communiqu\u00e9 de presse de Pour Vivre Lyon, auquel Merci pour l\u2019info a pu avoir acc\u00e8s.<\/p>\n","protected":false},"excerpt":{"rendered":"\u00c0 deux mois des \u00e9lections municipales, les candidats commencent \u00e0 rivaliser d\u2019id\u00e9es pour s\u00e9duire les \u00e9lecteurs. Parmi elles,&hellip;\n","protected":false},"author":2,"featured_media":684741,"comment_status":"","ping_status":"","sticky":false,"template":"","format":"standard","meta":{"footnotes":""},"categories":[1889],"tags":[1111,11,258,2430,9897,1777,674,1011,27,2428,12,25,3400,16530],"class_list":{"0":"post-684740","1":"post","2":"type-post","3":"status-publish","4":"format-standard","5":"has-post-thumbnail","7":"category-lyon","8":"tag-actu","9":"tag-actualites","10":"tag-alimentation","11":"tag-auvergne-rhone-alpes","12":"tag-bio","13":"tag-eu","14":"tag-europe","15":"tag-fr","16":"tag-france","17":"tag-lyon","18":"tag-news","19":"tag-republique-francaise","20":"tag-solidarite","21":"tag-um_mpi"},"share_on_mastodon":{"url":"https:\/\/pubeurope.com\/@fr\/115946910049042546","error":""},"_links":{"self":[{"href":"https:\/\/www.europesays.com\/fr\/wp-json\/wp\/v2\/posts\/684740","targetHints":{"allow":["GET"]}}],"collection":[{"href":"https:\/\/www.europesays.com\/fr\/wp-json\/wp\/v2\/posts"}],"about":[{"href":"https:\/\/www.europesays.com\/fr\/wp-json\/wp\/v2\/types\/post"}],"author":[{"embeddable":true,"href":"https:\/\/www.europesays.com\/fr\/wp-json\/wp\/v2\/users\/2"}],"replies":[{"embeddable":true,"href":"https:\/\/www.europesays.com\/fr\/wp-json\/wp\/v2\/comments?post=684740"}],"version-history":[{"count":0,"href":"https:\/\/www.europesays.com\/fr\/wp-json\/wp\/v2\/posts\/684740\/revisions"}],"wp:featuredmedia":[{"embeddable":true,"href":"https:\/\/www.europesays.com\/fr\/wp-json\/wp\/v2\/media\/684741"}],"wp:attachment":[{"href":"https:\/\/www.europesays.com\/fr\/wp-json\/wp\/v2\/media?parent=684740"}],"wp:term":[{"taxonomy":"category","embeddable":true,"href":"https:\/\/www.europesays.com\/fr\/wp-json\/wp\/v2\/categories?post=684740"},{"taxonomy":"post_tag","embeddable":true,"href":"https:\/\/www.europesays.com\/fr\/wp-json\/wp\/v2\/tags?post=684740"}],"curies":[{"name":"wp","href":"https:\/\/api.w.org\/{rel}","templated":true}]}}