{"id":684744,"date":"2026-01-23T23:05:11","date_gmt":"2026-01-23T23:05:11","guid":{"rendered":"https:\/\/www.europesays.com\/fr\/684744\/"},"modified":"2026-01-23T23:05:11","modified_gmt":"2026-01-23T23:05:11","slug":"a-paris-la-mode-facon-comedie-musicale-de-willy-chavarria-actualites","status":"publish","type":"post","link":"https:\/\/www.europesays.com\/fr\/684744\/","title":{"rendered":"A Paris, la mode fa\u00e7on com\u00e9die musicale de Willy Chavarria : Actualit\u00e9s"},"content":{"rendered":"<p class=\"lead \">Le cr\u00e9ateur am\u00e9ricain d&rsquo;origine mexicaine Willy Chavarria a pr\u00e9sent\u00e9 vendredi \u00e0 Paris, au quatri\u00e8me jour de la semaine de la mode masculine, sa nouvelle collection au cours d&rsquo;un show spectaculaire m\u00ealant d\u00e9fil\u00e9, performance artistique et concert digne d&rsquo;une com\u00e9die musicale.<\/p>\n<p class=\"lead \">Pour ce nouveau vestiaire hivernal mixte, m\u00e9lange de culture mexicano-am\u00e9ricaine et de streetwear, le styliste a opt\u00e9 pour une mise en sc\u00e8ne cin\u00e9matographique, avec un d\u00e9cor repr\u00e9sentant des rues des Etats-Unis du milieu du si\u00e8cle dernier. <\/p>\n<p class=\"lead \">Une Cadillac et une cabine t\u00e9l\u00e9phonique tr\u00f4nent notamment au milieu de l&rsquo;immense salle. <\/p>\n<p class=\"lead \">Le show a commenc\u00e9 par une performance musicale de la Chilienne Mon Laferte. De nombreux autres artistes se sont ensuite produits, comme le Portoricain Lunay, l&rsquo;Italien Mahmood ou le groupe latino Santos Bravos.<\/p>\n<p class=\"lead \">Parmi eux, les mannequins parmi lesquels Romeo Beckham et Farida Khelfa ont d\u00e9ambul\u00e9 dans des vestes aux larges \u00e9paulettes et des pantalons amples ceintur\u00e9s \u00e0 la taille, inspir\u00e9s des pachucos. Ces Mexicains n\u00e9s aux Etats-Unis revendiquaient dans les ann\u00e9es 1940 leurs origines \u00e0 travers des v\u00eatements tr\u00e8s \u00e9l\u00e9gants et des chapeaux \u00e0 large bord.<\/p>\n<p class=\"lead \">C\u00f4t\u00e9 femmes, les manteaux sont tr\u00e8s structur\u00e9s, les robes pr\u00e8s du corps, les jupes crayons et les pantalons cigarette, dans une esth\u00e9tique \u00e0 la fois affirm\u00e9e et sensuelle.<\/p>\n<p class=\"lead \">Le vestiaire urbain occupe \u00e9galement une place importante, avec des blousons en cuir, des bombers surdimensionn\u00e9s, des pantalons larges ou des ensembles monochromes. <\/p>\n<p class=\"lead \">La palette chromatique m\u00eale des tons sombres (noir, marine, brun) \u00e0 des \u00e9clats plus vibrants comme le rouge, le bleu \u00e9lectrique ou le rose profond.<\/p>\n<p class=\"lead \">Un d\u00e9fil\u00e9 spectaculaire sur la forme, mais plus sage sur le fond que ses deux pr\u00e9c\u00e9dents shows parisiens. <\/p>\n<p class=\"lead \">Ouvertement militant, d\u00e9fenseur des migrants et pour les droits des personnes LGBT+, le cr\u00e9ateur n\u00e9 en 1967 avait fait beaucoup parler en juin en mettant en sc\u00e8ne plusieurs hommes tatou\u00e9s, v\u00eatus de blanc, agenouill\u00e9s, dans une image qui rappelait les prisons au Salvador.<\/p>\n<p class=\"lead \">Pour ses d\u00e9buts dans la capitale, en janvier dernier, il avait fait r\u00e9sonner le discours pro-LGBT+ de l&rsquo;\u00e9v\u00eaque Mariann Budde lors de l&rsquo;investiture du pr\u00e9sident am\u00e9ricain Donald Trump. <\/p>\n<p class=\"lead \">Ce nouveau d\u00e9fil\u00e9, baptis\u00e9 \u00ab\u00a0Eterno\u00a0\u00bb, est tourn\u00e9 vers la coexistence et la fraternit\u00e9. <\/p>\n<p class=\"lead \">\u00ab\u00a0Nous sommes ensemble dans cette histoire. Tous. Et sans amour, sans les uns et les autres, nous sommes foutus. Alors, s&rsquo;il vous pla\u00eet, soyez bons avec vos fr\u00e8res et s\u0153urs\u00a0\u00bb, pouvait-on lire dans le livret distribu\u00e9 aux invit\u00e9s.<\/p>\n<p class=\"small font-weight-bold text-gray3 \"> publi\u00e9 le 23 janvier \u00e0 22h56, AFP<\/p>\n<p>                             Partager<\/p>\n","protected":false},"excerpt":{"rendered":"Le cr\u00e9ateur am\u00e9ricain d&rsquo;origine mexicaine Willy Chavarria a pr\u00e9sent\u00e9 vendredi \u00e0 Paris, au quatri\u00e8me jour de la semaine&hellip;\n","protected":false},"author":2,"featured_media":684745,"comment_status":"","ping_status":"","sticky":false,"template":"","format":"standard","meta":{"footnotes":""},"categories":[1888],"tags":[1111,1928,11,1927,1971,2105,1777,674,1011,27,2425,5697,985,12,1926,626,1925,25,308],"class_list":{"0":"post-684744","1":"post","2":"type-post","3":"status-publish","4":"format-standard","5":"has-post-thumbnail","7":"category-paris","8":"tag-actu","9":"tag-actu-paris","10":"tag-actualites","11":"tag-actualites-paris","12":"tag-clbrits","13":"tag-distribution","14":"tag-eu","15":"tag-europe","16":"tag-fr","17":"tag-france","18":"tag-luxe","19":"tag-mexique","20":"tag-mode","21":"tag-news","22":"tag-news-paris","23":"tag-paris","24":"tag-paris-news","25":"tag-republique-francaise","26":"tag-usa"},"share_on_mastodon":{"url":"https:\/\/pubeurope.com\/@fr\/115946921833028972","error":""},"_links":{"self":[{"href":"https:\/\/www.europesays.com\/fr\/wp-json\/wp\/v2\/posts\/684744","targetHints":{"allow":["GET"]}}],"collection":[{"href":"https:\/\/www.europesays.com\/fr\/wp-json\/wp\/v2\/posts"}],"about":[{"href":"https:\/\/www.europesays.com\/fr\/wp-json\/wp\/v2\/types\/post"}],"author":[{"embeddable":true,"href":"https:\/\/www.europesays.com\/fr\/wp-json\/wp\/v2\/users\/2"}],"replies":[{"embeddable":true,"href":"https:\/\/www.europesays.com\/fr\/wp-json\/wp\/v2\/comments?post=684744"}],"version-history":[{"count":0,"href":"https:\/\/www.europesays.com\/fr\/wp-json\/wp\/v2\/posts\/684744\/revisions"}],"wp:featuredmedia":[{"embeddable":true,"href":"https:\/\/www.europesays.com\/fr\/wp-json\/wp\/v2\/media\/684745"}],"wp:attachment":[{"href":"https:\/\/www.europesays.com\/fr\/wp-json\/wp\/v2\/media?parent=684744"}],"wp:term":[{"taxonomy":"category","embeddable":true,"href":"https:\/\/www.europesays.com\/fr\/wp-json\/wp\/v2\/categories?post=684744"},{"taxonomy":"post_tag","embeddable":true,"href":"https:\/\/www.europesays.com\/fr\/wp-json\/wp\/v2\/tags?post=684744"}],"curies":[{"name":"wp","href":"https:\/\/api.w.org\/{rel}","templated":true}]}}