{"id":684759,"date":"2026-01-23T23:13:45","date_gmt":"2026-01-23T23:13:45","guid":{"rendered":"https:\/\/www.europesays.com\/fr\/684759\/"},"modified":"2026-01-23T23:13:45","modified_gmt":"2026-01-23T23:13:45","slug":"trois-activistes-arretes-apres-avoir-tente-de-repeindre-en-rose-lavion-prive-du-chancelier-merz","status":"publish","type":"post","link":"https:\/\/www.europesays.com\/fr\/684759\/","title":{"rendered":"Trois activistes arr\u00eat\u00e9s apr\u00e8s avoir tent\u00e9 de repeindre en rose l\u2019avion priv\u00e9 du chancelier Merz"},"content":{"rendered":"<p>Un coup de neuf pour mettre un coup de pression. Les autorit\u00e9s <a href=\"https:\/\/www.20minutes.fr\/dossier\/allemagne\" class=\"c-link c-link--is-underlined\" target=\"_blank\" rel=\"noopener\">allemandes<\/a> ont annonc\u00e9 jeudi l\u2019arrestation de trois militants pour le <a href=\"https:\/\/www.20minutes.fr\/planete\/climat\/\" class=\"c-link c-link--is-underlined\" target=\"_blank\" rel=\"noopener\">climat<\/a>, soup\u00e7onn\u00e9s d\u2019avoir voulu mener une action contre l\u2019avion priv\u00e9 du chancelier, <a href=\"https:\/\/www.20minutes.fr\/politique\/friedrich-merz\/\" class=\"c-link c-link--is-underlined\" target=\"_blank\" rel=\"noopener\">Friedrich Merz<\/a>. Deux femmes et un homme, \u00e2g\u00e9s de 23, 56 et 28 ans, ont \u00e9t\u00e9 interpell\u00e9s dans la nuit de mercredi \u00e0 jeudi apr\u00e8s \u00eatre entr\u00e9s ill\u00e9galement sur l\u2019a\u00e9rodrome d\u2019Arnsberg-Menden, pr\u00e8s de Dortmund, o\u00f9 l\u2019appareil \u00e9tait stationn\u00e9.<\/p>\n<\/p>\n<p>Dans leur communiqu\u00e9, le parquet et la police indiquent que les trois personnes, \u00ab\u00a0appartenant au milieu des militants \u00e9cologistes\u00a0\u00bb, ont \u00e9t\u00e9 arr\u00eat\u00e9es \u00e0 proximit\u00e9 de l\u2019<a href=\"https:\/\/www.20minutes.fr\/dossier\/avion\" class=\"c-link c-link--is-underlined\" target=\"_blank\" rel=\"noopener\">avion<\/a>. \u00ab\u00a0Compte tenu des circonstances de leur interpellation, il est \u00e0 supposer qu\u2019ils avaient l\u2019intention d\u2019endommager\u00a0\u00bb l\u2019appareil, selon les autorit\u00e9s judiciaires, Friedrich Merz \u00e9tant pr\u00e9sent\u00e9 comme un pilote amateur.<\/p>\n<\/p>\n<p>Un \u00ab\u00a0collectif de r\u00e9sistance\u00a0\u00bb<\/p>\n<p>Le groupe \u00e0 l\u2019origine de l\u2019action, qui se d\u00e9signe comme un \u00ab\u00a0collectif de r\u00e9sistance\u00a0\u00bb, affirme que son objectif \u00e9tait \u00ab\u00a0de peindre en rose l\u2019avion pour qu\u2019il soit retir\u00e9 du trafic a\u00e9rien \u00e0 long terme\u00a0\u00bb. Il ajoute que \u00ab\u00a0les militants avaient en outre apport\u00e9 un <a href=\"https:\/\/www.20minutes.fr\/dossier\/velo\" class=\"c-link c-link--is-underlined\" target=\"_blank\" rel=\"noopener\">v\u00e9lo<\/a> pour que le chancelier puisse utiliser un moyen de transport respectueux du climat\u00a0\u00bb.<\/p>\n<p><a href=\"https:\/\/www.20minutes.fr\/dossier\/allemagne\" class=\"c-link c-btn c-btn--primary\" target=\"_blank\" rel=\"noopener\">Les derni\u00e8res actus sur l&rsquo;Allemagne <\/a><\/p>\n<p>Parmi les participants, Anja Windl, \u00e9tudiante cit\u00e9e dans le communiqu\u00e9, critique Friedrich Merz \u00ab\u00a0qui parcourt le monde dans son propre avion\u00a0\u00bb alors que \u00ab\u00a0la catastrophe climatique s\u2019aggrave, la faim, la chaleur et les catastrophes naturelles co\u00fbtent la vie \u00e0 des personnes\u00a0\u00bb. Ces derni\u00e8res ann\u00e9es, des a\u00e9roports allemands ont \u00e9t\u00e9 r\u00e9guli\u00e8rement cibl\u00e9s par des militants oppos\u00e9s aux \u00e9missions de <a href=\"https:\/\/www.20minutes.fr\/planete\/co2\/\" class=\"c-link c-link--is-underlined\" target=\"_blank\" rel=\"noopener\">CO2<\/a> du transport a\u00e9rien. En octobre, le groupe Neue Generation avait d\u00e9j\u00e0 men\u00e9 une action au si\u00e8ge du parti conservateur du chancelier \u00e0 Berlin, d\u00e9non\u00e7ant les \u00ab\u00a0multiples liens \u00e9conomiques et de lobbying\u00a0\u00bb de Friedrich Merz.<\/p>\n","protected":false},"excerpt":{"rendered":"Un coup de neuf pour mettre un coup de pression. Les autorit\u00e9s allemandes ont annonc\u00e9 jeudi l\u2019arrestation de&hellip;\n","protected":false},"author":2,"featured_media":684760,"comment_status":"","ping_status":"","sticky":false,"template":"","format":"standard","meta":{"footnotes":""},"categories":[1587],"tags":[47,11,672,37,1804,1805,1803,51,1777,674,4710,1801,74,12,1800,1802],"class_list":{"0":"post-684759","1":"post","2":"type-post","3":"status-publish","4":"format-standard","5":"has-post-thumbnail","7":"category-allemagne","8":"tag-actualite","9":"tag-actualites","10":"tag-allemagne","11":"tag-avion","12":"tag-bundesrepublik-deutschland","13":"tag-de","14":"tag-deutschland","15":"tag-ecologie","16":"tag-eu","17":"tag-europe","18":"tag-friedrich-merz","19":"tag-germany","20":"tag-monde","21":"tag-news","22":"tag-pollution","23":"tag-republique-federale-dallemagne"},"share_on_mastodon":{"url":"https:\/\/pubeurope.com\/@fr\/115946953418765651","error":""},"_links":{"self":[{"href":"https:\/\/www.europesays.com\/fr\/wp-json\/wp\/v2\/posts\/684759","targetHints":{"allow":["GET"]}}],"collection":[{"href":"https:\/\/www.europesays.com\/fr\/wp-json\/wp\/v2\/posts"}],"about":[{"href":"https:\/\/www.europesays.com\/fr\/wp-json\/wp\/v2\/types\/post"}],"author":[{"embeddable":true,"href":"https:\/\/www.europesays.com\/fr\/wp-json\/wp\/v2\/users\/2"}],"replies":[{"embeddable":true,"href":"https:\/\/www.europesays.com\/fr\/wp-json\/wp\/v2\/comments?post=684759"}],"version-history":[{"count":0,"href":"https:\/\/www.europesays.com\/fr\/wp-json\/wp\/v2\/posts\/684759\/revisions"}],"wp:featuredmedia":[{"embeddable":true,"href":"https:\/\/www.europesays.com\/fr\/wp-json\/wp\/v2\/media\/684760"}],"wp:attachment":[{"href":"https:\/\/www.europesays.com\/fr\/wp-json\/wp\/v2\/media?parent=684759"}],"wp:term":[{"taxonomy":"category","embeddable":true,"href":"https:\/\/www.europesays.com\/fr\/wp-json\/wp\/v2\/categories?post=684759"},{"taxonomy":"post_tag","embeddable":true,"href":"https:\/\/www.europesays.com\/fr\/wp-json\/wp\/v2\/tags?post=684759"}],"curies":[{"name":"wp","href":"https:\/\/api.w.org\/{rel}","templated":true}]}}