{"id":684761,"date":"2026-01-23T23:14:20","date_gmt":"2026-01-23T23:14:20","guid":{"rendered":"https:\/\/www.europesays.com\/fr\/684761\/"},"modified":"2026-01-23T23:14:20","modified_gmt":"2026-01-23T23:14:20","slug":"en-cloture-de-davos-christine-lagarde-bce-remercie-ceux-qui-critiquent-leurope","status":"publish","type":"post","link":"https:\/\/www.europesays.com\/fr\/684761\/","title":{"rendered":"En cl\u00f4ture de Davos, Christine Lagarde (BCE) remercie \u00abceux qui critiquent l&rsquo;Europe\u00bb"},"content":{"rendered":"<p>Cinq jours de d\u00e9bats, 3 000 participants, dont <strong>64 chefs d\u2019Etat<\/strong>, des dizaines de chefs d\u2019entreprise et surtout des prises de position remarqu\u00e9es. Pour sa nouvelle \u00e9dition, <a href=\"https:\/\/www.capital.fr\/economie-politique\/delegation-americaine-record-les-patrons-de-microsoft-et-nvidia-en-vedette-a-quoi-faut-il-sattendre-au-forum-de-davos-2026-1522979\" target=\"_blank\" rel=\"noopener\">le Forum \u00e9conomique mondial de Davos<\/a> n\u2019a pas d\u00e9\u00e7u, marqu\u00e9 notamment par la passe d\u2019armes interpos\u00e9e entre <a href=\"https:\/\/www.capital.fr\/economie-politique\/face-aux-etats-unis-qui-cherchent-a-affaiblir-leurope-il-faut-des-outils-tres-puissants-declare-emmanuel-macron-1523002\" target=\"_blank\" rel=\"noopener\">Emmanuel Macron<\/a> et Donald Trump <strong>sur fond de tensions g\u00e9opolitiques<\/strong>. Menac\u00e9 par les droits de douane \u00e9voqu\u00e9s par le pr\u00e9sident am\u00e9ricain, Emmanuel Macron a dans un premier temps r\u00e9clam\u00e9 des outils \u00abtr\u00e8s puissants\u00bb face aux Etats-Unis qui \u00abcherchent \u00e0 affaiblir l\u2019Europe\u00bb.<\/p>\n<p>En r\u00e9ponse le lendemain, apr\u00e8s avoir moqu\u00e9 l\u2019utilisation de lunettes par le pr\u00e9sident fran\u00e7ais, <a href=\"https:\/\/www.capital.fr\/economie-politique\/donald-trump-menace-la-france-de-droits-de-douane-de-200-sur-ses-vins-et-champagnes-1522983\" target=\"_blank\" rel=\"noopener\">Donald Trump<\/a> a estim\u00e9 que ce dernier avait \u00abessay\u00e9 de faire le dur \u00e0 cuire\u00bb. Plus globalement, Donald Trump a critiqu\u00e9 l\u2019Europe, remettant parfois en cause <strong>l\u2019unit\u00e9 sur le continent<\/strong>. \u00abL&rsquo;Europe a pas mal \u00e9t\u00e9 d\u00e9nigr\u00e9e ces derniers jours, mais au fond, c&rsquo;est plut\u00f4t une bonne chose et nous devrions remercier ceux qui la d\u00e9nigrent\u00bb, a lanc\u00e9 Christine Lagarde en cl\u00f4ture du forum, souligne <a href=\"https:\/\/www.bfmtv.com\/economie\/international\/merci-a-ceux-qui-denigrent-l-europe-en-cloture-du-forum-de-davos-christine-lagarde-estime-que-c-est-grace-aux-critiques-notamment-de-trump-que-l-europe-va-s-ameliorer_AD-202601230551.html\" rel=\"nofollow noopener\" target=\"_blank\">BFM<\/a>. Un \u00abEurope bashing\u00bb qui satisfait finalement la pr\u00e9sidente de <a href=\"https:\/\/www.capital.fr\/economie-politique\/banque-centrale-europeenne-bce-role-siege-et-taux-1500087\" target=\"_blank\" rel=\"noopener\">la Banque centrale europ\u00e9enne<\/a>.<\/p>\n<p>Christine Lagarde appelle \u00e0 travailler main dans la main<\/p>\n<p>Pourquoi ? Car pour l\u2019ancienne pr\u00e9sidente du FMI, cela va faire prendre conscience \u00e0 <strong>l\u2019Europe qu\u2019elle doit r\u00e9agir<\/strong> et \u00abse concentrer davantage sur l&rsquo;innovation, l&rsquo;am\u00e9lioration de la productivit\u00e9 et tout le reste\u00bb. Rappelant que nous \u00e9tions tous \u00abd\u00e9pendants les uns des autres\u00bb, Christine Lagarde a pris pour exemple l\u2019intelligence artificielle \u00abqui demande beaucoup d\u2019investissements, d\u2019\u00e9nergie et de datas\u00bb, notamment parce que l\u2019IA prosp\u00e8re quand il y a beaucoup de ressources.<\/p>\n<p>\u00abSi nous ne travaillons pas les uns avec les autres, si nous n\u2019avons pas de r\u00e8gles, il y aura moins de donn\u00e9es \u00e0 traiter, moins d\u2019investissements et cela ne permettrait pas la prosp\u00e9rit\u00e9 d\u2019un secteur qui nous dirige\u00bb, a-t-elle poursuivi, r\u00e9clamant surtout de \u00abdistinguer les signaux du bruit\u00bb et de \u00abdire la v\u00e9rit\u00e9\u00bb. Une sortie faisant \u00e9cho aux nombreuses approximations faites par Donald Trump au cours de son long discours ou encore aux <strong>piques de Volodymyr Zelensky<\/strong> pointant une Europe \u00abfragment\u00e9e\u00bb.<\/p>\n<p>La confiance \u00abbeaucoup sap\u00e9e\u00bb<\/p>\n<p>Si Christine Lagarde a rappel\u00e9 avoir une \u00abimmense confiance et affection pour le peuple am\u00e9ricain\u00bb, elle a mis en garde : \u00abB\u00e2tir la confiance prend du temps, mais la saper beaucoup moins\u00bb, soulignant que cette confiance avait \u00e9t\u00e9 \u00absap\u00e9e un peu, peut-\u00eatre beaucoup\u00bb. En cl\u00f4ture, <strong>la pr\u00e9sidente du FMI a d\u00e9plor\u00e9 une croissance<\/strong> \u00abinsuffisante\u00bb. \u00abNe c\u00e9dons pas \u00e0 la complaisance. La croissance n&rsquo;est pas assez solide. Et parce qu&rsquo;elle ne l&rsquo;est pas, la dette qui p\u00e8se sur nous, qui atteint 100% du PIB, va devenir un fardeau particuli\u00e8rement lourd\u00bb, a mis en garde Kristalina Georgieva.<\/p>\n","protected":false},"excerpt":{"rendered":"Cinq jours de d\u00e9bats, 3 000 participants, dont 64 chefs d\u2019Etat, des dizaines de chefs d\u2019entreprise et surtout&hellip;\n","protected":false},"author":2,"featured_media":684762,"comment_status":"","ping_status":"","sticky":false,"template":"","format":"standard","meta":{"footnotes":""},"categories":[1586],"tags":[11,55317,25440,32440,75,1777,674,1011,27,12,25,2475],"class_list":{"0":"post-684761","1":"post","2":"type-post","3":"status-publish","4":"format-standard","5":"has-post-thumbnail","7":"category-europe","8":"tag-actualites","9":"tag-banque-centrale-europu00e9enne","10":"tag-christine-lagarde","11":"tag-davos","12":"tag-donald-trump","13":"tag-eu","14":"tag-europe","15":"tag-fr","16":"tag-france","17":"tag-news","18":"tag-republique-francaise","19":"tag-union-europu00e9enne"},"share_on_mastodon":{"url":"https:\/\/pubeurope.com\/@fr\/115946957339638334","error":""},"_links":{"self":[{"href":"https:\/\/www.europesays.com\/fr\/wp-json\/wp\/v2\/posts\/684761","targetHints":{"allow":["GET"]}}],"collection":[{"href":"https:\/\/www.europesays.com\/fr\/wp-json\/wp\/v2\/posts"}],"about":[{"href":"https:\/\/www.europesays.com\/fr\/wp-json\/wp\/v2\/types\/post"}],"author":[{"embeddable":true,"href":"https:\/\/www.europesays.com\/fr\/wp-json\/wp\/v2\/users\/2"}],"replies":[{"embeddable":true,"href":"https:\/\/www.europesays.com\/fr\/wp-json\/wp\/v2\/comments?post=684761"}],"version-history":[{"count":0,"href":"https:\/\/www.europesays.com\/fr\/wp-json\/wp\/v2\/posts\/684761\/revisions"}],"wp:featuredmedia":[{"embeddable":true,"href":"https:\/\/www.europesays.com\/fr\/wp-json\/wp\/v2\/media\/684762"}],"wp:attachment":[{"href":"https:\/\/www.europesays.com\/fr\/wp-json\/wp\/v2\/media?parent=684761"}],"wp:term":[{"taxonomy":"category","embeddable":true,"href":"https:\/\/www.europesays.com\/fr\/wp-json\/wp\/v2\/categories?post=684761"},{"taxonomy":"post_tag","embeddable":true,"href":"https:\/\/www.europesays.com\/fr\/wp-json\/wp\/v2\/tags?post=684761"}],"curies":[{"name":"wp","href":"https:\/\/api.w.org\/{rel}","templated":true}]}}