{"id":684769,"date":"2026-01-23T23:18:11","date_gmt":"2026-01-23T23:18:11","guid":{"rendered":"https:\/\/www.europesays.com\/fr\/684769\/"},"modified":"2026-01-23T23:18:11","modified_gmt":"2026-01-23T23:18:11","slug":"danone-rappelle-deux-lots-de-lait-infantile-en-france-voici-les-marques-concernees","status":"publish","type":"post","link":"https:\/\/www.europesays.com\/fr\/684769\/","title":{"rendered":"Danone rappelle deux lots de lait infantile en France : voici les marques concern\u00e9es"},"content":{"rendered":"<p class=\"article-p mdl\">La fin du suspense. Apr\u00e8s avoir annonc\u00e9\u00a0<a class=\"link\" href=\"https:\/\/www.rtl.fr\/actu\/sante\/un-principe-de-precaution-maximale-pourquoi-danone-a-elargi-son-rappel-de-lots-de-lait-infantile-7900592887\" target=\"_blank\" rel=\"noopener\">\u00e9largir son rappel de lots de lait infantile<\/a>\u00a0ce vendredi 23 janvier 2026, sans pr\u00e9ciser les marques ou les pays concern\u00e9s, le g\u00e9ant agroalimentaire a finalement lev\u00e9 le voile plus tard dans la soir\u00e9e.\u00a0<\/p>\n<p class=\"article-p mdl\">Il s&rsquo;av\u00e8re que la France est sur la liste. Les autorit\u00e9s ont assur\u00e9 que tous les lots concern\u00e9s par une possible contamination d&rsquo;origine bact\u00e9rienne avaient \u00e9t\u00e9 retir\u00e9s du march\u00e9.\u00a0<\/p>\n<p>            Ce qu&rsquo;il faut savoir sur les deux lots rappel\u00e9s<\/p>\n<p class=\"article-p mdl\">Voici donc les deux lots concern\u00e9s par ce rappel volontaire de Danone que vous pouvez habituellement trouver dans les rayons de vos supermarch\u00e9s :<br \/>&#8211; <strong>Gallia : Calisma Relais 1er \u00e2ge (0-6 mois)<\/strong><br \/>&#8211; <strong>Bl\u00e9dina : \u00ab\u00a0Bl\u00e9dilait\u00a0\u00bb 1er \u00e2ge (0-6 mois)<\/strong><\/p>\n<p class=\"article-p mdl\"><a class=\"link\" href=\"https:\/\/rappel.conso.gouv.fr\/fiche-rappel\/21048\/Interne\" target=\"_blank\" rel=\"noopener\">Pour la bo\u00eete de lait en poudre Gallia<\/a>, Rappel Conso pr\u00e9cise qu&rsquo;il s&rsquo;agit d&rsquo;une bo\u00eete de 830 g vendue du 28 mai 2025 au 23 janvier 2026 dans la grande distribution (Auchan, Carrefour, Syst\u00e8me U, Cora, Leclerc, Intermarch\u00e9) et dans le r\u00e9seau de cr\u00e8ches. Voici les informations \u00e0 conna\u00eetre sur ce produit :\u00a0<br \/>&#8211; code-barres : 3041091725943<br \/>&#8211; num\u00e9ro de lot :\u00a0111501972<br \/>&#8211; date d&rsquo;expiration : le 13 octobre 2026<\/p>\n<p class=\"article-p mdl\"><a class=\"link\" href=\"https:\/\/rappel.conso.gouv.fr\/fiche-rappel\/21049\/Interne\" target=\"_blank\" rel=\"noopener\">Pour Bl\u00e9dina<\/a>, il s&rsquo;agit d&rsquo;une bo\u00eete \u00ab\u00a0Bl\u00e9dilait\u00a0\u00bb de 400 g vendue du 12 juin 2025 au 23 janvier 2026 dans la grande distribution et les grossistes pharmaceutiques sur certaines zones d&rsquo;<a class=\"link\" href=\"https:\/\/www.rtl.fr\/sujet\/outre-mer\" target=\"_blank\" rel=\"noopener\">Outre-mer<\/a>\u00a0(Martinique, Guadeloupe, R\u00e9union, Mayotte, Guyane, Polyn\u00e9sie fran\u00e7aise et Wallis et Futuna).<strong>\u00a0<\/strong>Voici les informations \u00e0 conna\u00eetre :\u00a0<br \/>&#8211; code-barres : 3041091470966<br \/>&#8211; num\u00e9ro de lot :\u00a02026.10.29<br \/>&#8211; date d&rsquo;expiration : le 29 octobre 2026\u00a0<\/p>\n<p>            Pourquoi un \u00e9largissement du rappel ?<\/p>\n<p class=\"article-p mdl\">\u00ab\u00a0Afin de se conformer aux derni\u00e8res recommandations de certains pays,\u00a0<a class=\"link\" href=\"https:\/\/www.rtl.fr\/actu\/economie-consommation\/un-bout-d-histoire-de-france-qui-tire-le-rideau-danone-va-delocaliser-sa-production-de-petits-pots-bledina-en-pologne-7900564843\" target=\"_blank\" rel=\"noopener\">Danone<\/a>\u00a0proc\u00e9dera au retrait, sur certains march\u00e9s cibl\u00e9s, d&rsquo;un nombre tr\u00e8s limit\u00e9 de lots sp\u00e9cifiques de laits infantiles\u00a0\u00bb, avait fait savoir le groupe.<\/p>\n<p class=\"article-p mdl\">\u00c0 l&rsquo;origine de cette d\u00e9cision, un durcissement des contr\u00f4les par les autorit\u00e9s sanitaires sur\u00a0<a class=\"link\" href=\"https:\/\/www.rtl.fr\/actu\/sante\/lait-infantile-pourquoi-il-sera-difficile-de-prouver-la-presence-de-cereulide-toxine-soupconnee-d-etre-a-l-origine-de-la-mort-de-deux-bebes-7900592464\" target=\"_blank\" rel=\"noopener\">la bact\u00e9rie \u00e0 l&rsquo;origine de la contamination<\/a>. Les seuils de d\u00e9tection ont \u00e9t\u00e9 abaiss\u00e9s : d\u00e9sormais, la quantit\u00e9 de bact\u00e9rie tol\u00e9r\u00e9e dans le produit final est encore plus faible qu&rsquo;avant. C&rsquo;est cela qui a contraint Danone \u00e0 rappeler certains lots cibl\u00e9s de lait infantile.<\/p>\n<p>    La r\u00e9daction vous recommande<\/p>\n<p class=\"s-newsletter__title\">\n                L\u2019actualit\u00e9 par la r\u00e9daction de RTL dans votre bo\u00eete mail.\n            <\/p>\n<p class=\"s-newsletter__subtitle\">\n                Gr\u00e2ce \u00e0 votre compte RTL abonnez-vous \u00e0 la newsletter RTL info pour suivre toute l&rsquo;actualit\u00e9 au quotidien\n            <\/p>\n<p>\n                                    Lire la suite\n                                <\/p>\n","protected":false},"excerpt":{"rendered":"La fin du suspense. Apr\u00e8s avoir annonc\u00e9\u00a0\u00e9largir son rappel de lots de lait infantile\u00a0ce vendredi 23 janvier 2026,&hellip;\n","protected":false},"author":2,"featured_media":684770,"comment_status":"","ping_status":"","sticky":false,"template":"","format":"standard","meta":{"footnotes":""},"categories":[4],"tags":[11,258,3493,1719,107,1011,27,12,25],"class_list":{"0":"post-684769","1":"post","2":"type-post","3":"status-publish","4":"format-standard","5":"has-post-thumbnail","7":"category-france","8":"tag-actualites","9":"tag-alimentation","10":"tag-bebe","11":"tag-enfants","12":"tag-fil-info","13":"tag-fr","14":"tag-france","15":"tag-news","16":"tag-republique-francaise"},"share_on_mastodon":{"url":"https:\/\/pubeurope.com\/@fr\/115946973064146496","error":""},"_links":{"self":[{"href":"https:\/\/www.europesays.com\/fr\/wp-json\/wp\/v2\/posts\/684769","targetHints":{"allow":["GET"]}}],"collection":[{"href":"https:\/\/www.europesays.com\/fr\/wp-json\/wp\/v2\/posts"}],"about":[{"href":"https:\/\/www.europesays.com\/fr\/wp-json\/wp\/v2\/types\/post"}],"author":[{"embeddable":true,"href":"https:\/\/www.europesays.com\/fr\/wp-json\/wp\/v2\/users\/2"}],"replies":[{"embeddable":true,"href":"https:\/\/www.europesays.com\/fr\/wp-json\/wp\/v2\/comments?post=684769"}],"version-history":[{"count":0,"href":"https:\/\/www.europesays.com\/fr\/wp-json\/wp\/v2\/posts\/684769\/revisions"}],"wp:featuredmedia":[{"embeddable":true,"href":"https:\/\/www.europesays.com\/fr\/wp-json\/wp\/v2\/media\/684770"}],"wp:attachment":[{"href":"https:\/\/www.europesays.com\/fr\/wp-json\/wp\/v2\/media?parent=684769"}],"wp:term":[{"taxonomy":"category","embeddable":true,"href":"https:\/\/www.europesays.com\/fr\/wp-json\/wp\/v2\/categories?post=684769"},{"taxonomy":"post_tag","embeddable":true,"href":"https:\/\/www.europesays.com\/fr\/wp-json\/wp\/v2\/tags?post=684769"}],"curies":[{"name":"wp","href":"https:\/\/api.w.org\/{rel}","templated":true}]}}