{"id":684796,"date":"2026-01-23T23:38:16","date_gmt":"2026-01-23T23:38:16","guid":{"rendered":"https:\/\/www.europesays.com\/fr\/684796\/"},"modified":"2026-01-23T23:38:16","modified_gmt":"2026-01-23T23:38:16","slug":"lecornu-promet-la-construction-de-2-millions-de-logements-dici-a-2030","status":"publish","type":"post","link":"https:\/\/www.europesays.com\/fr\/684796\/","title":{"rendered":"Lecornu promet la construction de \u00ab\u00a02\u00a0millions de logements d\u2019ici \u00e0\u00a02030\u00a0\u00bb"},"content":{"rendered":"<p>Lors d\u2019un point presse \u00e0 Rosny-sous-Bois, en Seine-Saint-Denis, ce vendredi, <a href=\"https:\/\/www.20minutes.fr\/politique\/sebastien-lecornu\/\" class=\"c-link c-link--is-underlined\" rel=\"nofollow noopener\" target=\"_blank\">S\u00e9bastien Lecornu<\/a> a d\u00e9clar\u00e9 se donner un objectif de construction de \u00ab\u00a02\u00a0millions de logements d\u2019ici \u00e0\u00a02030\u00a0\u00bb.<\/p>\n<p>\u00ab\u00a0C\u2019est absolument colossal. C\u2019est 400.000 logements par an\u00a0\u00bb, a-t-il annonc\u00e9. Le logement fait partie \u00ab\u00a0des grandes urgences dans le pays\u00a0\u00bb qui \u00ab\u00a0ne pourront pas attendre le grand d\u00e9bat de (<a href=\"https:\/\/www.20minutes.fr\/diaporama\/diaporama-4181125-images-tous-candidats-declares-election-presidentielle-2027-ceux-pensent-tres-fort\" class=\"c-link c-link--is-underlined\" rel=\"nofollow noopener\" target=\"_blank\">la pr\u00e9sidentielle<\/a>) de\u00a02027\u00a0\u00bb, a-t-il poursuivi. Une annonce qui illustre l\u2019objectif principal d\u2019un <a href=\"https:\/\/www.20minutes.fr\/economie\/immobilier\/4120635-20241206-crise-logement-frappe-plein-fouet-francais\" class=\"c-link c-link--is-underlined\" rel=\"nofollow noopener\" target=\"_blank\">plan de relance pour le logement<\/a>, pr\u00e9sent\u00e9 par le chef du gouvernement comme \u00ab\u00a0un des plans les plus radicaux de ces dix derni\u00e8res ann\u00e9es dans sa philosophie\u00a0\u00bb afin de \u00ab\u00a0relancer massivement la construction et la r\u00e9novation\u00a0\u00bb.<\/p>\n<p>Un objectif de simplification des projets immobiliers<\/p>\n<p>S\u00e9bastien Lecornu en a \u00e9galement profit\u00e9 pour pr\u00e9senter les grands principes de ce futur plan\u00a0: \u00ab\u00a0Un soutien financier in\u00e9dit aux bailleurs sociaux\u00a0\u00bb inscrit dans <a href=\"https:\/\/www.20minutes.fr\/politique\/4197184-20260121-budget-2026-impot-riches-taxe-grandes-entreprises-maprimerenov-sait-texte-lecornu\" class=\"c-link c-link--is-underlined\" rel=\"nofollow noopener\" target=\"_blank\">le budget 2026<\/a>, \u00ab\u00a0l\u2019\u00e9pargne des Fran\u00e7ais pour relancer l\u2019investissement locatif\u00a0\u00bb ainsi qu\u2019un \u00ab\u00a0calendrier d\u2019engagements pour simplifier les projets immobiliers\u00a0\u00bb, en s\u2019appuyant sur les \u00e9lus locaux et les acteurs du secteur.<\/p>\n<\/p>\n<p>Un nouveau dispositif d\u2019investissement locatif, qui pourrait prendre le nom de Vincent Jeanbrun, en remplacement du dispositif Pinel, a aussi \u00e9t\u00e9 salu\u00e9 par les professionnels du secteur. Il s\u2019agit d\u2019une version am\u00e9lior\u00e9e du \u00ab\u00a0statut du bailleur priv\u00e9\u00a0\u00bb, un avantage fiscal destin\u00e9 \u00e0 encourager les particuliers \u00e0 investir dans un logement pour le louer, et qui devrait \u00ab\u00a0permettre de construire pr\u00e8s de 50.000 logements en plus par an\u00a0\u00bb, selon le ministre du Logement. Il devrait ainsi g\u00e9n\u00e9rer plus de 500\u00a0millions d\u2019euros de recettes fiscales.<\/p>\n","protected":false},"excerpt":{"rendered":"Lors d\u2019un point presse \u00e0 Rosny-sous-Bois, en Seine-Saint-Denis, ce vendredi, S\u00e9bastien Lecornu a d\u00e9clar\u00e9 se donner un objectif&hellip;\n","protected":false},"author":2,"featured_media":684797,"comment_status":"","ping_status":"","sticky":false,"template":"","format":"standard","meta":{"footnotes":"","_share_on_mastodon":"0"},"categories":[6],"tags":[47,1003,35,33,34,1011,27,662,1908,13248,3363,30223,11067,1945,104],"class_list":["post-684796","post","type-post","status-publish","format-standard","has-post-thumbnail","category-economie","tag-actualite","tag-budget","tag-business","tag-economie","tag-economy","tag-fr","tag-france","tag-ile-de-france","tag-logement","tag-mal-logement","tag-premier-ministre","tag-rosny-sous-bois","tag-sebastien-lecornu","tag-seine-saint-denis","tag-societe"],"share_on_mastodon":{"url":"https:\/\/pubeurope.com\/@fr\/115947051601728611","error":""},"_links":{"self":[{"href":"https:\/\/www.europesays.com\/fr\/wp-json\/wp\/v2\/posts\/684796","targetHints":{"allow":["GET"]}}],"collection":[{"href":"https:\/\/www.europesays.com\/fr\/wp-json\/wp\/v2\/posts"}],"about":[{"href":"https:\/\/www.europesays.com\/fr\/wp-json\/wp\/v2\/types\/post"}],"author":[{"embeddable":true,"href":"https:\/\/www.europesays.com\/fr\/wp-json\/wp\/v2\/users\/2"}],"replies":[{"embeddable":true,"href":"https:\/\/www.europesays.com\/fr\/wp-json\/wp\/v2\/comments?post=684796"}],"version-history":[{"count":0,"href":"https:\/\/www.europesays.com\/fr\/wp-json\/wp\/v2\/posts\/684796\/revisions"}],"wp:featuredmedia":[{"embeddable":true,"href":"https:\/\/www.europesays.com\/fr\/wp-json\/wp\/v2\/media\/684797"}],"wp:attachment":[{"href":"https:\/\/www.europesays.com\/fr\/wp-json\/wp\/v2\/media?parent=684796"}],"wp:term":[{"taxonomy":"category","embeddable":true,"href":"https:\/\/www.europesays.com\/fr\/wp-json\/wp\/v2\/categories?post=684796"},{"taxonomy":"post_tag","embeddable":true,"href":"https:\/\/www.europesays.com\/fr\/wp-json\/wp\/v2\/tags?post=684796"}],"curies":[{"name":"wp","href":"https:\/\/api.w.org\/{rel}","templated":true}]}}