{"id":684800,"date":"2026-01-23T23:40:10","date_gmt":"2026-01-23T23:40:10","guid":{"rendered":"https:\/\/www.europesays.com\/fr\/684800\/"},"modified":"2026-01-23T23:40:10","modified_gmt":"2026-01-23T23:40:10","slug":"il-navait-plus-dargent-pour-payer-la-rente-du-viager-il-decide-de-tuer-lhomme-de-88-ans","status":"publish","type":"post","link":"https:\/\/www.europesays.com\/fr\/684800\/","title":{"rendered":"Il n\u2019avait plus d\u2019argent pour payer la rente du viager, il d\u00e9cide de tuer l\u2019homme de 88 ans"},"content":{"rendered":"<p>\n                                                                    l&rsquo;essentiel<br \/>\n                                                                Le meurtre de L\u00e9on Stablo, 88 ans, \u00e0 Branne (Gironde), r\u00e9v\u00e8le une sombre affaire de viager. Un charpentier sans emploi a avou\u00e9 l\u2019avoir tu\u00e9 pour acc\u00e9l\u00e9rer l\u2019acquisition de sa maison. Sa compagne est \u00e9galement mise en examen.\n                            <\/p>\n<p>Le crime n\u2019\u00e9tait absolument pas parfait. Ce mardi 20\u00a0janvier, le corps sans vie de L\u00e9on Stablo, un homme de 88 ans, est retrouv\u00e9 par l\u2019un des membres de sa famille dans l\u2019escalier de son domicile, rapporte <a href=\"https:\/\/france3-regions.franceinfo.fr\/nouvelle-aquitaine\/gironde\/bordeaux\/assassinat-d-un-homme-de-88-ans-il-songeait-depuis-plusieurs-mois-a-passer-a-l-acte-le-meurtrier-de-leon-stablo-reconnait-son-geste-3287202.html\" target=\"_blank\" rel=\"noopener\">France 3<\/a>. Le corps de la victime, rou\u00e9 de coups, portait de multiples traces de violence sugg\u00e9rant l\u2019implication d\u2019un tiers.<\/p>\n<p>Une enqu\u00eate a rapidement \u00e9t\u00e9 ouverte et confi\u00e9e \u00e0 la brigade de recherches de Libourne. Que s\u2019est-il pass\u00e9 derri\u00e8re les volets de cette demeure situ\u00e9e \u00e0 Branne (Gironde)\u00a0? D\u00e8s le lendemain, le parquet de Libourne \u00e9voquait \u00ab\u00a0l\u2019intervention d\u2019un tiers dans le d\u00e9c\u00e8s\u00a0\u00bb mis en \u00e9vidence lors des premi\u00e8res constatations.<\/p>\n<p>Sc\u00e8ne de crime<\/p>\n<p>Sur la sc\u00e8ne de crime, de nombreuses traces de sang avaient \u00e9t\u00e9 d\u00e9couvertes \u00e0 proximit\u00e9 du corps par les gendarmes, indiquent nos confr\u00e8res. \u00ab\u00a0Ainsi que des projections dans d\u2019autres pi\u00e8ces de la maison et sur la poign\u00e9e d\u2019une fen\u00eatre ouverte, alors que le domicile \u00e9tait verrouill\u00e9 de l\u2019int\u00e9rieur\u00a0\u00bb, avait pr\u00e9cis\u00e9 le procureur \u00e0 <a href=\"https:\/\/www.francebleu.fr\/infos\/faits-divers-justice\/il-avoue-avoir-tue-pour-recuperer-la-maison-achetee-en-viager-un-homme-mis-en-examen-pour-assassinat-en-gironde-3035301\" target=\"_blank\" rel=\"noopener\">Ici Gironde<\/a>.<\/p>\n<p class=\"std-elt__inline\">\n        <strong>\u00c0 lire aussi :<\/strong><br \/>\n        <a href=\"https:\/\/www.ladepeche.fr\/2025\/06\/26\/on-ne-doit-pas-etre-affairiste-viager-suspect-a-toulouse-quelles-sont-les-limites-deontologiques-des-notaires-12787509.php\" target=\"_blank\" rel=\"noopener\">\u00ab\u00a0On ne doit pas \u00eatre affairiste\u00a0\u00bb\u00a0: viager suspect \u00e0 Toulouse, quelles sont les limites d\u00e9ontologiques des notaires\u00a0?<\/a>\n    <\/p>\n<p>D\u2019apr\u00e8s l\u2019autopsie cit\u00e9e par le procureur, l\u2019octog\u00e9naire a \u00e9t\u00e9 frapp\u00e9 au visage avec un objet contondant avant d\u2019\u00eatre \u00e9trangl\u00e9. Le parquet d\u00e9taille une \u00ab\u00a0d\u00e9compensation cardiorespiratoire terminale\u00a0\u00bb cons\u00e9cutive \u00e0 un syndrome asphyxique provoqu\u00e9 par une obstruction de la bouche et une possible strangulation.<\/p>\n<p>Pr\u00e9m\u00e9ditation<\/p>\n<p>Les enqu\u00eateurs ont vite avanc\u00e9 dans leurs investigations puisqu\u2019un habitant de la commune a \u00e9t\u00e9 interpell\u00e9 et plac\u00e9 en garde \u00e0 vue d\u00e8s le mercredi. Le suspect est un homme de 38 ans sans emploi mais charpentier de formation. Lors de sa garde \u00e0 vue, il a avou\u00e9 avoir d\u00e9lib\u00e9r\u00e9ment tu\u00e9 L\u00e9on Stablo pour disposer plus rapidement de la maison. Il avait acquis ce bien en viager au cours de l\u2019ann\u00e9e 2023. Selon ses d\u00e9clarations, rapport\u00e9es par le procureur, l\u2019homme \u00ab\u00a0songeait depuis plusieurs mois \u00e0 passer \u00e0 l\u2019acte\u00a0\u00bb.<\/p>\n<p class=\"std-elt__inline\">\n        <strong>\u00c0 lire aussi :<\/strong><br \/>\n        <a href=\"https:\/\/www.ladepeche.fr\/2025\/06\/23\/les-notaires-achetent-un-bien-en-viager-a-une-retraitee-qui-decede-28-jours-plus-tard-le-parquet-requiert-des-peines-de-prison-12780597.php\" target=\"_blank\" rel=\"noopener\">Les notaires ach\u00e8tent un bien en viager \u00e0 une retrait\u00e9e malade qui meurt 28 jours plus tard\u00a0: le parquet requiert des peines de prison<\/a>\n    <\/p>\n<p>D\u2019apr\u00e8s un proche de l\u2019enqu\u00eate, le suspect ne parvenait plus \u00e0 payer la rente viag\u00e8re. Le trentenaire a \u00e9t\u00e9 inculp\u00e9 pour assassinat avant d\u2019\u00eatre \u00e9crou\u00e9 en l\u2019attente de son proc\u00e8s. Sa compagne, une femme de 41 ans, est \u00e9galement poursuivie. Elle a \u00e9t\u00e9 mise en examen pour non-d\u00e9nonciation de crime, abstention volontaire d\u2019emp\u00eacher un crime et recel d\u2019objet pour faire obstacle \u00e0 la v\u00e9rit\u00e9. La quadrag\u00e9naire a \u00e9t\u00e9 plac\u00e9e sous contr\u00f4le judiciaire.<\/p>\n<p>Qui \u00e9tait la victime\u00a0?<\/p>\n<p>L\u00e9on Stablo \u00e9tait un visage bien connu dans sa commune. En effet, il a \u00e9t\u00e9 premier adjoint au maire de Branne durant quatre mandatures, de 1989 \u00e0 2014. L\u2019octog\u00e9naire, qui avait une fille et un petit-fils, vivait seul \u00e0 son domicile. Notable install\u00e9 dans le village, la victime \u00e9tait un ancien inspecteur de l\u2019Urssaf et une figure de la vie municipale locale.<\/p>\n<p class=\"std-elt__inline\">\n        <strong>\u00c0 lire aussi :<\/strong><br \/>\n        <a href=\"https:\/\/www.ladepeche.fr\/2025\/09\/17\/immobilier-les-ventes-en-viager-seduisent-les-retraites-en-manque-de-pouvoir-dachat-12933381.php\" target=\"_blank\" rel=\"noopener\">Immobilier\u00a0: les ventes en viager s\u00e9duisent les retrait\u00e9s en manque de pouvoir d\u2019achat<\/a>\n    <\/p>\n<p>Engag\u00e9 lors de la campagne de 1989, il s\u2019\u00e9tait impos\u00e9 comme un \u00e9lu attentif aux finances de la commune. \u00ab\u00a0Il prenait les finances tr\u00e8s au s\u00e9rieux. Il nous a parfois frein\u00e9s dans notre enthousiasme\u2026 Il a rendu de grands services \u00e0 la commune\u00a0\u00bb, se rappelle Serge Morin, ancien maire, qui \u00e9voque \u00e9galement un \u00ab\u00a0bon vivant\u00a0\u00bb, interrog\u00e9 par <a href=\"https:\/\/www.sudouest.fr\/gironde\/libourne\/octogenaire-tue-a-branne-qui-etait-leon-stablo-retrouve-mort-a-son-domicile-27531032.php\" target=\"_blank\" rel=\"noopener\">Sud-Ouest<\/a>.<\/p>\n<p>Quand le viager tourne mal\u2026<\/p>\n<p>Ce drame fait \u00e9cho \u00e0 d\u2019autres trag\u00e9dies li\u00e9es \u00e0 la vuln\u00e9rabilit\u00e9 des seniors. En 2023, un ancien pompier devenu homme \u00e0 tout faire dans une r\u00e9sidence seniors \u00e9tait jug\u00e9 en appel devant la cour d\u2019assises du Loiret pour la mort d\u2019une nonag\u00e9naire, Yvette Brisset. Accus\u00e9 de l\u2019avoir \u00e9touff\u00e9e avec une madeleine, <a href=\"https:\/\/www.ladepeche.fr\/2023\/12\/09\/nonagenaire-etouffee-avec-une-madeleine-3-ans-de-prison-pour-laccuse-qui-avait-achete-sa-maison-en-viager-11631329.php\" target=\"_blank\" rel=\"noopener\">il avait finalement \u00e9t\u00e9 condamn\u00e9 \u00e0 trois ans de prison <\/a>pour homicide involontaire, une peine d\u00e9j\u00e0 purg\u00e9e en d\u00e9tention provisoire entre\u00a02019 et\u00a02022.<\/p>\n<p class=\"std-elt__inline\">\n        <strong>\u00c0 lire aussi :<\/strong><br \/>\n        <a href=\"https:\/\/www.ladepeche.fr\/2023\/12\/09\/nonagenaire-etouffee-avec-une-madeleine-3-ans-de-prison-pour-laccuse-qui-avait-achete-sa-maison-en-viager-11631329.php\" target=\"_blank\" rel=\"noopener\">Nonag\u00e9naire \u00e9touff\u00e9e avec une madeleine : 3 ans de prison pour l&rsquo;accus\u00e9 qui avait achet\u00e9 sa maison en viager<\/a>\n    <\/p>\n<p>Les faits remontent au 13\u00a0mai 2019, \u00e0 Tours. Alain Jousselin avait \u00e9t\u00e9 le dernier \u00e0 rendre visite \u00e0 la victime dans sa chambre d\u2019Ehpad, lui apportant un paquet de madeleines sans pr\u00e9venir le personnel. La nonag\u00e9naire, atteinte de la maladie d\u2019Alzheimer, ne pouvait ni se d\u00e9placer ni s\u2019alimenter seule. Peu apr\u00e8s le d\u00e9part de l\u2019accus\u00e9, elle avait \u00e9t\u00e9 retrouv\u00e9e morte \u00e9touff\u00e9e dans son lit, la bouche remplie de morceaux de madeleine.<\/p>\n<p>\u00c0 l\u2019audience, l\u2019accus\u00e9 a reconnu avoir laiss\u00e9 une madeleine dans la main d\u2019Yvette Brisset avant de quitter la chambre. Il a maintenu ne pas avoir eu l\u2019intention de la tuer et expliqu\u00e9 \u00eatre revenu \u00e0 l\u2019Ehpad pensant avoir oubli\u00e9 ses cl\u00e9s. La cour a estim\u00e9 qu\u2019il \u00e9tait impossible d\u2019\u00e9tablir une intention homicide, mais que le fait de lui avoir donn\u00e9 une madeleine constituait une imprudence directement li\u00e9e \u00e0 son d\u00e9c\u00e8s.<\/p>\n","protected":false},"excerpt":{"rendered":"l&rsquo;essentiel Le meurtre de L\u00e9on Stablo, 88 ans, \u00e0 Branne (Gironde), r\u00e9v\u00e8le une sombre affaire de viager. Un&hellip;\n","protected":false},"author":2,"featured_media":684801,"comment_status":"","ping_status":"","sticky":false,"template":"","format":"standard","meta":{"footnotes":""},"categories":[4],"tags":[11,118,1011,27,2905,12,25],"class_list":{"0":"post-684800","1":"post","2":"type-post","3":"status-publish","4":"format-standard","5":"has-post-thumbnail","7":"category-france","8":"tag-actualites","9":"tag-faits-divers","10":"tag-fr","11":"tag-france","12":"tag-gironde","13":"tag-news","14":"tag-republique-francaise"},"share_on_mastodon":{"url":"https:\/\/pubeurope.com\/@fr\/115947059549119908","error":""},"_links":{"self":[{"href":"https:\/\/www.europesays.com\/fr\/wp-json\/wp\/v2\/posts\/684800","targetHints":{"allow":["GET"]}}],"collection":[{"href":"https:\/\/www.europesays.com\/fr\/wp-json\/wp\/v2\/posts"}],"about":[{"href":"https:\/\/www.europesays.com\/fr\/wp-json\/wp\/v2\/types\/post"}],"author":[{"embeddable":true,"href":"https:\/\/www.europesays.com\/fr\/wp-json\/wp\/v2\/users\/2"}],"replies":[{"embeddable":true,"href":"https:\/\/www.europesays.com\/fr\/wp-json\/wp\/v2\/comments?post=684800"}],"version-history":[{"count":0,"href":"https:\/\/www.europesays.com\/fr\/wp-json\/wp\/v2\/posts\/684800\/revisions"}],"wp:featuredmedia":[{"embeddable":true,"href":"https:\/\/www.europesays.com\/fr\/wp-json\/wp\/v2\/media\/684801"}],"wp:attachment":[{"href":"https:\/\/www.europesays.com\/fr\/wp-json\/wp\/v2\/media?parent=684800"}],"wp:term":[{"taxonomy":"category","embeddable":true,"href":"https:\/\/www.europesays.com\/fr\/wp-json\/wp\/v2\/categories?post=684800"},{"taxonomy":"post_tag","embeddable":true,"href":"https:\/\/www.europesays.com\/fr\/wp-json\/wp\/v2\/tags?post=684800"}],"curies":[{"name":"wp","href":"https:\/\/api.w.org\/{rel}","templated":true}]}}