{"id":684813,"date":"2026-01-23T23:51:22","date_gmt":"2026-01-23T23:51:22","guid":{"rendered":"https:\/\/www.europesays.com\/fr\/684813\/"},"modified":"2026-01-23T23:51:22","modified_gmt":"2026-01-23T23:51:22","slug":"la-debandade-du-sc-bastia-devant-des-montpellierains-dominateurs","status":"publish","type":"post","link":"https:\/\/www.europesays.com\/fr\/684813\/","title":{"rendered":"la d\u00e9bandade du SC Bastia devant des Montpelli\u00e9rains dominateurs"},"content":{"rendered":"<p>Bastia &#8211; Montpellier\u00a0: 0-2 (0-1)<\/p>\n<p>Stade Armand-Cesari. 8\u00a0525 spectateurs. <br \/>Arbitre\u00a0: Aur\u00e9lien Petit. <br \/>Buts\u00a0: Mendy (2&prime;), Issoufou (63&prime;) pour Montpellier <br \/>Avertissements\u00a0: Tchato (25&prime;), Omeragic (52&prime;), Issoufou (84&prime;) \u00e0 Montpellier ; Guidi (33&prime;), Placide (50&prime;), Ducrocq (52&prime;) \u00e0 Bastia <br \/>Expulsion\u00a0: Roncaglia (77&prime;) <br \/>SCB\u00a0: Placide &#8211; Bohnert (Meynadier 73&prime;), Guidi, Roncaglia, Ariss &#8211; Janneh (Eickmayer 73&prime;), Ducrocq (Vincent 75&prime;) &#8211; Aiki (Boutrah 56&prime;), Zaouai, S\u00e9bas (Beliandjou 73&prime;) &#8211; Tomi. Entr. : R\u00e9ginald Ray<br \/>Montpellier\u00a0: Ngapandouentnbu &#8211; Tchato, Laporte, Mouanga, Mincarelli &#8211; Omeragic, Savanier (Chennahi 68&prime;), Mubuku (Everson Jr 90 + 1&prime;) &#8211; Pays, Issoufou (Sishuba 85&prime;), Mendy. Entr.\u00a0: Zoumana Camara<\/p>\n<p>Arr\u00eater de donner le ballon pour se faire battre&#8230;\u00a0\u00bb C&rsquo;\u00e9tait les mots de R\u00e9ginald Ray, il y a quinze jours, apr\u00e8s l&rsquo;\u00e9limination en Coupe de France face \u00e0 Troyes. Peut-\u00eatre va-t-il falloir scotcher ces paroles sur la porte du vestiaire. Ou \u00e0 l&rsquo;entr\u00e9e du stade.<\/p>\n<p>Parce qu&rsquo;une nouvelle fois, le Sporting donne un but \u00e0 son adversaire. Et puis alors, d&rsquo;entr\u00e9e de jeu, \u00e0 peine 90 secondes dans la partie, \u00e0 peine le temps pour les spectateurs de chauffer leur si\u00e8ge\u00a0! Et donc Placide rate compl\u00e8tement sa relanc&#8230;<\/p>\n","protected":false},"excerpt":{"rendered":"Bastia &#8211; Montpellier\u00a0: 0-2 (0-1) Stade Armand-Cesari. 8\u00a0525 spectateurs. Arbitre\u00a0: Aur\u00e9lien Petit. Buts\u00a0: Mendy (2&prime;), Issoufou (63&prime;) pour&hellip;\n","protected":false},"author":2,"featured_media":684814,"comment_status":"","ping_status":"","sticky":false,"template":"","format":"standard","meta":{"footnotes":""},"categories":[9599],"tags":[5734,1111,11,5621,78218,154,13413,78219,1777,674,1011,27,3022,2208,15087,12,2680,25,60],"class_list":{"0":"post-684813","1":"post","2":"type-post","3":"status-publish","4":"format-standard","5":"has-post-thumbnail","7":"category-montpellier","8":"tag-5734","9":"tag-actu","10":"tag-actualites","11":"tag-bastia","12":"tag-debandade","13":"tag-des","14":"tag-devant","15":"tag-dominateurs","16":"tag-eu","17":"tag-europe","18":"tag-fr","19":"tag-france","20":"tag-ligue","21":"tag-montpellier","22":"tag-montpellierains","23":"tag-news","24":"tag-occitanie","25":"tag-republique-francaise","26":"tag-sports"},"share_on_mastodon":{"url":"https:\/\/pubeurope.com\/@fr\/115947102741730219","error":""},"_links":{"self":[{"href":"https:\/\/www.europesays.com\/fr\/wp-json\/wp\/v2\/posts\/684813","targetHints":{"allow":["GET"]}}],"collection":[{"href":"https:\/\/www.europesays.com\/fr\/wp-json\/wp\/v2\/posts"}],"about":[{"href":"https:\/\/www.europesays.com\/fr\/wp-json\/wp\/v2\/types\/post"}],"author":[{"embeddable":true,"href":"https:\/\/www.europesays.com\/fr\/wp-json\/wp\/v2\/users\/2"}],"replies":[{"embeddable":true,"href":"https:\/\/www.europesays.com\/fr\/wp-json\/wp\/v2\/comments?post=684813"}],"version-history":[{"count":0,"href":"https:\/\/www.europesays.com\/fr\/wp-json\/wp\/v2\/posts\/684813\/revisions"}],"wp:featuredmedia":[{"embeddable":true,"href":"https:\/\/www.europesays.com\/fr\/wp-json\/wp\/v2\/media\/684814"}],"wp:attachment":[{"href":"https:\/\/www.europesays.com\/fr\/wp-json\/wp\/v2\/media?parent=684813"}],"wp:term":[{"taxonomy":"category","embeddable":true,"href":"https:\/\/www.europesays.com\/fr\/wp-json\/wp\/v2\/categories?post=684813"},{"taxonomy":"post_tag","embeddable":true,"href":"https:\/\/www.europesays.com\/fr\/wp-json\/wp\/v2\/tags?post=684813"}],"curies":[{"name":"wp","href":"https:\/\/api.w.org\/{rel}","templated":true}]}}