{"id":684857,"date":"2026-01-24T00:20:18","date_gmt":"2026-01-24T00:20:18","guid":{"rendered":"https:\/\/www.europesays.com\/fr\/684857\/"},"modified":"2026-01-24T00:20:18","modified_gmt":"2026-01-24T00:20:18","slug":"le-rappeur-doums-en-garde-a-vue-a-paris-pour-violences-conjugales-sur-lactrice-adele-exarchopoulos-2","status":"publish","type":"post","link":"https:\/\/www.europesays.com\/fr\/684857\/","title":{"rendered":"Le rappeur Doums en garde \u00e0 vue \u00e0 Paris pour violences conjugales sur l&rsquo;actrice Ad\u00e8le Exarchopoulos"},"content":{"rendered":"<p class=\"mb-4 text-lg md:leading-8 break-words\">Le rappeur, de son vrai nom Mamadou Coulibaly, a \u00e9t\u00e9 plac\u00e9 en garde \u00e0 vue jeudi, a indiqu\u00e9 le parquet, qui confirmait une information du Parisien.<\/p>\n<p class=\"mb-4 text-lg md:leading-8 break-words\">Doums est interrog\u00e9 depuis jeudi apr\u00e8s-midi dans un commissariat parisien pour violences habituelles par conjoint et non respect d&rsquo;une ordonnance de protection, a pr\u00e9cis\u00e9 une source polici\u00e8re \u00e0 l&rsquo;AFP.<\/p>\n<p class=\"mb-4 text-lg md:leading-8 break-words\">\u00ab\u00a0A la suite d&rsquo;une plainte d\u00e9pos\u00e9e en octobre 2024 et d\u00e9non\u00e7ant des faits de violences par conjoint ou ex-conjoint entre 2017 et 2024, une enqu\u00eate a \u00e9t\u00e9 diligent\u00e9e par la pr\u00e9fecture de police sous la direction du parquet de Paris\u00a0\u00bb, a expliqu\u00e9 le minist\u00e8re public.<\/p>\n<p>Publicit\u00e9<\/p>\n<p>Publicit\u00e9<\/p>\n<p>Publicit\u00e9<\/p>\n<p>Publicit\u00e9<\/p>\n<p class=\"mb-4 text-lg md:leading-8 break-words\">Le parquet a pr\u00e9cis\u00e9 qu&rsquo;il n&rsquo;envisageait pas \u00ab\u00a0d&rsquo;autre communication avant la d\u00e9cision d&rsquo;orientation qui sera prise \u00e0 l&rsquo;issue de la garde \u00e0 vue\u00a0\u00bb.<\/p>\n<p class=\"mb-4 text-lg md:leading-8 break-words\">Cette plainte a \u00e9t\u00e9 d\u00e9pos\u00e9e par l&rsquo;actrice Ad\u00e8le Exarchopoulos, qui a eu un fils avec Doums, selon deux sources proches du dossier \u00e0 l&rsquo;AFP.<\/p>\n","protected":false},"excerpt":{"rendered":"Le rappeur, de son vrai nom Mamadou Coulibaly, a \u00e9t\u00e9 plac\u00e9 en garde \u00e0 vue jeudi, a indiqu\u00e9&hellip;\n","protected":false},"author":2,"featured_media":684858,"comment_status":"","ping_status":"","sticky":false,"template":"","format":"standard","meta":{"footnotes":""},"categories":[1888],"tags":[1111,1928,11,1927,34114,78176,1777,674,1011,27,72626,12,1926,626,1925,10857,4524,25],"class_list":{"0":"post-684857","1":"post","2":"type-post","3":"status-publish","4":"format-standard","5":"has-post-thumbnail","7":"category-paris","8":"tag-actu","9":"tag-actu-paris","10":"tag-actualites","11":"tag-actualites-paris","12":"tag-adele-exarchopoulos","13":"tag-doums","14":"tag-eu","15":"tag-europe","16":"tag-fr","17":"tag-france","18":"tag-mamadou-coulibaly","19":"tag-news","20":"tag-news-paris","21":"tag-paris","22":"tag-paris-news","23":"tag-parquet-de-paris","24":"tag-prefecture-de-police","25":"tag-republique-francaise"},"share_on_mastodon":{"url":"https:\/\/pubeurope.com\/@fr\/115947216711291045","error":""},"_links":{"self":[{"href":"https:\/\/www.europesays.com\/fr\/wp-json\/wp\/v2\/posts\/684857","targetHints":{"allow":["GET"]}}],"collection":[{"href":"https:\/\/www.europesays.com\/fr\/wp-json\/wp\/v2\/posts"}],"about":[{"href":"https:\/\/www.europesays.com\/fr\/wp-json\/wp\/v2\/types\/post"}],"author":[{"embeddable":true,"href":"https:\/\/www.europesays.com\/fr\/wp-json\/wp\/v2\/users\/2"}],"replies":[{"embeddable":true,"href":"https:\/\/www.europesays.com\/fr\/wp-json\/wp\/v2\/comments?post=684857"}],"version-history":[{"count":0,"href":"https:\/\/www.europesays.com\/fr\/wp-json\/wp\/v2\/posts\/684857\/revisions"}],"wp:featuredmedia":[{"embeddable":true,"href":"https:\/\/www.europesays.com\/fr\/wp-json\/wp\/v2\/media\/684858"}],"wp:attachment":[{"href":"https:\/\/www.europesays.com\/fr\/wp-json\/wp\/v2\/media?parent=684857"}],"wp:term":[{"taxonomy":"category","embeddable":true,"href":"https:\/\/www.europesays.com\/fr\/wp-json\/wp\/v2\/categories?post=684857"},{"taxonomy":"post_tag","embeddable":true,"href":"https:\/\/www.europesays.com\/fr\/wp-json\/wp\/v2\/tags?post=684857"}],"curies":[{"name":"wp","href":"https:\/\/api.w.org\/{rel}","templated":true}]}}