{"id":684915,"date":"2026-01-24T00:56:14","date_gmt":"2026-01-24T00:56:14","guid":{"rendered":"https:\/\/www.europesays.com\/fr\/684915\/"},"modified":"2026-01-24T00:56:14","modified_gmt":"2026-01-24T00:56:14","slug":"son-arrestation-la-prison-lespoir-lex-detenu-laurent-vinatier-raconte-le-traumatisme-et-le-miracle","status":"publish","type":"post","link":"https:\/\/www.europesays.com\/fr\/684915\/","title":{"rendered":"Son arrestation, la prison, l\u2019espoir\u2026 L\u2019ex-d\u00e9tenu Laurent Vinatier raconte le \u00ab\u00a0traumatisme\u00a0\u00bb et le \u00ab\u00a0miracle\u00a0\u00bb"},"content":{"rendered":"<p><a href=\"https:\/\/www.20minutes.fr\/monde\/russie\/4195013-20260108-chercheur-laurent-vinatier-libere-echange-basketteur-russe-detenu-france\" target=\"_blank\" class=\"c-link c-link--is-underlined\" rel=\"noopener\">Laurent Vinatier<\/a> a \u00e9t\u00e9 lib\u00e9r\u00e9 le 8\u00a0janvier apr\u00e8s dix mois de d\u00e9tention en Russie, \u00e0 la suite d\u2019une gr\u00e2ce accord\u00e9e par <a href=\"https:\/\/www.20minutes.fr\/monde\/vladimir_poutine\/\" target=\"_blank\" class=\"c-link c-link--is-underlined\" rel=\"noopener\">Vladimir Poutine<\/a>. Dans un entretien \u00e0 l\u2019AFP, ce chercheur sp\u00e9cialiste de l\u2019espace post-sovi\u00e9tique d\u00e9crit une exp\u00e9rience qui l\u2019a chang\u00e9 \u00ab\u00a0de mani\u00e8re cardinale\u00a0\u00bb et dit mesurer \u00ab\u00a0le soulagement d\u2019\u00eatre un homme libre\u00a0\u00bb, une lib\u00e9ration v\u00e9cue \u00ab\u00a0comme un miracle\u00a0\u00bb apr\u00e8s le \u00ab\u00a0traumatisme\u00a0\u00bb<\/p>\n<p>Il affirme ne rien savoir \u00ab\u00a0des d\u00e9tails, des n\u00e9gociations\u00a0\u00bb qui ont conduit \u00e0 cet \u00e9change, r\u00e9alis\u00e9 contre le <a href=\"https:\/\/www.20minutes.fr\/monde\/russie\/4195076-20260108-liberation-laurent-vinatier-daniil-kasatkin-prisonnier-russe-echange-france\" target=\"_blank\" class=\"c-link c-link--is-underlined\" rel=\"noopener\">basketteur russe Daniil Kasatkin<\/a>. Mais il assure qu\u2019\u00ab\u00a0une page s\u2019est tourn\u00e9e\u00a0\u00bb et qu\u2019il n\u2019a \u00ab\u00a0pas du tout envie de revenir\u00a0\u00bb en <a href=\"https:\/\/www.20minutes.fr\/monde\/russie\/\" target=\"_blank\" class=\"c-link c-link--is-underlined\" rel=\"noopener\">Russie<\/a>, un pays avec lequel il dit avoir \u00ab\u00a0une longue histoire\u00a0\u00bb, tout en \u00e9voquant une ancienne \u00ab\u00a0fascination romantique\u00a0\u00bb.<\/p>\n<p>Escroqu\u00e9 par un avocat v\u00e9reux<\/p>\n<p>Son arrestation remonte au 6\u00a0juin 2024, alors qu\u2019il se trouve \u00e0 une terrasse de caf\u00e9 \u00e0 <a href=\"https:\/\/www.20minutes.fr\/monde\/moscou\/\" target=\"_blank\" class=\"c-link c-link--is-underlined\" rel=\"noopener\">Moscou<\/a>. Il est arr\u00eat\u00e9 pour ne pas s\u2019\u00eatre enregistr\u00e9 comme \u00ab\u00a0agent de l\u2019\u00e9tranger\u00a0\u00bb, un motif qu\u2019il conteste\u00a0: \u00ab\u00a0\u00e9videmment que je ne savais pas qu\u2019il fallait s\u2019enregistrer\u00a0\u00bb, puisqu\u2019il ne travaillait pas en Russie. Il explique qu\u2019il \u00e9tait en mission de dix jours pour une <a href=\"https:\/\/www.20minutes.fr\/dossier\/ong\" target=\"_blank\" class=\"c-link c-link--is-underlined\" rel=\"noopener\">ONG<\/a> suisse, dans le cadre d\u2019un projet de conf\u00e9rence sur l\u2019usage de l\u2019intelligence artificielle dans les conflits.<\/p>\n<\/p>\n<p>Incarc\u00e9r\u00e9 quatre jours avant son d\u00e9part, il est plac\u00e9 au centre de <a href=\"https:\/\/www.20minutes.fr\/dossier\/prison\" target=\"_blank\" class=\"c-link c-link--is-underlined\" rel=\"noopener\">d\u00e9tention<\/a> num\u00e9ro\u00a07, dans une cellule qu\u2019il qualifie ensuite de \u00ab\u00a0VIP\u00a0\u00bb. Il y d\u00e9crit un quotidien structur\u00e9, avec des jeux comme les dominos ou les \u00e9checs \u00ab\u00a0pour s\u2019int\u00e9grer socialement\u00a0\u00bb, la vie collective et la lecture. Il dit aussi avoir \u00e9t\u00e9 confront\u00e9 \u00e0 une <a href=\"https:\/\/www.20minutes.fr\/dossier\/escroquerie\" target=\"_blank\" class=\"c-link c-link--is-underlined\" rel=\"noopener\">escroquerie<\/a>, un avocat ayant soutir\u00e9 \u00e0 lui et \u00e0 sa femme un million de roubles.<\/p>\n<p>Des conditions carc\u00e9rales d\u00e9plorables<\/p>\n<p>Apr\u00e8s le <a href=\"https:\/\/www.20minutes.fr\/dossier\/proces_en_appel\" target=\"_blank\" class=\"c-link c-link--is-underlined\" rel=\"noopener\">proc\u00e8s en appel<\/a>, il est transf\u00e9r\u00e9 dans un centre de d\u00e9tention de transit \u00e0 Toula, \u00e0 200 kilom\u00e8tres au sud de Moscou, o\u00f9 les conditions sont selon lui \u00ab\u00a0terribles\u00a0\u00bb. Il \u00e9voque l\u2019absence de livres, des toilettes r\u00e9duites \u00e0 \u00ab\u00a0des trous\u00a0\u00bb, une hygi\u00e8ne d\u00e9grad\u00e9e et un acc\u00e8s limit\u00e9 \u00e0 l\u2019eau. Il y apprend qu\u2019une nouvelle enqu\u00eate va commencer, cette fois pour espionnage, avant d\u2019\u00eatre hospitalis\u00e9, un moment o\u00f9 il dit avoir eu \u00ab\u00a0tr\u00e8s peur\u00a0\u00bb et avoir cru \u00ab\u00a0qu\u2019on allait me faire des exp\u00e9riences\u00a0\u00bb.<\/p>\n<p><a href=\"https:\/\/www.20minutes.fr\/monde\/russie\/\" target=\"_blank\" class=\"c-link c-btn c-btn--primary\" rel=\"noopener\">Notre dossier sur la Russie<\/a><\/p>\n<p>Dans la nuit du 10\u00a0mai 2025, il est envoy\u00e9 dans la prison du FSB \u00e0 Moscou, o\u00f9 \u00ab\u00a0l\u2019isolement est total\u00a0\u00bb et o\u00f9 il d\u00e9crit un enfermement plus strict, des gardiens \u00ab\u00a0plus s\u00e9v\u00e8res\u00a0\u00bb et une pression constante. Face aux accusations, il explique avoir ressenti \u00ab\u00a0une extr\u00eame vuln\u00e9rabilit\u00e9\u00a0\u00bb et la crainte que \u00ab\u00a0tout \u00e9tait possible\u00a0\u00bb, notamment apr\u00e8s le pr\u00e9l\u00e8vement de son <a href=\"https:\/\/www.20minutes.fr\/dossier\/adn\" target=\"_blank\" class=\"c-link c-link--is-underlined\" rel=\"noopener\">ADN<\/a>. Aujourd\u2019hui, il dit vouloir se consacrer \u00e0 l\u2019\u00e9criture, en tirant de ce qu\u2019il a v\u00e9cu des r\u00e9cits sur \u00ab\u00a0la vie, de l\u2019amour, de la mort\u00a0\u00bb, avec l\u2019espoir de r\u00e9aliser ce projet qu\u2019il n\u2019avait \u00ab\u00a0jamais vraiment os\u00e9\u00a0\u00bb entreprendre.<\/p>\n","protected":false},"excerpt":{"rendered":"Laurent Vinatier a \u00e9t\u00e9 lib\u00e9r\u00e9 le 8\u00a0janvier apr\u00e8s dix mois de d\u00e9tention en Russie, \u00e0 la suite d\u2019une&hellip;\n","protected":false},"author":2,"featured_media":684916,"comment_status":"","ping_status":"","sticky":false,"template":"","format":"standard","meta":{"footnotes":""},"categories":[4],"tags":[47,11,846,1011,3844,27,1916,12,806,25,132,104,135],"class_list":{"0":"post-684915","1":"post","2":"type-post","3":"status-publish","4":"format-standard","5":"has-post-thumbnail","7":"category-france","8":"tag-actualite","9":"tag-actualites","10":"tag-adn","11":"tag-fr","12":"tag-francais","13":"tag-france","14":"tag-moscou","15":"tag-news","16":"tag-prison","17":"tag-republique-francaise","18":"tag-russie","19":"tag-societe","20":"tag-vladimir-poutine"},"share_on_mastodon":{"url":"https:\/\/pubeurope.com\/@fr\/115947358938028362","error":""},"_links":{"self":[{"href":"https:\/\/www.europesays.com\/fr\/wp-json\/wp\/v2\/posts\/684915","targetHints":{"allow":["GET"]}}],"collection":[{"href":"https:\/\/www.europesays.com\/fr\/wp-json\/wp\/v2\/posts"}],"about":[{"href":"https:\/\/www.europesays.com\/fr\/wp-json\/wp\/v2\/types\/post"}],"author":[{"embeddable":true,"href":"https:\/\/www.europesays.com\/fr\/wp-json\/wp\/v2\/users\/2"}],"replies":[{"embeddable":true,"href":"https:\/\/www.europesays.com\/fr\/wp-json\/wp\/v2\/comments?post=684915"}],"version-history":[{"count":0,"href":"https:\/\/www.europesays.com\/fr\/wp-json\/wp\/v2\/posts\/684915\/revisions"}],"wp:featuredmedia":[{"embeddable":true,"href":"https:\/\/www.europesays.com\/fr\/wp-json\/wp\/v2\/media\/684916"}],"wp:attachment":[{"href":"https:\/\/www.europesays.com\/fr\/wp-json\/wp\/v2\/media?parent=684915"}],"wp:term":[{"taxonomy":"category","embeddable":true,"href":"https:\/\/www.europesays.com\/fr\/wp-json\/wp\/v2\/categories?post=684915"},{"taxonomy":"post_tag","embeddable":true,"href":"https:\/\/www.europesays.com\/fr\/wp-json\/wp\/v2\/tags?post=684915"}],"curies":[{"name":"wp","href":"https:\/\/api.w.org\/{rel}","templated":true}]}}