{"id":684917,"date":"2026-01-24T00:57:17","date_gmt":"2026-01-24T00:57:17","guid":{"rendered":"https:\/\/www.europesays.com\/fr\/684917\/"},"modified":"2026-01-24T00:57:17","modified_gmt":"2026-01-24T00:57:17","slug":"elles-seront-a-lecole-quand-comment","status":"publish","type":"post","link":"https:\/\/www.europesays.com\/fr\/684917\/","title":{"rendered":"\u00ab\u00a0Elles seront \u00e0 l&rsquo;\u00e9cole quand&#8230;\u00a0\u00bb, comment &#8230;"},"content":{"rendered":"<p>EN BREF<\/p>\n<ul class=\"bloc_resume_post_list\">\n<li>Diffus\u00e9e sur TF1 depuis 2011, \u00ab\u00a0Danse avec les stars&rsquo;<br \/>\nrevient le 23 janvier 2026 avec Ian Ziering, c\u00e9l\u00e8bre pour son r\u00f4le<br \/>\ndans &lsquo;Beverly Hills 90210&rsquo;.<\/li>\n<li>Ian Ziering, ayant d\u00e9j\u00e0 particip\u00e9 \u00e0 la version am\u00e9ricaine<br \/>\nen 2007, rejoint la comp\u00e9tition fran\u00e7aise pour une exp\u00e9rience<br \/>\nunique \u00e0 Paris.<\/li>\n<li>L&rsquo;acteur \u00e9voque les d\u00e9fis de l&rsquo;\u00e9mission et l&rsquo;enthousiasme<br \/>\nde ses filles, tout en se pr\u00e9parant \u00e0 cette aventure<br \/>\nexigeante.<\/li>\n<\/ul>\n<p>Diffus\u00e9e pour la premi\u00e8re fois sur l&rsquo;antenne de TF1 en 2011.<br \/>\n<a href=\"https:\/\/www.telestar.fr\/tele_realite\/danse-avec-les-stars-combien-gagnent-les-danseurs-professionnels-de-lemission-de-tf1-1751586\" target=\"_blank\" rel=\"noopener\"><br \/>\nL&rsquo;\u00e9mission intitul\u00e9e Danse avec les stars<\/a> s&rsquo;est impos\u00e9e au fil<br \/>\ndu temps comme <strong>l&rsquo;un des rendez-vous embl\u00e9matiques de la<br \/>\npremi\u00e8re cha\u00eene<\/strong>. Au m\u00eame titre que des programmes cultes<br \/>\ncomme Koh-Lanta, Star Academy, <a href=\"https:\/\/www.telestar.fr\/tele_realite\/the-voice-belgique-axelle-red-fait-une-chute-spectaculaire-sur-le-plateau-1751061\" target=\"_blank\" rel=\"noopener\"><br \/>\nou bien encore The Voice<\/a>. La prochaine saison de l&rsquo;\u00e9mission<br \/>\nd\u00e9butera officiellement le vendredi 23 janvier 2026 en prime time<br \/>\nsur TF1.<\/p>\n<p>Parmi les diff\u00e9rentes vedettes qui participeront au concours<br \/>\ncette ann\u00e9e. On peut notamment citer <a href=\"https:\/\/www.telestar.fr\/tele_realite\/danse-avec-les-stars-2026-une-star-de-la-serie-beverly-hills-90210-va-participer-a-la-nouvelle-saison-1748021\" target=\"_blank\" rel=\"noopener\"><br \/>\nun c\u00e9l\u00e8bre com\u00e9dien am\u00e9ricain<\/a>. \u00ab\u00a0En 1990, lan Ziering acc\u00e8de<br \/>\n\u00e0 une notori\u00e9t\u00e9 mondiale en interpr\u00e9tant Steve Sanders.<br \/>\n<strong>L&rsquo;un des personnages principaux de la s\u00e9rie culte Beverly<br \/>\nHills 90210.<\/strong> Ce r\u00f4le, qui a marqu\u00e9 toute une g\u00e9n\u00e9ration, a<br \/>\npropuls\u00e9 sa carri\u00e8re sur la sc\u00e8ne internationale\u00a0\u00bb, avait tout<br \/>\nd&rsquo;abord indiqu\u00e9 TF1 dans un communiqu\u00e9.<\/p>\n<p>Danse avec les stars : Ian Ziering \u00e9tait candidat dans la<br \/>\nversion am\u00e9ricaine de l&rsquo;\u00e9mission en 2007<\/p>\n<p>\u00ab\u00a0Au fil des ann\u00e9es, Ian Ziering construit une carri\u00e8re<br \/>\n\u00e9clectique au cin\u00e9ma et \u00e0 la t\u00e9l\u00e9vision. (&#8230;) Au cours<br \/>\ndes ann\u00e9es 2010. lan Ziering fait un retour marquant sur le devant<br \/>\nde la sc\u00e8ne <strong>gr\u00e2ce \u00e0 la franchise \u00e0 succ\u00e8s<br \/>\nSharknado.<\/strong> Entre 2013 et 2018, cette saga en six volets<br \/>\ns&rsquo;impose comme un v\u00e9ritable ph\u00e9nom\u00e8ne de la pop culture<br \/>\nmondiale\u00a0\u00bb, avait aussi pr\u00e9cis\u00e9 la premi\u00e8re cha\u00eene.<\/p>\n<p>Dans une r\u00e9cente interview accord\u00e9e au magazine T\u00e9l\u00e9<br \/>\nStar. Ian Ziering a expliqu\u00e9 les raisons de sa pr\u00e9sence au<br \/>\nsein de Danse avec les stars. Apr\u00e8s avoir d\u00e9j\u00e0 particip\u00e9 \u00e0 la<br \/>\nversion am\u00e9ricaine du programme en 2007. \u00ab\u00a0On m&rsquo;a contact\u00e9 pour<br \/>\nme demander si j&rsquo;envisageais de le faire et je n&rsquo;ai pas pu dire<br \/>\nnon. <strong>Je suis honor\u00e9.<\/strong> C&rsquo;est vraiment un cadeau de<br \/>\npouvoir venir \u00e0 Paris pour un mois, ou deux, ou plus !\u00a0\u00bb, a<br \/>\nainsi d\u00e9clar\u00e9 l&rsquo;acteur am\u00e9ricain.<\/p>\n<p>Ian Ziering : \u00ab\u00a0J&rsquo;ai deux filles de 12<br \/>\net 14 ans qui sont ravies que je participe\u00a0\u00bb<\/p>\n<p>\u00ab\u00a0J&rsquo;apprends les chor\u00e9graphies. <strong>Il y a beaucoup de<br \/>\nchoses \u00e0 retenir.<\/strong> C&rsquo;est tr\u00e8s stimulant. Je ne pense pas<br \/>\n\u00eatre avantag\u00e9 par rapport aux autres. Si ce n&rsquo;est que je sais que<br \/>\n\u00e7a va \u00eatre tr\u00e8s dur. Et j&rsquo;esp\u00e8re gagner !\u00a0\u00bb, a ensuite ajout\u00e9<br \/>\nIan Ziering. L&rsquo;ancienne star de la s\u00e9rie culte Beverly Hills<br \/>\n90210 a aussi profit\u00e9 de cette interview pour \u00e9voquer ses<br \/>\nenfants.<\/p>\n<p>\u00ab\u00a0<strong>\u00catre dans un pays \u00e9tranger, loin de mes proches,<br \/>\nc&rsquo;est un d\u00e9fi.<\/strong> J&rsquo;ai deux filles de 12 et 14 ans qui sont<br \/>\nravies que je participe. Et me soutiennent dans tout ce que je<br \/>\nfais. Je veux qu&rsquo;elles soient fi\u00e8res de moi. Elles seront \u00e0 l&rsquo;\u00e9cole<br \/>\nquand l&rsquo;\u00e9mission sera diffus\u00e9e. Mais je serai en appel vid\u00e9o avec<br \/>\nelles tous les soirs\u00a0\u00bb, a finalement conclu Ian Ziering.<\/p>\n","protected":false},"excerpt":{"rendered":"EN BREF Diffus\u00e9e sur TF1 depuis 2011, \u00ab\u00a0Danse avec les stars&rsquo; revient le 23 janvier 2026 avec Ian&hellip;\n","protected":false},"author":2,"featured_media":684918,"comment_status":"","ping_status":"","sticky":false,"template":"","format":"standard","meta":{"footnotes":""},"categories":[2],"tags":[11,548,1011,27,12,199],"class_list":{"0":"post-684917","1":"post","2":"type-post","3":"status-publish","4":"format-standard","5":"has-post-thumbnail","7":"category-actualites","8":"tag-actualites","9":"tag-article-simple","10":"tag-fr","11":"tag-france","12":"tag-news","13":"tag-tf1"},"share_on_mastodon":{"url":"https:\/\/pubeurope.com\/@fr\/115947362243517426","error":""},"_links":{"self":[{"href":"https:\/\/www.europesays.com\/fr\/wp-json\/wp\/v2\/posts\/684917","targetHints":{"allow":["GET"]}}],"collection":[{"href":"https:\/\/www.europesays.com\/fr\/wp-json\/wp\/v2\/posts"}],"about":[{"href":"https:\/\/www.europesays.com\/fr\/wp-json\/wp\/v2\/types\/post"}],"author":[{"embeddable":true,"href":"https:\/\/www.europesays.com\/fr\/wp-json\/wp\/v2\/users\/2"}],"replies":[{"embeddable":true,"href":"https:\/\/www.europesays.com\/fr\/wp-json\/wp\/v2\/comments?post=684917"}],"version-history":[{"count":0,"href":"https:\/\/www.europesays.com\/fr\/wp-json\/wp\/v2\/posts\/684917\/revisions"}],"wp:featuredmedia":[{"embeddable":true,"href":"https:\/\/www.europesays.com\/fr\/wp-json\/wp\/v2\/media\/684918"}],"wp:attachment":[{"href":"https:\/\/www.europesays.com\/fr\/wp-json\/wp\/v2\/media?parent=684917"}],"wp:term":[{"taxonomy":"category","embeddable":true,"href":"https:\/\/www.europesays.com\/fr\/wp-json\/wp\/v2\/categories?post=684917"},{"taxonomy":"post_tag","embeddable":true,"href":"https:\/\/www.europesays.com\/fr\/wp-json\/wp\/v2\/tags?post=684917"}],"curies":[{"name":"wp","href":"https:\/\/api.w.org\/{rel}","templated":true}]}}