{"id":684933,"date":"2026-01-24T01:10:18","date_gmt":"2026-01-24T01:10:18","guid":{"rendered":"https:\/\/www.europesays.com\/fr\/684933\/"},"modified":"2026-01-24T01:10:18","modified_gmt":"2026-01-24T01:10:18","slug":"le-genre-de-match-dont-tu-te-souviens-a-la-fin-de-saison-jean-noel-spitzer-salue-labnegation-de-ses-joueurs-apres-la-victoire-du-rc-vannes-a-grenoble","status":"publish","type":"post","link":"https:\/\/www.europesays.com\/fr\/684933\/","title":{"rendered":"\u00ab\u00a0Le genre de match dont tu te souviens \u00e0 la fin de saison\u00a0\u00bb \u00a0: Jean-No\u00ebl Spitzer salue l\u2019abn\u00e9gation de ses joueurs apr\u00e8s la victoire du RC Vannes \u00e0 Grenoble"},"content":{"rendered":"<p>Pro D2 (18e journ\u00e9e). Grenoble &#8211; RC Vannes : 26-29Comment analysez-vous cette victoire pleine de caract\u00e8re ?<\/p>\n<p>Nous avions d\u00e9j\u00e0 connu cela \u00e0 Aurillac ou \u00e0 Colomiers avec des victoires tr\u00e8s tendues. Il faut soit renverser un score, soit le tenir. Ce soir, on a r\u00e9ussi \u00e0 l\u2019arrach\u00e9 \u00e0 la fin et \u00e7a s\u2019est jou\u00e9 \u00e0 rien, mais c\u2019est nous qui avons r\u00e9ussi \u00e0 mettre ce dernier essai.<\/p>\n<p>Ce n\u2019\u00e9tait peut-\u00eatre pas le plus grand match de Vannes cette saison\u2026<\/p>\n<p>Non, les conditions climatiques \u00e9taient difficiles. On paye un petit peu notre infirmerie bien garnie. La semaine <a href=\"https:\/\/www.letelegramme.fr\/sports\/rugby\/rc-vannes\/on-est-plus-attentifs-sur-des-joueurs-qui-repetent-les-contacts-comment-le-rc-vannes-adapte-sa-preparation-avec-lenchainement-de-trois-matchs-en-douze-jours-6969900.php\" target=\"_blank\" rel=\"noopener\">a \u00e9t\u00e9 courte aussi pour nous avec un gros d\u00e9placement<\/a>. Ce n\u2019\u00e9tait pas facile d\u2019avoir l\u2019\u00e9nergie aujourd\u2019hui. Il n\u2019y a pas un secteur du jeu o\u00f9 on a r\u00e9ellement domin\u00e9. On ne peut pas dire que c\u2019est une victoire m\u00e9rit\u00e9e, c\u2019est une victoire un peu \u00e0 l\u2019arrache. On aurait pu c\u00e9der mais les joueurs ont r\u00e9ussi \u00e0 rester connect\u00e9s entre eux \u00e0 d\u00e9faut d\u2019\u00eatre disciplin\u00e9s (18 p\u00e9nalit\u00e9s).<\/p>\n<p>Et pourtant, il y a eu des moments compliqu\u00e9s \u00e0 g\u00e9rer dans ce match\u2026<\/p>\n<p>Nous sommes tomb\u00e9s sur un adversaire qui nous a un peu pouss\u00e9s dans nos retranchements. Rien n\u2019a \u00e9t\u00e9 facile pour nous sur ce match. Malgr\u00e9 tout, les joueurs sont rest\u00e9s bien ensemble. C\u2019est un bon signal, je trouve.<\/p>\n<p>Ces matchs remport\u00e9s \u00e0 l\u2019arrach\u00e9, ont-ils un parfum particulier ?<\/p>\n<p>On est tr\u00e8s satisfaits de notre parcours \u00e0 domicile. Mais on sait aussi que quelques \u00e9quipes ne sont pas venues avec toutes leurs armes chez nous. Donc, on ne sait pas toujours comment \u00e9valuer ces victoires \u00e0 La Rabine. Les matchs \u00e0 l\u2019ext\u00e9rieur, eux, ont une autre saveur parce qu\u2019on sait que l\u2019adversaire veut montrer son meilleur visage. Et c\u2019est l\u00e0 o\u00f9 il faut qu\u2019on soit le plus stimul\u00e9 possible.<\/p>\n<p>Ce match contre Grenoble \u00e9tait un gros test ?<\/p>\n<p>Oui, je pense, avec les conditions. Un vrai match d\u2019hiver. C\u2019est le genre de match dont tu te souviens \u00e0 la fin de saison.<\/p>\n","protected":false},"excerpt":{"rendered":"Pro D2 (18e journ\u00e9e). Grenoble &#8211; RC Vannes : 26-29Comment analysez-vous cette victoire pleine de caract\u00e8re ? Nous&hellip;\n","protected":false},"author":2,"featured_media":684934,"comment_status":"","ping_status":"","sticky":false,"template":"","format":"standard","meta":{"footnotes":""},"categories":[9566],"tags":[1111,11,2430,765,1777,674,1011,27,2731,12,2308,3164,3167,25,479,60,3165],"class_list":{"0":"post-684933","1":"post","2":"type-post","3":"status-publish","4":"format-standard","5":"has-post-thumbnail","7":"category-grenoble","8":"tag-actu","9":"tag-actualites","10":"tag-auvergne-rhone-alpes","11":"tag-en-continu","12":"tag-eu","13":"tag-europe","14":"tag-fr","15":"tag-france","16":"tag-grenoble","17":"tag-news","18":"tag-pro-d2","19":"tag-rc-vannes","20":"tag-rcv","21":"tag-republique-francaise","22":"tag-rugby","23":"tag-sports","24":"tag-vannes"},"share_on_mastodon":{"url":"https:\/\/pubeurope.com\/@fr\/115947413590589425","error":""},"_links":{"self":[{"href":"https:\/\/www.europesays.com\/fr\/wp-json\/wp\/v2\/posts\/684933","targetHints":{"allow":["GET"]}}],"collection":[{"href":"https:\/\/www.europesays.com\/fr\/wp-json\/wp\/v2\/posts"}],"about":[{"href":"https:\/\/www.europesays.com\/fr\/wp-json\/wp\/v2\/types\/post"}],"author":[{"embeddable":true,"href":"https:\/\/www.europesays.com\/fr\/wp-json\/wp\/v2\/users\/2"}],"replies":[{"embeddable":true,"href":"https:\/\/www.europesays.com\/fr\/wp-json\/wp\/v2\/comments?post=684933"}],"version-history":[{"count":0,"href":"https:\/\/www.europesays.com\/fr\/wp-json\/wp\/v2\/posts\/684933\/revisions"}],"wp:featuredmedia":[{"embeddable":true,"href":"https:\/\/www.europesays.com\/fr\/wp-json\/wp\/v2\/media\/684934"}],"wp:attachment":[{"href":"https:\/\/www.europesays.com\/fr\/wp-json\/wp\/v2\/media?parent=684933"}],"wp:term":[{"taxonomy":"category","embeddable":true,"href":"https:\/\/www.europesays.com\/fr\/wp-json\/wp\/v2\/categories?post=684933"},{"taxonomy":"post_tag","embeddable":true,"href":"https:\/\/www.europesays.com\/fr\/wp-json\/wp\/v2\/tags?post=684933"}],"curies":[{"name":"wp","href":"https:\/\/api.w.org\/{rel}","templated":true}]}}