{"id":684954,"date":"2026-01-24T01:22:18","date_gmt":"2026-01-24T01:22:18","guid":{"rendered":"https:\/\/www.europesays.com\/fr\/684954\/"},"modified":"2026-01-24T01:22:18","modified_gmt":"2026-01-24T01:22:18","slug":"un-homme-de-19-ans-meurt-dans-une-fusillade-pres-dun-point-de-deal","status":"publish","type":"post","link":"https:\/\/www.europesays.com\/fr\/684954\/","title":{"rendered":"un homme de 19 ans meurt dans une fusillade pr\u00e8s d&rsquo;un point de deal"},"content":{"rendered":"<p>\n    Gri\u00e8vement bless\u00e9 au visage, \u00e0 la poitrine, au dos et \u00e0 la cuisse, l\u2019homme est d\u00e9c\u00e9d\u00e9 \u00e0 l\u2019h\u00f4pital.<\/p>\n<p class=\"fig-paragraph\">Un homme de 19 ans a succomb\u00e9 \u00e0 ses blessures \u00e0 la suite d&rsquo;une fusillade jeudi soir \u00e0\u00a0<a href=\"https:\/\/www.lefigaro.fr\/tag\/toulouse\" target=\"_blank\" rel=\"nofollow noopener\" data-gtm-custom-categorie=\"navigation\" data-gtm-custom-action=\"crossclick\" data-gtm-custom-label=\"Contextuel\" data-gtm-event=\"customEventSPE\">Toulouse<\/a>, dans un lieu proche d&rsquo;un point de deal, a-t-on appris vendredi soir de source polici\u00e8re. Gri\u00e8vement bless\u00e9 au visage, \u00e0 la poitrine, au dos et \u00e0 la cuisse, l&rsquo;homme est d\u00e9c\u00e9d\u00e9 \u00e0 l&rsquo;h\u00f4pital.<\/p>\n<p class=\"fig-paragraph\">Un adolescent de 16 ans a \u00e9galement \u00e9t\u00e9 bless\u00e9 au cours de cette fusillade, puis transport\u00e9 \u00e0 l&rsquo;h\u00f4pital, selon la m\u00eame source.<\/p>\n<p>                                            <a class=\"fig-a11y-skip\" href=\"#fig-a11y-skip-main-inarticle\" data-module=\"a11y-skip\" data-context=\"was @visible\"><br \/>\n    Passer la publicit\u00e9<br \/>\n<\/a>            <\/p>\n<p class=\"fig-paragraph\">Les images des cam\u00e9ras de vid\u00e9osurveillance montrent trois hommes arriv\u00e9s dans un v\u00e9hicule qui tirent sur trois guetteurs pr\u00e9sum\u00e9s dans le quartier Bagatelle avec des armes de poing et un fusil \u00e0 pompe, avant de s&rsquo;enfuir. La troisi\u00e8me personne cibl\u00e9e par les tireurs s&rsquo;est enfuie. Sur place, les policiers ont retrouv\u00e9 une vingtaine d&rsquo;\u00e9tuis de calibre 9 mm.<\/p>\n","protected":false},"excerpt":{"rendered":"Gri\u00e8vement bless\u00e9 au visage, \u00e0 la poitrine, au dos et \u00e0 la cuisse, l\u2019homme est d\u00e9c\u00e9d\u00e9 \u00e0 l\u2019h\u00f4pital.&hellip;\n","protected":false},"author":2,"featured_media":684955,"comment_status":"","ping_status":"","sticky":false,"template":"","format":"standard","meta":{"footnotes":""},"categories":[2816],"tags":[1111,11,1777,674,1011,27,3832,12,2680,25,2312],"class_list":{"0":"post-684954","1":"post","2":"type-post","3":"status-publish","4":"format-standard","5":"has-post-thumbnail","7":"category-toulouse","8":"tag-actu","9":"tag-actualites","10":"tag-eu","11":"tag-europe","12":"tag-fr","13":"tag-france","14":"tag-fusillade","15":"tag-news","16":"tag-occitanie","17":"tag-republique-francaise","18":"tag-toulouse"},"share_on_mastodon":{"url":"https:\/\/pubeurope.com\/@fr\/115947460503429766","error":""},"_links":{"self":[{"href":"https:\/\/www.europesays.com\/fr\/wp-json\/wp\/v2\/posts\/684954","targetHints":{"allow":["GET"]}}],"collection":[{"href":"https:\/\/www.europesays.com\/fr\/wp-json\/wp\/v2\/posts"}],"about":[{"href":"https:\/\/www.europesays.com\/fr\/wp-json\/wp\/v2\/types\/post"}],"author":[{"embeddable":true,"href":"https:\/\/www.europesays.com\/fr\/wp-json\/wp\/v2\/users\/2"}],"replies":[{"embeddable":true,"href":"https:\/\/www.europesays.com\/fr\/wp-json\/wp\/v2\/comments?post=684954"}],"version-history":[{"count":0,"href":"https:\/\/www.europesays.com\/fr\/wp-json\/wp\/v2\/posts\/684954\/revisions"}],"wp:featuredmedia":[{"embeddable":true,"href":"https:\/\/www.europesays.com\/fr\/wp-json\/wp\/v2\/media\/684955"}],"wp:attachment":[{"href":"https:\/\/www.europesays.com\/fr\/wp-json\/wp\/v2\/media?parent=684954"}],"wp:term":[{"taxonomy":"category","embeddable":true,"href":"https:\/\/www.europesays.com\/fr\/wp-json\/wp\/v2\/categories?post=684954"},{"taxonomy":"post_tag","embeddable":true,"href":"https:\/\/www.europesays.com\/fr\/wp-json\/wp\/v2\/tags?post=684954"}],"curies":[{"name":"wp","href":"https:\/\/api.w.org\/{rel}","templated":true}]}}