{"id":68502,"date":"2025-05-02T04:49:08","date_gmt":"2025-05-02T04:49:08","guid":{"rendered":"https:\/\/www.europesays.com\/fr\/68502\/"},"modified":"2025-05-02T04:49:08","modified_gmt":"2025-05-02T04:49:08","slug":"ca-a-merde-juste-avant-de-feter-les-35-ans-de-fort-boyard-olivier-minne-passe-aux-aveux-au-sujet-de-la-celebre-emission-de-france-2","status":"publish","type":"post","link":"https:\/\/www.europesays.com\/fr\/68502\/","title":{"rendered":"\u00ab\u00a0\u00c7a a merd\u00e9\u00a0\u00bb : juste avant de f\u00eater les 35 ans de Fort Boyard, Olivier Minne passe aux aveux au sujet de la c\u00e9l\u00e8bre \u00e9mission de France 2"},"content":{"rendered":"<p>M\u00eame en prenant toutes les pr\u00e9cautions n\u00e9cessaires,<strong> il arrive parfois de \u00ab\u00a0merder\u00a0\u00bb<\/strong>. Et <a href=\"https:\/\/www.public.fr\/tag\/olivier-minne\" target=\"_blank\" rel=\"noopener\">Olivier Minne<\/a> le reconna\u00eet. Ce jeudi 1er mai 2025, les fans de l\u2019animateur, et t\u00e9l\u00e9spectateurs de France 2, pourront justement le retrouver pour f\u00eater les 35 ans de <strong>\u00ab\u00a0Fort Boyard\u00a0\u00bb.<\/strong><\/p>\n<p>Un programme qui a vu le jour en 1990 et qui \u00e9tait pr\u00e9sent\u00e9, au d\u00e9part, par le regrett\u00e9 <a href=\"https:\/\/www.public.fr\/tag\/patrice-laffont\" target=\"_blank\" rel=\"noopener\">Patrice Laffont<\/a>, avant que Jean-Pierre Castaldi n\u2019en prenne le contr\u00f4le, et <a href=\"https:\/\/vsd.fr\/65179-olivier-minne-piege-par-la-production-de-fort-boyard\/\" target=\"_blank\" rel=\"noopener\">qu\u2019Olivier Minne ne succ\u00e8de<\/a> \u00e0 ce dernier. En 35 ans, de nombreux \u00e9v\u00e8nements ont eu lieu sur le Fort. Ne laissant parfois pas de bons souvenirs aux candidats.<\/p>\n<p>Olivier Minne reconna\u00eet avoir \u00ab\u00a0merd\u00e9\u00a0\u00bb avec la phobie de certains candidats<\/p>\n<p>En effet, si certains l\u2019ignorent, les \u00e9preuves de <strong>\u00ab\u00a0Fort Boyard\u00a0\u00bb<\/strong> poussent parfois les candidats \u00e0 d\u00e9passer leurs phobies des araign\u00e9es, des serpents, des insectes, ou encore du vertige. N\u00e9anmoins, la production fait tout, en amont, pour \u00e9viter les crises de panique.<\/p>\n<p>Malgr\u00e9 toutes les pr\u00e9cautions prises, il arrive parfois que la situation d\u00e9rape comme l\u2019a reconnu Olivier Minne dans une interview pour NRJ Belgique le 3 f\u00e9vrier 2025. \u00ab\u00a0Quand ce sont des phobies qui ne sont pas surmontables, dans ce cas-l\u00e0, les \u00e9preuves qui y sont associ\u00e9es ne sont pas propos\u00e9es\u00a0\u00bb, a-t-il indiqu\u00e9 \u00e0 nos confr\u00e8res.<\/p>\n<p>Avant de reconna\u00eetre :\u00a0\u00ab\u00a0<strong>Parfois, \u00e7a a un peu merd\u00e9, mais ce n&rsquo;\u00e9tait pas la volont\u00e9 de la prod, c&rsquo;\u00e9taient des incompr\u00e9hensions entre les r\u00e9ponses du questionnaire et la production<\/strong>\u00ab\u00a0. Cela offrant, n\u00e9anmoins, des sc\u00e8nes cultes que certains t\u00e9l\u00e9spectateurs de <strong>\u00ab\u00a0Fort Boyard\u00a0\u00bb<\/strong> n\u2019ont jamais oubli\u00e9es.\u00a0<\/p>\n<p>Pourtant, Olivier Minne l\u2019assure, rien n\u2019est pr\u00e9m\u00e9dit\u00e9. \u00ab\u00a0L&rsquo;\u00e9mission a pour vocation de se tester mais aussi de repousser ses limites. Mais encore une fois\u00a0il faut que \u00e7a reste fun, si \u00e7a devient une douleur, ce n&rsquo;est pas la peine. Pour des phobies profondes, la production renonce dans ce cas-l\u00e0\u00a0\u00bb, a-t-il assur\u00e9 une nouvelle fois.<\/p>\n<p>Des candidats \u00ab\u00a0traumatis\u00e9s\u00a0\u00bb<\/p>\n<p>Mais les d\u00e9clarations d&rsquo;Olivier Minne vont-elles convaincre <a href=\"https:\/\/www.public.fr\/tag\/vaimalama-chaves-miss-france-2019\" target=\"_blank\" rel=\"noopener\">Vaimalama Chaves<\/a> et tous les anciens candidats \u00ab\u00a0traumatis\u00e9s\u00a0\u00bb par leur passage dans le Fort ? Par exemple, <a href=\"https:\/\/www.public.fr\/tag\/joyce-jonathan\" target=\"_blank\" rel=\"noopener\">Joyce Jonathan<\/a> avouait \u00e0 T\u00e9l\u00e9-Loisirs, en 2018, \u00eatre \u00ab\u00a0traumatis\u00e9e\u00a0\u00bb par son passage dans l\u2019\u00e9mission.<\/p>\n<p>\u00ab\u00a0Je suis traumatis\u00e9e. J&rsquo;ai renomm\u00e9 cette \u00e9mission\u00a0Faible Boyard. Si j&rsquo;ai r\u00e9ussi quelque chose, c&rsquo;est d&rsquo;\u00eatre le top du plus mauvais candidat. Je me console en me disant que c&rsquo;est bien d&rsquo;\u00eatre la num\u00e9ro 1 quelque part. Avec le stress, je perds totalement mes moyens. En plus, la veille, j&rsquo;ai \u00e9t\u00e9 tr\u00e8s malade. Je me suis retrouv\u00e9e \u00e0 faire l&rsquo;\u00e9mission en \u00e9tant malade et stress\u00e9e. Je ne savais plus comment je m&rsquo;appelais, quelle langue je parlais. (&#8230;) C&rsquo;\u00e9tait un enfer\u00a0\u00bb, se souvenait celle qui ne rencontrera peut-\u00eatre plus jamais Olivier Minne sur le Fort.<\/p>\n<p>      Mentionn\u00e9s dans cet article<\/p>\n<p>\u00c0 lire aussi<\/p>\n","protected":false},"excerpt":{"rendered":"M\u00eame en prenant toutes les pr\u00e9cautions n\u00e9cessaires, il arrive parfois de \u00ab\u00a0merder\u00a0\u00bb. Et Olivier Minne le reconna\u00eet. Ce&hellip;\n","protected":false},"author":2,"featured_media":68503,"comment_status":"","ping_status":"","sticky":false,"template":"","format":"standard","meta":{"footnotes":""},"categories":[1359],"tags":[58,59,15745,1011,27,594,17031,17032,17033,17034,973,17035],"class_list":{"0":"post-68502","1":"post","2":"type-post","3":"status-publish","4":"format-standard","5":"has-post-thumbnail","7":"category-people","8":"tag-divertissement","9":"tag-entertainment","10":"tag-fort-boyard","11":"tag-fr","12":"tag-france","13":"tag-france-2","14":"tag-jean-pierre-castaldi","15":"tag-joyce-jonathan","16":"tag-olivier-minne","17":"tag-patrice-laffont","18":"tag-people","19":"tag-vaimalama-chaves"},"share_on_mastodon":{"url":"https:\/\/pubeurope.com\/@fr\/114436437664503334","error":""},"_links":{"self":[{"href":"https:\/\/www.europesays.com\/fr\/wp-json\/wp\/v2\/posts\/68502","targetHints":{"allow":["GET"]}}],"collection":[{"href":"https:\/\/www.europesays.com\/fr\/wp-json\/wp\/v2\/posts"}],"about":[{"href":"https:\/\/www.europesays.com\/fr\/wp-json\/wp\/v2\/types\/post"}],"author":[{"embeddable":true,"href":"https:\/\/www.europesays.com\/fr\/wp-json\/wp\/v2\/users\/2"}],"replies":[{"embeddable":true,"href":"https:\/\/www.europesays.com\/fr\/wp-json\/wp\/v2\/comments?post=68502"}],"version-history":[{"count":0,"href":"https:\/\/www.europesays.com\/fr\/wp-json\/wp\/v2\/posts\/68502\/revisions"}],"wp:featuredmedia":[{"embeddable":true,"href":"https:\/\/www.europesays.com\/fr\/wp-json\/wp\/v2\/media\/68503"}],"wp:attachment":[{"href":"https:\/\/www.europesays.com\/fr\/wp-json\/wp\/v2\/media?parent=68502"}],"wp:term":[{"taxonomy":"category","embeddable":true,"href":"https:\/\/www.europesays.com\/fr\/wp-json\/wp\/v2\/categories?post=68502"},{"taxonomy":"post_tag","embeddable":true,"href":"https:\/\/www.europesays.com\/fr\/wp-json\/wp\/v2\/tags?post=68502"}],"curies":[{"name":"wp","href":"https:\/\/api.w.org\/{rel}","templated":true}]}}