{"id":685028,"date":"2026-01-24T02:08:22","date_gmt":"2026-01-24T02:08:22","guid":{"rendered":"https:\/\/www.europesays.com\/fr\/685028\/"},"modified":"2026-01-24T02:08:22","modified_gmt":"2026-01-24T02:08:22","slug":"affaire-de-la-sextape-a-saint-etienne-gael-perdriau-va-sortir-de-prison","status":"publish","type":"post","link":"https:\/\/www.europesays.com\/fr\/685028\/","title":{"rendered":"Affaire de la sextape \u00e0 Saint-\u00c9tienne : Ga\u00ebl Perdriau va sortir de prison"},"content":{"rendered":"<p>Selon l&rsquo;un de ses avocats, la justice a acc\u00e9d\u00e9 \u00e0 la demande de remise en libert\u00e9 de l&rsquo;ancien maire de Saint-\u00c9tienne, Ga\u00ebl Perdriau, condamn\u00e9 \u00e0 quatre ans de prison ferme dans l&rsquo;affaire du chantage \u00e0 la sextape contre son ancien premier adjoint, Gilles Artigues.<\/p>\n<p>Il sera bient\u00f4t libre.<\/p>\n<p>Plac\u00e9 \u00e0 l&rsquo;isolement <a class=\"url\" href=\"https:\/\/www.radioscoop.com\/infos\/affaire-de-la-sextape-a-saint-etienne-gael-perdriau-incarcere-a-bourg-en-bresse_346016\" target=\"_blank\" rel=\"noopener\">depuis son incarc\u00e9ration, le 7 janvier<\/a>, \u00e0 la <b>prison de Bourg-en-Bresse<\/b> (Ain), <b>Ga\u00ebl Perdriau<\/b> va pouvoir sortir de prison.<\/p>\n<p>La justice a, en effet, acc\u00e9d\u00e9 \u00e0 <b>sa demande remise en libert\u00e9<\/b>, selon l&rsquo;un des avocats de l&rsquo;ex-maire de Saint-\u00c9tienne. En revanche, sa date de sortie n&rsquo;a pas \u00e9t\u00e9 pr\u00e9cis\u00e9e.<\/p>\n<p>Un nouveau proc\u00e8s du 8 au 12 juin 2026<\/p>\n<p>Pour rappel, l&rsquo;ancien \u00e9lu st\u00e9phanois a \u00e9t\u00e9 condamn\u00e9 le 1er d\u00e9cembre 2025 \u00e0 <a class=\"url\" href=\"https:\/\/www.radioscoop.com\/infos\/gael-perdriau-condamne-le-maire-de-saint-etienne-a-adresse-sa-demission_343500\" target=\"_blank\" rel=\"noopener\">quatre ans de prison ferme et cinq ans d&rsquo;in\u00e9ligibilit\u00e9<\/a> dans l&rsquo;affaire du chantage \u00e0 la sextape contre son ancien premier adjoint, Gilles Artigues.<\/p>\n<p>Parmi ses trois coaccus\u00e9s, l&rsquo;ancien adjoint \u00e0 l&rsquo;\u00c9ducation, <b>Samy Kefi-J\u00e9r\u00f4me<\/b>, et l&rsquo;ex-compagnon de ce dernier, <b>Gilles Rossary-Lenglet<\/b>, condamn\u00e9s \u00e0 trois ans de prison ferme, ont eux aussi fait appel. Seul l&rsquo;ancien directeur de cabinet du maire, <b>Pierre Gauttieri<\/b>, qui a \u00e9cop\u00e9 de deux ans de prison ferme, n&rsquo;a pas interjet\u00e9 appel.<\/p>\n<p>Un nouveau proc\u00e8s est programm\u00e9 <b>du 8 au 12 juin 2026<\/b>, devant la cour d&rsquo;appel de Lyon.<\/p>\n<p><img loading=\"lazy\" decoding=\"async\" src=\"https:\/\/www.europesays.com\/fr\/wp-content\/uploads\/2026\/01\/1769220502_143_img.png\" width=\"350\" height=\"200\" border=\"0\" title=\"L'ancien maire de Saint-\u00c3\u0089tienne, Ga\u00c3\u00abl Perdriau\"\/><\/p>\n<p>\u25baPolice &#8211; Justice<\/p>\n<p style=\"font-size: 22px;\"><b>Affaire de la sextape \u00e0 Saint-\u00c9tienne : Ga\u00ebl Perdriau incarc\u00e9r\u00e9 \u00e0 Bourg-en-Bresse<\/b><\/p>\n<p>L&rsquo;ancien maire de Saint-\u00c9tienne vient d&rsquo;annoncer,&#8230;<\/p>\n<p><\/p>\n","protected":false},"excerpt":{"rendered":"Selon l&rsquo;un de ses avocats, la justice a acc\u00e9d\u00e9 \u00e0 la demande de remise en libert\u00e9 de l&rsquo;ancien&hellip;\n","protected":false},"author":2,"featured_media":581032,"comment_status":"","ping_status":"","sticky":false,"template":"","format":"standard","meta":{"footnotes":""},"categories":[9653],"tags":[1111,11,55932,2430,6749,1777,674,1011,27,303,78231,12,24321,806,4780,25,9920,4001,48100],"class_list":{"0":"post-685028","1":"post","2":"type-post","3":"status-publish","4":"format-standard","5":"has-post-thumbnail","7":"category-saint-etienne","8":"tag-actu","9":"tag-actualites","10":"tag-artigues","11":"tag-auvergne-rhone-alpes","12":"tag-bourg-en-bresse","13":"tag-eu","14":"tag-europe","15":"tag-fr","16":"tag-france","17":"tag-justice","18":"tag-libert","19":"tag-news","20":"tag-perdriau","21":"tag-prison","22":"tag-procs","23":"tag-republique-francaise","24":"tag-saint-tienne","25":"tag-saint-etienne","26":"tag-sextape"},"share_on_mastodon":{"url":"https:\/\/pubeurope.com\/@fr\/115947641542706523","error":""},"_links":{"self":[{"href":"https:\/\/www.europesays.com\/fr\/wp-json\/wp\/v2\/posts\/685028","targetHints":{"allow":["GET"]}}],"collection":[{"href":"https:\/\/www.europesays.com\/fr\/wp-json\/wp\/v2\/posts"}],"about":[{"href":"https:\/\/www.europesays.com\/fr\/wp-json\/wp\/v2\/types\/post"}],"author":[{"embeddable":true,"href":"https:\/\/www.europesays.com\/fr\/wp-json\/wp\/v2\/users\/2"}],"replies":[{"embeddable":true,"href":"https:\/\/www.europesays.com\/fr\/wp-json\/wp\/v2\/comments?post=685028"}],"version-history":[{"count":0,"href":"https:\/\/www.europesays.com\/fr\/wp-json\/wp\/v2\/posts\/685028\/revisions"}],"wp:featuredmedia":[{"embeddable":true,"href":"https:\/\/www.europesays.com\/fr\/wp-json\/wp\/v2\/media\/581032"}],"wp:attachment":[{"href":"https:\/\/www.europesays.com\/fr\/wp-json\/wp\/v2\/media?parent=685028"}],"wp:term":[{"taxonomy":"category","embeddable":true,"href":"https:\/\/www.europesays.com\/fr\/wp-json\/wp\/v2\/categories?post=685028"},{"taxonomy":"post_tag","embeddable":true,"href":"https:\/\/www.europesays.com\/fr\/wp-json\/wp\/v2\/tags?post=685028"}],"curies":[{"name":"wp","href":"https:\/\/api.w.org\/{rel}","templated":true}]}}