{"id":685041,"date":"2026-01-24T02:20:21","date_gmt":"2026-01-24T02:20:21","guid":{"rendered":"https:\/\/www.europesays.com\/fr\/685041\/"},"modified":"2026-01-24T02:20:21","modified_gmt":"2026-01-24T02:20:21","slug":"grenoble-rc-vannes-le-resume-dune-victoire-arrachee-dans-les-derniers-instants-par-le-rcv","status":"publish","type":"post","link":"https:\/\/www.europesays.com\/fr\/685041\/","title":{"rendered":"Grenoble &#8211; RC Vannes\u00a0: le r\u00e9sum\u00e9 d\u2019une victoire arrach\u00e9e dans les derniers instants par le RCV"},"content":{"rendered":"<p>Pro D2 (18e journ\u00e9e). Grenoble &#8211; RC Vannes : 26-29<\/p>\n<p>L&rsquo;orgueil du champion ! Men\u00e9 \u00e0 trois minutes de la sir\u00e8ne, le RC Vannes est all\u00e9 d\u00e9crocher un succ\u00e8s tr\u00e8s important, ce vendredi \u00e0 Grenoble (26-29). Comme si le RCV savait que toutes les autres formations du top 6 s\u2019\u00e9taient impos\u00e9es une heure plus t\u00f4t. Ruru avait, d\u2019abord, redonn\u00e9 de l\u2019allant quand tout allait mal (24-19, 69&prime;), gr\u00e2ce \u00e0 son dixi\u00e8me essai de la saison, \u00e9galant Mayo (Nevers) et Marco-Pena (Valence-Romans) en t\u00eate des meilleurs marqueurs de Pro D2. Puis Roudil finissait sur l\u2019aile gauche l\u2019immense travail de Djehi pour sceller le succ\u00e8s vannetais en Is\u00e8re (26-29, 78&prime;).<\/p>\n<p>Et le \u00ab ouf \u00bb de soulagement \u00e9tait \u00e0 la hauteur de la prestation. D\u2019autant que le RCV a bien cru que ce match allait lui \u00e9chapper, quand Pertaia redonnait l\u2019avantage aux Grenoblois (26-24, 76&prime;).<\/p>\n<p>Premier essai de Judd avec le RC Vannes<\/p>\n<p>La temp\u00eate avait donn\u00e9 le ton. Dans un match \u00e2pre, avec un ballon glissant dans le froid et sous la pluie, la victoire est revenue \u00e0 l\u2019\u00e9quipe qui a fait le moins d\u2019erreurs. Avant, les Vannetais avaient d\u00e9j\u00e0 exploit\u00e9 les moindres failles de la d\u00e9fense is\u00e9roise. Pedemonte \u00e9tait plus prompt pour aplatir d\u00e8s la premi\u00e8re incursion (3-7, 7\u2019) puis Judd inscrivait son premier essai sous les couleurs du RCV \u00e0 la conclusion d\u2019un raid de Roudil (6-17, 35\u2019).<\/p>\n<p>\u00c0 quelques secondes du buzzer de la premi\u00e8re p\u00e9riode, le RC Vannes voyait le talonneur grenoblois Soury marquer un essai de filou, cons\u00e9cutif \u00e0 une faute de Roudil (13-17, 40\u2019). Si les d\u00e9bats \u00e9taient \u00e9quilibr\u00e9s, la palme de l\u2019efficacit\u00e9 d\u00e9fensive revenant au RCV, le vent avait tourn\u00e9 en seconde p\u00e9riode. Les Bretons \u00e9taient boug\u00e9s en m\u00eal\u00e9e (43&prime;), Pedemonte partait \u00e0 la faute (54&prime;), B\u00e9ziat vendangeait une touche (58&prime;). Et le FCG en profitait pour reprendre l\u2019avantage gr\u00e2ce \u00e0 la pr\u00e9cision de Romain Trouilloud (19-17, 54&prime;). Mais l\u2019exp\u00e9rience a pris le dessus pour infliger au FCG son deuxi\u00e8me revers \u00e0 domicile.<\/p>\n<p>Apr\u00e8s la victoire initiale contre Brive (35-7), le RCV a remport\u00e9 le deuxi\u00e8me round de son triptyque en douze jours, dans une ambiance plus terne qu\u2019au match aller, avec un Roazhon Park plein \u00e0 craquer (30 000 personnes). Il reste le match \u00e0 Oyonnax, jeudi prochain. Pour finir un travail d\u00e9j\u00e0 bien commenc\u00e9.<\/p>\n<p class=\"titre-tech\">La fiche technique<\/p>\n<p class=\"tech\"><strong class=\"tech\">Arbitre<\/strong> : T. Trainini.<\/p>\n<p class=\"tech\"><strong class=\"tech\">Spectateurs<\/strong>. 8 000<\/p>\n<p class=\"tech\"><strong class=\"tech\">Les points<\/strong>. Vannes : 4 essais de Pedemonte (7\u2019), Judd (35\u2018), Ruru (68\u2019) et Roudil (78\u2019) ; 3 transformations de Lafage (7\u2019, 35\u2019, 69\u2019) ; 1 p\u00e9nalit\u00e9 de Lafage (14\u2019) ; Grenoble : 2 essais de Soury (40\u2019) et Pertaia (76\u2019) ; 2 transformations de R.Trouilloud (40\u2019, 77\u2019) ; 4 p\u00e9nalit\u00e9s<\/p>\n<p class=\"tech\">de H.Trouilloud (4\u2019) et R.Trouilloud (22\u2019, 43\u2019, 54\u2019)<\/p>\n<p class=\"tech\"><strong class=\"tech\">Carton jaune<\/strong>. Vannes : Pedemonte (76\u2019)<\/p>\n<p class=\"tech\"><strong class=\"tech\">RC VANNES<\/strong>. 15. Surano &#8211; 14. Ayarza, 13. Taccola, 12. Boudehent, 11. Roudil &#8211; 10. Lafage, 9. Judd (Ruru, 50\u2019)- 7. Blanc-Mappaz (cap.), 8. L. Boulier (Kalamafoni, 50\u2019), 6. Pedemonte &#8211; 5. M\u00e9zou (Metz, 41\u2019), 4. Marks (Geffr\u00e9, 61\u2019) &#8211; 3. Medrano (Tafili, 61\u2019), 2. B\u00e9ziat (El Bibouji, 61\u2019), 1. Vunipola (Djehi, 50\u2019).<\/p>\n<p class=\"tech\">Entra\u00eeneur principal : Jean-No\u00ebl Spitzer.<\/p>\n<p class=\"tech\"><strong class=\"tech\">FC GRENOBLE<\/strong>. 15. H. Trouilloud (Fusier, 9\u2019, Rasaku, 28\u2019) &#8211; 14. Costa-Storti, 13. H\u00e9riteau, 12. R. Trouilloud, 11. Kveseladze &#8211; 10. Cl\u00e9ment, 9. Couilloud (Nansen, 62\u2019) &#8211; 7. Martel, 8. Hardwick (Baret, 50\u2019), 6. Berruyer (cap.) &#8211; 5. Holt (Escande, 61\u2019), 4. Madeira &#8211; 3. Jonker (Pertaia, 50\u2019), 2. Soury, (Mamaiashvili, 50\u2019) 1. Mistrulli (Ruffenach, 50\u2019).<\/p>\n<p class=\"tech\">Entraineur principal : Jeff Dubois.<\/p>\n","protected":false},"excerpt":{"rendered":"Pro D2 (18e journ\u00e9e). Grenoble &#8211; RC Vannes : 26-29 L&rsquo;orgueil du champion ! Men\u00e9 \u00e0 trois minutes&hellip;\n","protected":false},"author":2,"featured_media":685042,"comment_status":"","ping_status":"","sticky":false,"template":"","format":"standard","meta":{"footnotes":""},"categories":[9566],"tags":[1111,11,2430,765,3166,1777,674,1011,27,2731,12,2308,3164,3167,25,479,60,3165],"class_list":{"0":"post-685041","1":"post","2":"type-post","3":"status-publish","4":"format-standard","5":"has-post-thumbnail","7":"category-grenoble","8":"tag-actu","9":"tag-actualites","10":"tag-auvergne-rhone-alpes","11":"tag-en-continu","12":"tag-en-continu-sports","13":"tag-eu","14":"tag-europe","15":"tag-fr","16":"tag-france","17":"tag-grenoble","18":"tag-news","19":"tag-pro-d2","20":"tag-rc-vannes","21":"tag-rcv","22":"tag-republique-francaise","23":"tag-rugby","24":"tag-sports","25":"tag-vannes"},"share_on_mastodon":{"url":"https:\/\/pubeurope.com\/@fr\/115947688664655636","error":""},"_links":{"self":[{"href":"https:\/\/www.europesays.com\/fr\/wp-json\/wp\/v2\/posts\/685041","targetHints":{"allow":["GET"]}}],"collection":[{"href":"https:\/\/www.europesays.com\/fr\/wp-json\/wp\/v2\/posts"}],"about":[{"href":"https:\/\/www.europesays.com\/fr\/wp-json\/wp\/v2\/types\/post"}],"author":[{"embeddable":true,"href":"https:\/\/www.europesays.com\/fr\/wp-json\/wp\/v2\/users\/2"}],"replies":[{"embeddable":true,"href":"https:\/\/www.europesays.com\/fr\/wp-json\/wp\/v2\/comments?post=685041"}],"version-history":[{"count":0,"href":"https:\/\/www.europesays.com\/fr\/wp-json\/wp\/v2\/posts\/685041\/revisions"}],"wp:featuredmedia":[{"embeddable":true,"href":"https:\/\/www.europesays.com\/fr\/wp-json\/wp\/v2\/media\/685042"}],"wp:attachment":[{"href":"https:\/\/www.europesays.com\/fr\/wp-json\/wp\/v2\/media?parent=685041"}],"wp:term":[{"taxonomy":"category","embeddable":true,"href":"https:\/\/www.europesays.com\/fr\/wp-json\/wp\/v2\/categories?post=685041"},{"taxonomy":"post_tag","embeddable":true,"href":"https:\/\/www.europesays.com\/fr\/wp-json\/wp\/v2\/tags?post=685041"}],"curies":[{"name":"wp","href":"https:\/\/api.w.org\/{rel}","templated":true}]}}