{"id":685054,"date":"2026-01-24T02:29:23","date_gmt":"2026-01-24T02:29:23","guid":{"rendered":"https:\/\/www.europesays.com\/fr\/685054\/"},"modified":"2026-01-24T02:29:23","modified_gmt":"2026-01-24T02:29:23","slug":"match-de-volley-livres-fete-nos-idees-sorties-a-nantes-ce-week-end","status":"publish","type":"post","link":"https:\/\/www.europesays.com\/fr\/685054\/","title":{"rendered":"Match de volley, livres, f\u00eate&#8230; Nos id\u00e9es sorties \u00e0 Nantes ce week-end"},"content":{"rendered":"<p>                    Par<br \/>\n        <strong><br \/>\n            <a href=\"https:\/\/actu.fr\/auteur\/laure-gentil\" title=\"Consulter tous les articles de Laure Gentil\" target=\"_blank\" rel=\"noopener\">Laure Gentil<\/a><br \/>\n                    <\/strong><\/p>\n<p>        Publi\u00e9 le<\/p>\n<p>            23 janv. 2026 \u00e0 17h58        <\/p>\n<p>Savez-vous quoi faire pour vous divertir apr\u00e8s cette longue semaine de travail\u2009? <b>Actu Nantes<\/b>\u00a0vous propose des id\u00e9es de sorties \u00e0 faire dans la capitale des Ducs de\u00a0<b>Bretagne<\/b>, seul, avec des amis ou en famille\u2009!<\/p>\n<p>Nuits de la lecture<\/p>\n<p class=\" wall-content\">Lectures, spectacles, jeux, ateliers, go\u00fbters\u2026 Des animations gratuites sont organis\u00e9es dans les biblioth\u00e8ques et m\u00e9diath\u00e8ques de Nantes pour encourager les habitants \u00e0 plus souvent visiter ces lieux. Il s\u2019agit de la 10\u1d49 \u00e9dition des Nuits de la lecture. Elle se d\u00e9roulera jusqu\u2019au 25\u00a0janvier et le th\u00e8me de cette ann\u00e9e est \u00ab\u2009Villes et campagnes\u2009\u00bb.<\/p>\n<p class=\" wall-content\"><a href=\"https:\/\/metropole.nantes.fr\/actualites\/nuits-de-la-lecture-2026-toute-la-programmation-dans-la-metropole-nantaise\" target=\"_blank\" rel=\"noopener\">Retrouvez le programme des animations en cliquant ici.<\/a><\/p>\n<p>Nantes vs Le\u00a0Mans<\/p>\n<p class=\" wall-content\">Si les r\u00e9sultats des gar\u00e7ons ne sont pas au rendez-vous, les filles, elles, semblent inarr\u00eatables. Les fans des Canaris pourront assister \u00e0 la 8\u1d49 de finale de Coupe de France au stade Marcel-Saupin. Les Nantaises gagneront-elles leur quatri\u00e8me match de suite\u2009? Coup d\u2019envoi \u00e0 14\u2009h\u200930.<\/p>\n<p class=\" wall-content\"><a href=\"https:\/\/billetterie.fcnantes.com\/fr\/\" target=\"_blank\" rel=\"noopener\">Cliquez ici pour acc\u00e9der \u00e0 la billetterie.<\/a><\/p>\n<p>Nantes vs Rennes<\/p>\n<p class=\" wall-content\">Les footballeuses ne sont pas les seules \u00e0 \u00eatre au top de leur forme, les volleyeuses aussi\u2009! Apr\u00e8s quatre victoires, les Neptunes vont devoir affronter Rennes samedi 24\u00a0janvier \u00e0 20\u2009h au complexe sportif Mangin-Beaulieu. Si elles r\u00e9ussissent \u00e0 vaincre les Bretonnes, les Neptunes atteindront la t\u00eate du championnat \u00c9lite.<\/p>\n<p class=\" wall-content\"><a href=\"https:\/\/web.digitick.com\/j13-neptunes-de-nantes-rennes-sport-complexe-sportif-mangin-beaulieu-24-janvier-2026-css5-neptunesnantes-pg101-ri11417905.html\" target=\"_blank\" rel=\"noopener\">Cliquez ici pour acc\u00e9der \u00e0 la billetterie.<\/a><\/p>\n<p>F\u00eate d\u2019ouverture de Portevent<\/p>\n<p class=\" wall-content\">Portevent ouvre ses portes au public le 24\u00a0janvier lors d\u2019une <a href=\"https:\/\/actu.fr\/pays-de-la-loire\/nantes_44109\/nantes-ce-nouveau-bar-propose-des-soirees-gratuites-pour-feter-son-ouverture_63719796.html\" target=\"_blank\" rel=\"noopener\">grande f\u00eate de lancement<\/a>. Au programme de cette deuxi\u00e8me journ\u00e9e de festivit\u00e9s\u2009:<\/p>\n<ul class=\" wall-content\">\n<li>14\u2009h \u2013 Ouverture des portes<\/li>\n<li>14\u2009h\u200930 \u2013 Sieste musicale<\/li>\n<li>16\u2009h \u2013 Go\u00fbter en famille<\/li>\n<li>17\u2009h \u2013 Spectacle Contes cruels<\/li>\n<li>18\u2009h \u2013 Session chant\u00e9e avec Dastum 44<\/li>\n<li>20\u2009h \u2013 DJ mixset Piti piti pas<\/li>\n<li>20\u2009h\u200930 \u2013 Concert L\u2019Ombre de la B\u00eate<\/li>\n<li>22\u2009h \u2013 DJ mixset Piti piti pas<\/li>\n<li>23\u2009h\u200930 \u2013 DJ set L\u00e9na C.<\/li>\n<\/ul>\n<p class=\" wall-content\">L\u2019entr\u00e9e est gratuite. 1 boulevard Henry Orrion<\/p>\n<p class=\" wall-content\">Personnalisez votre actualit\u00e9 en ajoutant vos villes et m\u00e9dias en favori avec <a href=\"https:\/\/moncompte.actu.fr\" title=\"D\u00e9couvez Mon Actu\" rel=\"nofollow noopener\" data-trk=\"{&quot;cta&quot;:{&quot;action&quot;:&quot;https:\\\/\\\/moncompte.actu.fr&quot;,&quot;category&quot;:&quot;mon compte&quot;,&quot;from&quot;:&quot;article footer&quot;,&quot;name&quot;:&quot;Mon actu&quot;,&quot;type&quot;:&quot;cta&quot;}}\" target=\"_blank\">Mon Actu<\/a>.<\/p>\n","protected":false},"excerpt":{"rendered":"Par Laure Gentil Publi\u00e9 le 23 janv. 2026 \u00e0 17h58 Savez-vous quoi faire pour vous divertir apr\u00e8s cette&hellip;\n","protected":false},"author":2,"featured_media":685055,"comment_status":"","ping_status":"","sticky":false,"template":"","format":"standard","meta":{"footnotes":""},"categories":[2818],"tags":[1111,11,1063,1697,1777,674,1011,27,1652,766,12,2636,25],"class_list":{"0":"post-685054","1":"post","2":"type-post","3":"status-publish","4":"format-standard","5":"has-post-thumbnail","7":"category-nantes","8":"tag-actu","9":"tag-actualites","10":"tag-animations","11":"tag-concert","12":"tag-eu","13":"tag-europe","14":"tag-fr","15":"tag-france","16":"tag-loisirs-culture","17":"tag-nantes","18":"tag-news","19":"tag-pays-de-la-loire","20":"tag-republique-francaise"},"share_on_mastodon":{"url":"https:\/\/pubeurope.com\/@fr\/115947724226539811","error":""},"_links":{"self":[{"href":"https:\/\/www.europesays.com\/fr\/wp-json\/wp\/v2\/posts\/685054","targetHints":{"allow":["GET"]}}],"collection":[{"href":"https:\/\/www.europesays.com\/fr\/wp-json\/wp\/v2\/posts"}],"about":[{"href":"https:\/\/www.europesays.com\/fr\/wp-json\/wp\/v2\/types\/post"}],"author":[{"embeddable":true,"href":"https:\/\/www.europesays.com\/fr\/wp-json\/wp\/v2\/users\/2"}],"replies":[{"embeddable":true,"href":"https:\/\/www.europesays.com\/fr\/wp-json\/wp\/v2\/comments?post=685054"}],"version-history":[{"count":0,"href":"https:\/\/www.europesays.com\/fr\/wp-json\/wp\/v2\/posts\/685054\/revisions"}],"wp:featuredmedia":[{"embeddable":true,"href":"https:\/\/www.europesays.com\/fr\/wp-json\/wp\/v2\/media\/685055"}],"wp:attachment":[{"href":"https:\/\/www.europesays.com\/fr\/wp-json\/wp\/v2\/media?parent=685054"}],"wp:term":[{"taxonomy":"category","embeddable":true,"href":"https:\/\/www.europesays.com\/fr\/wp-json\/wp\/v2\/categories?post=685054"},{"taxonomy":"post_tag","embeddable":true,"href":"https:\/\/www.europesays.com\/fr\/wp-json\/wp\/v2\/tags?post=685054"}],"curies":[{"name":"wp","href":"https:\/\/api.w.org\/{rel}","templated":true}]}}