{"id":685058,"date":"2026-01-24T02:31:28","date_gmt":"2026-01-24T02:31:28","guid":{"rendered":"https:\/\/www.europesays.com\/fr\/685058\/"},"modified":"2026-01-24T02:31:28","modified_gmt":"2026-01-24T02:31:28","slug":"n2-la-roche-sur-yon-passe-devant-les-girondins-de-bordeaux-en-tete-de-la-poule-a","status":"publish","type":"post","link":"https:\/\/www.europesays.com\/fr\/685058\/","title":{"rendered":"N2 : La Roche-sur-Yon passe devant les Girondins de Bordeaux en t\u00eate de la poule A"},"content":{"rendered":"<p><img decoding=\"async\" src=\"https:\/\/www.europesays.com\/fr\/wp-content\/uploads\/2025\/08\/671_27a5a9e7434fc1a02b561d60e7fadd28.jpg\" alt=\"N2 : La Roche-sur-Yon passe devant les Girondins de Bordeaux en t\u00eate de la poule A\" class=\"img-responsive mt-3\"\/><\/p>\n<p class=\"text-center mb-3\" style=\"font-size: 14px\">\u00a9 Iconsport<\/p>\n<p>      <strong>Classement N2 : les Girondins de Bordeaux sous pression apr\u00e8s le succ\u00e8s de La Roche<\/strong><\/p>\n<p style=\"text-align: justify;\">C&rsquo;est un gros coup que fait Vend\u00e9e FC la Roche ce vendredi soir en prendant la t\u00eate du championnat avec des r\u00e9alisations d&rsquo;Araujo et N&rsquo;Sikulu face au FC Lorient (2-1). L&rsquo;\u00e9quipe de Fr\u00e9d\u00e9ric Reculeau compte trois points d&rsquo;avance sur celle de Bruno irl\u00e8s.<\/p>\n<p style=\"text-align: justify;\">La pression est maintenant sur les Girondins qui joue ce samedi \u00e0 18h chez la lanterne rouge l&rsquo;US Granville. <a href=\"https:\/\/www.webgirondins.com\/actualite-girondins-girondins-abou-ba-et-matthieu-villette-forfaits-a-granville-131907\" target=\"_blank\" rel=\"noopener\">Bruno Irl\u00e8s doit se passer de trois titulaires<\/a>.<\/p>\n<p style=\"text-align: justify;\">R\u00e9sultats :<\/p>\n<p>Vend\u00e9e Foot Club RY<strong> 2-1<\/strong> FC Lorient II<\/p>\n<p>Match de samedi \u00e0 17h :\u00a0<\/p>\n<p>Angoul\u00eame Charente FC &#8211; FC Montlouis<\/p>\n<p>Matchs de samedi \u00e0 18h :<\/p>\n<p>Voltigeurs de Ch\u00e2teaubriant &#8211; US Avranches<br \/>Chauray FC &#8211; Saint-Colomban Locmin\u00e9<br \/><a href=\"https:\/\/www.webgirondins.com\/actualite-girondins-national-2-chiffres-forces-et-faiblesses-de-la-lanterne-rouge-granville-avant-bordeaux-131899\" target=\"_blank\" rel=\"noopener\"><strong>US Granville &#8211; Girondins de Bordeaux<\/strong><\/a><br \/>US Saint-Malo &#8211; Avrion Bayonnais<br \/>Olympique Saumur FC &#8211; Les Herbiers<br \/>Stade Poitevin FC &#8211; Dinan L\u00e9hon<\/p>\n<p>&gt;&gt;\u00a0<strong><a href=\"https:\/\/www.webgirondins.com\/classement-girondins-national-2\" target=\"_blank\" rel=\"noopener\">Voir le classement du Groupe A<\/a><br \/><\/strong><\/p>\n<p>\u00c0 lire &gt;&gt; <strong><a href=\"https:\/\/www.webgirondins.com\/actualite-girondins-granville-bordeaux-le-groupe-des-girondins-pour-la-16e-journee-de-national-2-131908\" target=\"_blank\" rel=\"noopener\">Granville-Bordeaux : le groupe des Girondins pour la 16e journ\u00e9e de National 2<\/a><\/strong><\/p>\n<p>Notre podcast court sur l&rsquo;actu des Girondins :<\/p>\n","protected":false},"excerpt":{"rendered":"\u00a9 Iconsport Classement N2 : les Girondins de Bordeaux sous pression apr\u00e8s le succ\u00e8s de La Roche C&rsquo;est&hellip;\n","protected":false},"author":2,"featured_media":309954,"comment_status":"","ping_status":"","sticky":false,"template":"","format":"standard","meta":{"footnotes":""},"categories":[2817],"tags":[1111,11,1997,3233,13413,1777,674,31404,2823,1011,27,1987,39471,41431,1781,3238,12,2219,5242,5536,4789,3051,6020,25,6689,3467,17643,2546,6949],"class_list":{"0":"post-685058","1":"post","2":"type-post","3":"status-publish","4":"format-standard","5":"has-post-thumbnail","7":"category-bordeaux","8":"tag-actu","9":"tag-actualites","10":"tag-bordeaux","11":"tag-championnat","12":"tag-devant","13":"tag-eu","14":"tag-europe","15":"tag-evolue","16":"tag-face","17":"tag-fr","18":"tag-france","19":"tag-girondins","20":"tag-hierarchie","21":"tag-impose","22":"tag-lorient","23":"tag-national","24":"tag-news","25":"tag-nouvelle-aquitaine","26":"tag-passe","27":"tag-place","28":"tag-poule","29":"tag-premiere","30":"tag-prend","31":"tag-republique-francaise","32":"tag-roche","33":"tag-soir","34":"tag-tete","35":"tag-vendee","36":"tag-vendredi"},"share_on_mastodon":{"url":"https:\/\/pubeurope.com\/@fr\/115947731902220775","error":""},"_links":{"self":[{"href":"https:\/\/www.europesays.com\/fr\/wp-json\/wp\/v2\/posts\/685058","targetHints":{"allow":["GET"]}}],"collection":[{"href":"https:\/\/www.europesays.com\/fr\/wp-json\/wp\/v2\/posts"}],"about":[{"href":"https:\/\/www.europesays.com\/fr\/wp-json\/wp\/v2\/types\/post"}],"author":[{"embeddable":true,"href":"https:\/\/www.europesays.com\/fr\/wp-json\/wp\/v2\/users\/2"}],"replies":[{"embeddable":true,"href":"https:\/\/www.europesays.com\/fr\/wp-json\/wp\/v2\/comments?post=685058"}],"version-history":[{"count":0,"href":"https:\/\/www.europesays.com\/fr\/wp-json\/wp\/v2\/posts\/685058\/revisions"}],"wp:featuredmedia":[{"embeddable":true,"href":"https:\/\/www.europesays.com\/fr\/wp-json\/wp\/v2\/media\/309954"}],"wp:attachment":[{"href":"https:\/\/www.europesays.com\/fr\/wp-json\/wp\/v2\/media?parent=685058"}],"wp:term":[{"taxonomy":"category","embeddable":true,"href":"https:\/\/www.europesays.com\/fr\/wp-json\/wp\/v2\/categories?post=685058"},{"taxonomy":"post_tag","embeddable":true,"href":"https:\/\/www.europesays.com\/fr\/wp-json\/wp\/v2\/tags?post=685058"}],"curies":[{"name":"wp","href":"https:\/\/api.w.org\/{rel}","templated":true}]}}