{"id":685086,"date":"2026-01-24T02:48:13","date_gmt":"2026-01-24T02:48:13","guid":{"rendered":"https:\/\/www.europesays.com\/fr\/685086\/"},"modified":"2026-01-24T02:48:13","modified_gmt":"2026-01-24T02:48:13","slug":"tensions-avec-la-police-de-limmigration-aux-usa-sous-20c-des-milliers-dhabitants-de-minneapolis-manifestent-contre-la-police-ice","status":"publish","type":"post","link":"https:\/\/www.europesays.com\/fr\/685086\/","title":{"rendered":"Tensions avec la police de l&rsquo;immigration aux USA &#8211; Sous -20\u00b0C, des milliers d&rsquo;habitants de Minneapolis manifestent contre la police ICE"},"content":{"rendered":"<p class=\"ap-StoryElement ap-StoryElement--mb ap-StoryText\">D&rsquo;autres manifestations ont eu lieu autour d&rsquo;un b\u00e2timent utilis\u00e9 par l&rsquo;ICE et \u00e0 l&rsquo;a\u00e9roport international de Minneapolis-Saint-Paul, d&rsquo;o\u00f9 partent les migrants envoy\u00e9s vers les centres de r\u00e9tention. Selon les m\u00e9dias locaux, une centaine de membres du clerg\u00e9, qui participaient \u00e0 ce rassemblement, ont \u00e9t\u00e9 arr\u00eat\u00e9s.<\/p>\n<p class=\"ap-StoryElement ap-StoryElement--mb ap-StoryText\">Dans les esprits des manifestants, Renee Good, Am\u00e9ricaine de 37 ans tu\u00e9e par un agent d&rsquo;ICE le 7 janvier, et Liam Ramos, 5 ans, d\u00e9tenu par ICE depuis mardi.<\/p>\n<p class=\"ap-StoryElement ap-StoryElement--mb ap-StoryText\">Le Minnesota, dont de nombreuses zones sont des \u00ab\u00a0sanctuaires\u00a0\u00bb limitant la coop\u00e9ration entre les forces de l&rsquo;ordre locales et ICE, a demand\u00e9 \u00e0 la justice la suspension de l&rsquo;op\u00e9ration \u00e0 l&rsquo;int\u00e9rieur de ses fronti\u00e8res. Une audience est pr\u00e9vue lundi.<\/p>\n<p class=\"ap-StoryElement ap-StoryElement--mb ap-StoryText\">Depuis le mois de d\u00e9cembre, le pr\u00e9sident Donald Trump a envoy\u00e9 plusieurs milliers d&rsquo;agents de l&rsquo;ICE pour traquer, arr\u00eater et expulser les individus en migration.<\/p>\n<p><img loading=\"lazy\" decoding=\"async\" class=\"w-full lazyload lazyload--opacity object-contain\" style=\"aspect-ratio:150 \/ 100;opacity:1\" alt=\"Tensions avec la police de l'immigration aux USA - Sous -20\u00b0C, des milliers d'habitants de Minneapolis manifestent contre la police ICE\" width=\"512\" height=\"341\" fetchpriority=\"auto\" src=\"https:\/\/www.europesays.com\/fr\/wp-content\/uploads\/2025\/12\/1765951754_589_S5VKD3X55FFF3BW6V4SEHXNP7I.png\"  data- data-optimumx=\"1\"\/><\/p>\n","protected":false},"excerpt":{"rendered":"D&rsquo;autres manifestations ont eu lieu autour d&rsquo;un b\u00e2timent utilis\u00e9 par l&rsquo;ICE et \u00e0 l&rsquo;a\u00e9roport international de Minneapolis-Saint-Paul, d&rsquo;o\u00f9&hellip;\n","protected":false},"author":2,"featured_media":2837,"comment_status":"","ping_status":"","sticky":false,"template":"","format":"standard","meta":{"footnotes":""},"categories":[1589],"tags":[11,73,1866,1061,2088,12,1072,1864,1865,1863,308],"class_list":{"0":"post-685086","1":"post","2":"type-post","3":"status-publish","4":"format-standard","5":"has-post-thumbnail","7":"category-etats-unis","8":"tag-actualites","9":"tag-etats-unis","10":"tag-etats-unis-damerique","11":"tag-immigration","12":"tag-manifestation","13":"tag-news","14":"tag-police","15":"tag-united-states","16":"tag-united-states-of-america","17":"tag-us","18":"tag-usa"},"share_on_mastodon":{"url":"https:\/\/pubeurope.com\/@fr\/115947798895217375","error":""},"_links":{"self":[{"href":"https:\/\/www.europesays.com\/fr\/wp-json\/wp\/v2\/posts\/685086","targetHints":{"allow":["GET"]}}],"collection":[{"href":"https:\/\/www.europesays.com\/fr\/wp-json\/wp\/v2\/posts"}],"about":[{"href":"https:\/\/www.europesays.com\/fr\/wp-json\/wp\/v2\/types\/post"}],"author":[{"embeddable":true,"href":"https:\/\/www.europesays.com\/fr\/wp-json\/wp\/v2\/users\/2"}],"replies":[{"embeddable":true,"href":"https:\/\/www.europesays.com\/fr\/wp-json\/wp\/v2\/comments?post=685086"}],"version-history":[{"count":0,"href":"https:\/\/www.europesays.com\/fr\/wp-json\/wp\/v2\/posts\/685086\/revisions"}],"wp:featuredmedia":[{"embeddable":true,"href":"https:\/\/www.europesays.com\/fr\/wp-json\/wp\/v2\/media\/2837"}],"wp:attachment":[{"href":"https:\/\/www.europesays.com\/fr\/wp-json\/wp\/v2\/media?parent=685086"}],"wp:term":[{"taxonomy":"category","embeddable":true,"href":"https:\/\/www.europesays.com\/fr\/wp-json\/wp\/v2\/categories?post=685086"},{"taxonomy":"post_tag","embeddable":true,"href":"https:\/\/www.europesays.com\/fr\/wp-json\/wp\/v2\/tags?post=685086"}],"curies":[{"name":"wp","href":"https:\/\/api.w.org\/{rel}","templated":true}]}}