{"id":685177,"date":"2026-01-24T03:53:11","date_gmt":"2026-01-24T03:53:11","guid":{"rendered":"https:\/\/www.europesays.com\/fr\/685177\/"},"modified":"2026-01-24T03:53:11","modified_gmt":"2026-01-24T03:53:11","slug":"mode-masculine-a-paris-les-adieux-de-veronique-nichanian-chez-hermes-actualites","status":"publish","type":"post","link":"https:\/\/www.europesays.com\/fr\/685177\/","title":{"rendered":"Mode masculine: \u00e0 Paris, les adieux de V\u00e9ronique Nichanian chez Herm\u00e8s : Actualit\u00e9s"},"content":{"rendered":"<p class=\"lead \">Ev\u00e9nement tr\u00e8s attendu de la semaine de la mode masculine de Paris, la styliste fran\u00e7aise V\u00e9ronique Nichanian pr\u00e9sente samedi sa derni\u00e8re collection Herm\u00e8s apr\u00e8s 37 ans \u00e0 la t\u00eate des collections homme.<\/p>\n<p class=\"lead \">Organis\u00e9 au Palais Brongniart, dans le centre de Paris, \u00e0 20H00 (19H00 GMT), ce 76e et dernier d\u00e9fil\u00e9 ne sera pas \u00ab\u00a0r\u00e9trospectif, mais plein de clins d&rsquo;\u0153il\u00a0\u00bb, a assur\u00e9 la cr\u00e9atrice de 71 ans \u00e0 Madame Figaro d\u00e9but janvier.<\/p>\n<p class=\"lead \">\u00ab\u00a0\u00c7a va \u00eatre un grand moment marquant\u00a0\u00bb, assure \u00e0 l&rsquo;AFP Marie Ottavi, journaliste mode \u00e0 Lib\u00e9ration. \u00ab\u00a0C&rsquo;est une femme qui a toujours apport\u00e9 de la modernit\u00e9 dans ses collections. Son d\u00e9part apr\u00e8s tant d&rsquo;ann\u00e9es, \u00e7a raconte cette long\u00e9vit\u00e9, ce rapport au temps long de la maison Herm\u00e8s\u00a0\u00bb, ajoute-t-elle.<\/p>\n<p class=\"lead \">\u00ab\u00a0Il est l&rsquo;heure de passer le t\u00e9moin\u00a0\u00bb, annon\u00e7ait en octobre V\u00e9ronique Nichanian. Assurant avoir encore \u00ab\u00a0des id\u00e9es\u00a0\u00bb, elle expliquait vouloir se consacrer plus de temps, notamment pour \u00ab\u00a0r\u00e9aliser un r\u00eave de longue date\u00a0\u00bb: passer plusieurs mois au Japon.<\/p>\n<p class=\"lead \">&#8211; Rupture &#8211;<\/p>\n<p class=\"lead \">La Britannique d&rsquo;origine jama\u00efcaine Grace Wales Bonner a \u00e9t\u00e9 nomm\u00e9e quelques jours plus tard pour lui succ\u00e9der. <\/p>\n<p class=\"lead \">Prix LVMH jeune cr\u00e9ateur 2016, la trentenaire s&rsquo;est construit une belle r\u00e9putation dans la mode masculine avec sa marque \u00e9ponyme, une griffe ancr\u00e9e dans son identit\u00e9 afro-carib\u00e9enne tout autant que dans la tradition vestimentaire britannique.<\/p>\n<p class=\"lead \">Elle pr\u00e9sentera sa premi\u00e8re collection en janvier 2027. Celle de juin sera pr\u00e9par\u00e9e par les studios de cr\u00e9ation interne. <\/p>\n<p class=\"lead \">\u00ab\u00a0C&rsquo;est une jeune femme de talent, elle semble d\u00e9termin\u00e9e. Il fallait s\u00fbrement une rupture apr\u00e8s 37 ans, et c&rsquo;est ce qu&rsquo;elle va exprimer. C&rsquo;est bien, c&rsquo;est juste, et cela me ravit\u00a0\u00bb, a assur\u00e9 V\u00e9ronique Nichanian \u00e0 Madame Figaro. <\/p>\n<p class=\"lead \">Un choix audacieux \u00e9galement salu\u00e9 par la presse. \u00ab\u00a0Grace Wales Bonner est tr\u00e8s moderne, engag\u00e9e&#8230; Herm\u00e8s a su choisir une personne qui va apporter non seulement de la qualit\u00e9, mais aussi de l&rsquo;image et un propos\u00a0\u00bb, estime Marie Ottavi. <\/p>\n<p class=\"lead \">Les collections femme Herm\u00e8s restent dirig\u00e9es par Nad\u00e8ge Vanh\u00e9e-Cybulski, \u00e0 la t\u00eate de la ligne depuis 2014.<\/p>\n<p class=\"lead \">&#8211; \u00ab\u00a0R\u00e9invention permanente\u00a0\u00bb &#8211;<\/p>\n<p class=\"lead \">Rare femme cr\u00e9atrice dans l&rsquo;univers de la mode masculine, V\u00e9ronique Nichanian affirme y avoir trouv\u00e9 \u00ab\u00a0un formidable terrain d&rsquo;expression\u00a0\u00bb.<\/p>\n<p class=\"lead \">Tout juste dipl\u00f4m\u00e9e de l&rsquo;Ecole de la chambre syndicale de la couture parisienne (ESCP), elle y fait ses premiers pas aupr\u00e8s du styliste italien bas\u00e9 \u00e0 Paris Nino Cerruti.<\/p>\n<p class=\"lead \">Apr\u00e8s 10 ans pass\u00e9s aupr\u00e8s de celui qu&rsquo;elle qualifie de \u00ab\u00a0p\u00e8re spirituel\u00a0\u00bb, elle rejoint Herm\u00e8s en 1988. \u00ab\u00a0G\u00e9rez \u00e7a comme votre petite entreprise. Vous avez carte blanche\u00a0\u00bb, lui dit alors Jean-Louis Dumas, pr\u00e9sident du groupe de 1978 \u00e0 2006.<\/p>\n<p class=\"lead \">Au fil des d\u00e9cennies, elle a b\u00e2ti \u00ab\u00a0un style contemporain, dans une r\u00e9invention permanente du v\u00eatement et de ses usages et \u00e0 travers une recherche constante sur les mati\u00e8res, les savoir-faire et la couleur\u00a0\u00bb, lui a rendu hommage la griffe dans le communiqu\u00e9 annon\u00e7ant son d\u00e9part. <\/p>\n<p class=\"lead \">Ce changement prend place dans un vaste mercato des directeurs artistiques, chez Chanel, Dior ou Gucci, alors que le march\u00e9 du luxe fait face \u00e0 des d\u00e9fis \u00e9conomiques et commerciaux.<\/p>\n<p class=\"lead \">Herm\u00e8s, elle, ne conna\u00eet pas la crise. La maison dont la publication des r\u00e9sultats annuels est attendue le 12 f\u00e9vrier, a vu son chiffre d&rsquo;affaires cro\u00eetre de 6,3% sur les neuf premiers mois de 2025, \u00e0 11,9 milliards d&rsquo;euros.<\/p>\n<p class=\"lead \">L&rsquo;an dernier, le groupe de luxe a investi plus d&rsquo;un milliard d&rsquo;euros, avec notamment l&rsquo;ouverture d&rsquo;une 25e maroquinerie en France, en Charente. Herm\u00e8s pr\u00e9voit d&rsquo;en ouvrir trois autres dans le pays au cours des trois prochaines ann\u00e9es.<\/p>\n<p class=\"lead \">Dans ce contexte, le directeur g\u00e9n\u00e9ral Finances, Eric du Halgou\u00ebt, a confirm\u00e9 en octobre que le projet de se lancer dans la haute couture \u00e9tait \u00ab\u00a0bien en cours de pr\u00e9paration\u00a0\u00bb, mais pas \u00ab\u00a0avant 2027 au plus t\u00f4t\u00a0\u00bb. <\/p>\n<p class=\"small font-weight-bold text-gray3 \"> publi\u00e9 le 24 janvier \u00e0 04h19, AFP<\/p>\n<p>                             Partager<\/p>\n","protected":false},"excerpt":{"rendered":"Ev\u00e9nement tr\u00e8s attendu de la semaine de la mode masculine de Paris, la styliste fran\u00e7aise V\u00e9ronique Nichanian pr\u00e9sente&hellip;\n","protected":false},"author":2,"featured_media":685178,"comment_status":"","ping_status":"","sticky":false,"template":"","format":"standard","meta":{"footnotes":""},"categories":[1888],"tags":[1111,1928,11,1927,2105,1777,674,1011,27,2425,985,12,1926,626,1925,25],"class_list":{"0":"post-685177","1":"post","2":"type-post","3":"status-publish","4":"format-standard","5":"has-post-thumbnail","7":"category-paris","8":"tag-actu","9":"tag-actu-paris","10":"tag-actualites","11":"tag-actualites-paris","12":"tag-distribution","13":"tag-eu","14":"tag-europe","15":"tag-fr","16":"tag-france","17":"tag-luxe","18":"tag-mode","19":"tag-news","20":"tag-news-paris","21":"tag-paris","22":"tag-paris-news","23":"tag-republique-francaise"},"share_on_mastodon":{"url":"https:\/\/pubeurope.com\/@fr\/115948054335082204","error":""},"_links":{"self":[{"href":"https:\/\/www.europesays.com\/fr\/wp-json\/wp\/v2\/posts\/685177","targetHints":{"allow":["GET"]}}],"collection":[{"href":"https:\/\/www.europesays.com\/fr\/wp-json\/wp\/v2\/posts"}],"about":[{"href":"https:\/\/www.europesays.com\/fr\/wp-json\/wp\/v2\/types\/post"}],"author":[{"embeddable":true,"href":"https:\/\/www.europesays.com\/fr\/wp-json\/wp\/v2\/users\/2"}],"replies":[{"embeddable":true,"href":"https:\/\/www.europesays.com\/fr\/wp-json\/wp\/v2\/comments?post=685177"}],"version-history":[{"count":0,"href":"https:\/\/www.europesays.com\/fr\/wp-json\/wp\/v2\/posts\/685177\/revisions"}],"wp:featuredmedia":[{"embeddable":true,"href":"https:\/\/www.europesays.com\/fr\/wp-json\/wp\/v2\/media\/685178"}],"wp:attachment":[{"href":"https:\/\/www.europesays.com\/fr\/wp-json\/wp\/v2\/media?parent=685177"}],"wp:term":[{"taxonomy":"category","embeddable":true,"href":"https:\/\/www.europesays.com\/fr\/wp-json\/wp\/v2\/categories?post=685177"},{"taxonomy":"post_tag","embeddable":true,"href":"https:\/\/www.europesays.com\/fr\/wp-json\/wp\/v2\/tags?post=685177"}],"curies":[{"name":"wp","href":"https:\/\/api.w.org\/{rel}","templated":true}]}}