{"id":685277,"date":"2026-01-24T04:58:19","date_gmt":"2026-01-24T04:58:19","guid":{"rendered":"https:\/\/www.europesays.com\/fr\/685277\/"},"modified":"2026-01-24T04:58:19","modified_gmt":"2026-01-24T04:58:19","slug":"le-petrolier-arrete-par-la-france-convoye-vers-le-port-de-marseille","status":"publish","type":"post","link":"https:\/\/www.europesays.com\/fr\/685277\/","title":{"rendered":"Le p\u00e9trolier arr\u00eat\u00e9 par la France convoy\u00e9 vers le port de Marseille"},"content":{"rendered":"<p><a href=\"https:\/\/www.20minutes.fr\/monde\/russie\/4197464-20260122-france-annonce-arrestation-petrolier-russe-mediterranee\" class=\"c-link c-link--is-underlined\" target=\"_blank\" rel=\"noopener\">Intercept\u00e9 jeudi matin<\/a> dans les eaux internationales de la mer d\u2019Alboran, situ\u00e9e entre l\u2019Espagne et l\u2019Afrique du Nord, par la Marine fran\u00e7aise, le p\u00e9trolier soup\u00e7onn\u00e9 d\u2019appartenir \u00e0 <a href=\"https:\/\/www.20minutes.fr\/monde\/russie\/4176681-20251002-russie-flotte-fantome-moscou-peut-franchir-nouveau-palier-guerre-hybride\" class=\"c-link c-link--is-underlined\" target=\"_blank\" rel=\"noopener\">la flotte fant\u00f4me russe <\/a>va \u00eatre convoy\u00e9 vers le port de Marseille-Fos, a-t-on appris ce vendredi d\u2019une source proche du dossier. Long de 249 m\u00e8tres, le p\u00e9trolier, <a href=\"https:\/\/www.20minutes.fr\/monde\/ukraine\/4197618-20260123-sait-grinch-petrolier-russe-arraisonne-marine-francaise\" class=\"c-link c-link--is-underlined\" target=\"_blank\" rel=\"noopener\">baptis\u00e9 Grinch<\/a>, figure sous ce nom sur la liste des navires de la flotte fant\u00f4me russe plac\u00e9s sous sanctions par le Royaume-Uni, mais sous le nom de Carl sur la liste \u00e9tablie par l\u2019Union europ\u00e9enne et les Etats-Unis.<\/p>\n<\/p>\n<p>\u00ab\u00a0Sous sanctions internationales et suspect\u00e9 d\u2019arborer un faux pavillon\u00a0\u00bb, le p\u00e9trolier a \u00e9t\u00e9 intercept\u00e9 \u00ab\u00a0avec le concours de plusieurs de nos alli\u00e9s\u00a0\u00bb, dont le Royaume-Uni, avait annonc\u00e9 jeudi sur X Emmanuel Macron. Le p\u00e9trolier devrait arriver samedi matin au port de Marseille-Fos, dot\u00e9 d\u2019un terminal p\u00e9trolier, le troisi\u00e8me d\u2019Europe, situ\u00e9, lui, \u00e0 Fos-sur-Mer.<\/p>\n<p>598 navires soup\u00e7onn\u00e9s d\u2019\u00eatre de la \u00ab\u00a0flotte fant\u00f4me\u00a0\u00bb<\/p>\n<p>Cette op\u00e9ration est la deuxi\u00e8me effectu\u00e9e par la France apr\u00e8s l\u2019interception du Boracay. Ce dernier, qui figure lui aussi sur la liste des navires sanctionn\u00e9s par l\u2019Union europ\u00e9enne, avait \u00e9t\u00e9 arraisonn\u00e9 fin septembre par les commandos marine fran\u00e7ais en Atlantique, puis d\u00e9tourn\u00e9 vers le port de Saint-Nazaire.<\/p>\n<p>Quelque 598 navires soup\u00e7onn\u00e9s de faire partie de la \u00ab\u00a0flotte fant\u00f4me\u00a0\u00bb russe font l\u2019objet de sanctions de l\u2019Union europ\u00e9enne.<\/p>\n","protected":false},"excerpt":{"rendered":"Intercept\u00e9 jeudi matin dans les eaux internationales de la mer d\u2019Alboran, situ\u00e9e entre l\u2019Espagne et l\u2019Afrique du Nord,&hellip;\n","protected":false},"author":2,"featured_media":685278,"comment_status":"","ping_status":"","sticky":false,"template":"","format":"standard","meta":{"footnotes":""},"categories":[2814],"tags":[1111,47,11,5160,885,1777,674,20097,1011,27,884,1252,74,12,883,5159,882,25,8013],"class_list":{"0":"post-685277","1":"post","2":"type-post","3":"status-publish","4":"format-standard","5":"has-post-thumbnail","7":"category-marseille","8":"tag-actu","9":"tag-actualite","10":"tag-actualites","11":"tag-bateau","12":"tag-bouches-du-rhone","13":"tag-eu","14":"tag-europe","15":"tag-fos-sur-mer","16":"tag-fr","17":"tag-france","18":"tag-marseille","19":"tag-mediterranee","20":"tag-monde","21":"tag-news","22":"tag-paca","23":"tag-port","24":"tag-provence-alpes-cote-dazur","25":"tag-republique-francaise","26":"tag-russe"},"share_on_mastodon":{"url":"https:\/\/pubeurope.com\/@fr\/115948309924962215","error":""},"_links":{"self":[{"href":"https:\/\/www.europesays.com\/fr\/wp-json\/wp\/v2\/posts\/685277","targetHints":{"allow":["GET"]}}],"collection":[{"href":"https:\/\/www.europesays.com\/fr\/wp-json\/wp\/v2\/posts"}],"about":[{"href":"https:\/\/www.europesays.com\/fr\/wp-json\/wp\/v2\/types\/post"}],"author":[{"embeddable":true,"href":"https:\/\/www.europesays.com\/fr\/wp-json\/wp\/v2\/users\/2"}],"replies":[{"embeddable":true,"href":"https:\/\/www.europesays.com\/fr\/wp-json\/wp\/v2\/comments?post=685277"}],"version-history":[{"count":0,"href":"https:\/\/www.europesays.com\/fr\/wp-json\/wp\/v2\/posts\/685277\/revisions"}],"wp:featuredmedia":[{"embeddable":true,"href":"https:\/\/www.europesays.com\/fr\/wp-json\/wp\/v2\/media\/685278"}],"wp:attachment":[{"href":"https:\/\/www.europesays.com\/fr\/wp-json\/wp\/v2\/media?parent=685277"}],"wp:term":[{"taxonomy":"category","embeddable":true,"href":"https:\/\/www.europesays.com\/fr\/wp-json\/wp\/v2\/categories?post=685277"},{"taxonomy":"post_tag","embeddable":true,"href":"https:\/\/www.europesays.com\/fr\/wp-json\/wp\/v2\/tags?post=685277"}],"curies":[{"name":"wp","href":"https:\/\/api.w.org\/{rel}","templated":true}]}}