{"id":685287,"date":"2026-01-24T05:04:22","date_gmt":"2026-01-24T05:04:22","guid":{"rendered":"https:\/\/www.europesays.com\/fr\/685287\/"},"modified":"2026-01-24T05:04:22","modified_gmt":"2026-01-24T05:04:22","slug":"rdc-la-situation-dans-lest-du-pays-au-coeur-des-echanges-entre-tshisekedi-et-macron-a-paris","status":"publish","type":"post","link":"https:\/\/www.europesays.com\/fr\/685287\/","title":{"rendered":"RDC: la situation dans l&rsquo;est du pays au coeur des \u00e9changes entre Tshisekedi et Macron \u00e0 Paris"},"content":{"rendered":"<p class=\"mb-4 text-lg md:leading-8 break-words\">\u00a0<\/p>\n<p class=\"mb-4 text-lg md:leading-8 break-words\">Sourires, accolade, longue poign\u00e9e de main, puis quelques tapes \u00e0 l\u2019\u00e9paule: <strong><a href=\"https:\/\/fr.news.yahoo.com\/apr%C3%A8s-forum-davos-f%C3%A9lix-tshisekedi-054028770.html\" data-ylk=\"slk:F\u00e9lix Tshisekedi a \u00e9t\u00e9 re\u00e7u \u00e0 l\u2019\u00c9lys\u00e9e;elm:context_link;itc:0;sec:content-canvas;outcm:mb_qualified_link;_E:mb_qualified_link;ct:story;\" class=\"link  yahoo-link\" target=\"_blank\" rel=\"noopener\">F\u00e9lix Tshisekedi a \u00e9t\u00e9 re\u00e7u \u00e0 l\u2019\u00c9lys\u00e9e<\/a><\/strong> par le pr\u00e9sident fran\u00e7ais <strong><a href=\"https:\/\/www.rfi.fr\/fr\/tag\/emmanuel-macron\/\" class=\"link \" rel=\"nofollow noopener\" target=\"_blank\" data-ylk=\"slk:Emmanuel Macron;elm:context_link;itc:0;sec:content-canvas\">Emmanuel Macron<\/a> <\/strong>ce vendredi 23 janvier 2026.\u00a0Les deux chefs d\u2019\u00c9tat se sont entretenus pendant environ une heure et demie.<\/p>\n<p class=\"mb-4 text-lg md:leading-8 break-words\">Sur le plan s\u00e9curitaire, le pr\u00e9sident fran\u00e7ais a estim\u00e9 que \u00ab tous les efforts doivent d\u2019abord converger vers l\u2019adoption d\u2019un cessez-le-feu effectif, durable et v\u00e9rifiable \u00bb, selon plusieurs sources.<\/p>\n<p class=\"mb-4 text-lg md:leading-8 break-words\">\u00c0 lire aussi<a href=\"https:\/\/fr.news.yahoo.com\/rdc-apr%C3%A8s-jours-fortes-tensions-130908458.html\" class=\"link  yahoo-link\" data-ylk=\"slk:Est de la RDC: apr\u00e8s des jours de fortes tensions,\u00a0la vie reprend progressivement \u00e0 Uvira;elm:context_link;itc:0;sec:content-canvas;outcm:mb_qualified_link;_E:mb_qualified_link;ct:story;\" target=\"_blank\" rel=\"noopener\">Est de la RDC: apr\u00e8s des jours de fortes tensions,\u00a0la vie reprend progressivement \u00e0 Uvira<\/a><\/p>\n<p>La France rappelle son soutien \u00e0 l&rsquo;int\u00e9grit\u00e9 territoriale de la RDC<\/p>\n<p class=\"mb-4 text-lg md:leading-8 break-words\">Les deux dirigeants ont \u00e9galement \u00e9voqu\u00e9 les derniers d\u00e9veloppements dans l\u2019est de la <strong><a href=\"https:\/\/www.rfi.fr\/fr\/tag\/rdc\/\" class=\"link \" rel=\"nofollow noopener\" target=\"_blank\" data-ylk=\"slk:RDC;elm:context_link;itc:0;sec:content-canvas\">RDC<\/a>,<\/strong> notamment le retrait de l\u2019AFC\/M23 d\u2019Uvira.\u00a0\u00c0 ce sujet, selon nos informations, Emmanuel Macron a rappel\u00e9 la position de la <strong><a href=\"https:\/\/www.rfi.fr\/fr\/tag\/france\/\" class=\"link \" rel=\"nofollow noopener\" target=\"_blank\" data-ylk=\"slk:France;elm:context_link;itc:0;sec:content-canvas\">France<\/a> <\/strong>: le soutien \u00e0 la souverainet\u00e9 et \u00e0 l\u2019int\u00e9grit\u00e9 territoriale de la RDC, dans le plein respect de sa Constitution.<\/p>\n<p class=\"mb-4 text-lg md:leading-8 break-words\">Deux jours plus t\u00f4t, Paris avait salu\u00e9 le retour des autorit\u00e9s congolaises \u00e0 Uvira.\u00a0La France avait alors appel\u00e9 l\u2019AFC\/M23 \u00e0 cesser son offensive et \u00ab \u00e0 se retirer des territoires congolais occup\u00e9s ill\u00e9galement \u00bb, ainsi que \u00ab les forces rwandaises de d\u00e9fense \u00e0 quitter le territoire congolais \u00bb.<\/p>\n<p class=\"mb-4 text-lg md:leading-8 break-words\">Autre dossier \u00e9voqu\u00e9 : l\u2019a\u00e9roport de Goma, toujours ferm\u00e9, y compris aux vols humanitaires.<\/p>\n<p class=\"mb-4 text-lg md:leading-8 break-words\">Sur le plan humanitaire enfin, les deux pr\u00e9sidents ont aussi abord\u00e9 l\u2019arriv\u00e9e prochaine \u00e0 Goma de Jean-Pierre Lacroix, secr\u00e9taire g\u00e9n\u00e9ral adjoint des Nations unies charg\u00e9 des op\u00e9rations de maintien de la paix.<\/p>\n","protected":false},"excerpt":{"rendered":"\u00a0 Sourires, accolade, longue poign\u00e9e de main, puis quelques tapes \u00e0 l\u2019\u00e9paule: F\u00e9lix Tshisekedi a \u00e9t\u00e9 re\u00e7u \u00e0&hellip;\n","protected":false},"author":2,"featured_media":685288,"comment_status":"","ping_status":"","sticky":false,"template":"","format":"standard","meta":{"footnotes":""},"categories":[1888],"tags":[1111,1928,11,1927,1073,1777,674,78043,1011,27,17306,12,1926,78238,626,1925,9962,25,78239],"class_list":{"0":"post-685287","1":"post","2":"type-post","3":"status-publish","4":"format-standard","5":"has-post-thumbnail","7":"category-paris","8":"tag-actu","9":"tag-actu-paris","10":"tag-actualites","11":"tag-actualites-paris","12":"tag-emmanuel-macron","13":"tag-eu","14":"tag-europe","15":"tag-felix-tshisekedi","16":"tag-fr","17":"tag-france","18":"tag-les-deux","19":"tag-news","20":"tag-news-paris","21":"tag-operations-de-maintien-de-la-paix","22":"tag-paris","23":"tag-paris-news","24":"tag-president-francais","25":"tag-republique-francaise","26":"tag-uvira"},"share_on_mastodon":{"url":"https:\/\/pubeurope.com\/@fr\/115948333484896845","error":""},"_links":{"self":[{"href":"https:\/\/www.europesays.com\/fr\/wp-json\/wp\/v2\/posts\/685287","targetHints":{"allow":["GET"]}}],"collection":[{"href":"https:\/\/www.europesays.com\/fr\/wp-json\/wp\/v2\/posts"}],"about":[{"href":"https:\/\/www.europesays.com\/fr\/wp-json\/wp\/v2\/types\/post"}],"author":[{"embeddable":true,"href":"https:\/\/www.europesays.com\/fr\/wp-json\/wp\/v2\/users\/2"}],"replies":[{"embeddable":true,"href":"https:\/\/www.europesays.com\/fr\/wp-json\/wp\/v2\/comments?post=685287"}],"version-history":[{"count":0,"href":"https:\/\/www.europesays.com\/fr\/wp-json\/wp\/v2\/posts\/685287\/revisions"}],"wp:featuredmedia":[{"embeddable":true,"href":"https:\/\/www.europesays.com\/fr\/wp-json\/wp\/v2\/media\/685288"}],"wp:attachment":[{"href":"https:\/\/www.europesays.com\/fr\/wp-json\/wp\/v2\/media?parent=685287"}],"wp:term":[{"taxonomy":"category","embeddable":true,"href":"https:\/\/www.europesays.com\/fr\/wp-json\/wp\/v2\/categories?post=685287"},{"taxonomy":"post_tag","embeddable":true,"href":"https:\/\/www.europesays.com\/fr\/wp-json\/wp\/v2\/tags?post=685287"}],"curies":[{"name":"wp","href":"https:\/\/api.w.org\/{rel}","templated":true}]}}