{"id":685297,"date":"2026-01-24T05:09:16","date_gmt":"2026-01-24T05:09:16","guid":{"rendered":"https:\/\/www.europesays.com\/fr\/685297\/"},"modified":"2026-01-24T05:09:16","modified_gmt":"2026-01-24T05:09:16","slug":"usa-letat-durgence-decrete-dans-plusieurs-etats-a-lapproche-dune-tempete-de-neige-majeure","status":"publish","type":"post","link":"https:\/\/www.europesays.com\/fr\/685297\/","title":{"rendered":"USA : l&rsquo;\u00e9tat d&rsquo;urgence d\u00e9cr\u00e9t\u00e9 dans plusieurs Etats \u00e0 l&rsquo;approche d&rsquo;une temp\u00eate de neige majeure"},"content":{"rendered":"<p>Les gouverneurs de plusieurs \u00c9tats am\u00e9ricains ont d\u00e9cr\u00e9t\u00e9 l\u2019\u00e9tat d\u2019urgence en perspective d\u2019une temp\u00eate neige majeure pr\u00e9vue ce week-end, afin de prot\u00e9ger la population et les infrastructures publiques.<\/p>\n<p>\t\t\t\t\t<a class=\"post-thumbnail open-lightbox\" href=\"https:\/\/atlasinfo.fr\/wp-content\/uploads\/2026\/01\/Capture-decran-2026-01-23-224041-e1769204542575.png\" target=\"_blank\" rel=\"noopener\"><img decoding=\"async\" src=\"https:\/\/www.europesays.com\/fr\/wp-content\/uploads\/2026\/01\/Capture-decran-2026-01-23-224041-750x430.png\" alt=\"\"\/>\t\t\t\t\t\t<\/a><\/p>\n<p>Selon le service de la m\u00e9t\u00e9orologie nationale (NWS), une \u00ab\u00a0temp\u00eate hivernale importante et de longue dur\u00e9e\u00a0\u00bb est imminente et devrait toucher une vaste portion du territoire am\u00e9ricain, s\u2019\u00e9tendant du sud des Rocheuses dans l\u2019ouest du pays, jusqu\u2019\u00e0 la Nouvelle-Angleterre \u00e0 l\u2019Est. Cette perturbation devrait d\u00e9buter vendredi et se prolonger jusqu\u2019\u00e0 lundi.<\/p>\n<p>A cet \u00e9gard, le gouverneur de l\u2019\u00c9tat du Kentucky (sud-est), Andy Beshear, a d\u00e9clar\u00e9 vendredi l\u2019\u00e9tat d\u2019urgence \u00e0 compter de samedi, invoquant \u00ab\u00a0des conditions routi\u00e8res dangereuses\u00a0\u00bb ainsi que \u00ab\u00a0des dommages potentiels aux infrastructures publiques\u00a0\u00bb. \u00ab\u00a0Il s\u2019agit d\u2019une temp\u00eate grave qui risque de rendre nos routes dangereuses et provoquer des coupures de courant. C\u2019est pourquoi nous faisons tout notre possible pour assurer la s\u00e9curit\u00e9 des habitants du Kentucky\u00a0\u00bb, a indiqu\u00e9 M. Beshear dans un communiqu\u00e9. Il a \u00e9galement exhort\u00e9 les r\u00e9sidents \u00e0 se pr\u00e9parer d\u00e8s maintenant, en effectuant les courses n\u00e9cessaires, en \u00e9vitant tout d\u00e9placement lorsque les conditions sont p\u00e9rilleuses et en activant les alertes m\u00e9t\u00e9orologiques, indiquant que le centre des op\u00e9rations d\u2019urgence du Kentucky sera pleinement op\u00e9rationnel jusqu\u2019\u00e0 lundi, et des centres de r\u00e9chauffement ont \u00e9t\u00e9 mis en place pour accueillir la population.<\/p>\n<p><a itemprop=\"url\" class=\"turagvzm-link\" href=\"https:\/\/www.youtube.com\/watch?v=LB5b4t_CTSg\" target=\"_blank\" rel=\"noopener\"><img decoding=\"async\" class=\"turagvzm-image\" src=\"https:\/\/www.europesays.com\/fr\/wp-content\/uploads\/2026\/01\/AOM-AF-300x250-1.jpg\" alt=\"Airports-M-small\"\/><\/a> <\/p>\n<p class=\"justifyText  add-more-font-size-dep\" dir=\"ltr\">\u00c0 l\u2019\u00c9tat de New York (nord-est), la gouverneure Kathy Hochul a \u00e9galement proclam\u00e9 l\u2019\u00e9tat d\u2019urgence vendredi, suspendant par la m\u00eame occasion le vote anticip\u00e9 pr\u00e9vu dimanche et lundi pour les \u00e9lections sp\u00e9ciales de la ville, pr\u00e9vues le 3 f\u00e9vrier. \u00ab\u00a0L\u2019hiver \u00e0 New York n\u2019est pas insurmontable, mais il est important de prendre au s\u00e9rieux les risques li\u00e9s au froid extr\u00eame\u00a0\u00bb, a soulign\u00e9 Mme Hochul. Elle a pr\u00e9cis\u00e9 que le centre d\u2019alerte de l\u2019\u00c9tat, le d\u00e9partement des transports et les autres agences comp\u00e9tentes continueront \u00e0 surveiller la situation tout au long du week-end, ajoutant que \u00ab\u00a0tout l\u2019\u00e9quipement n\u00e9cessaire pour lutter contre la neige et le verglas est pr\u00eat \u00e0 \u00eatre d\u00e9ploy\u00e9\u00a0\u00bb.<\/p>\n<p>En Virginie (sud-est), la gouverneure Abigail Spanberger a d\u00e9cr\u00e9t\u00e9 l\u2019\u00e9tat d\u2019urgence d\u00e8s jeudi. \u00ab\u00a0Notre priorit\u00e9 absolue est la s\u00e9curit\u00e9 de tous les Virginiens\u00a0\u00bb, a-t-elle soulign\u00e9, pr\u00e9cisant que les agences de l\u2019\u00c9tat sont mobilis\u00e9es et coop\u00e8rent \u00e9troitement avec les gouvernements locaux et les services publics. Elle a invit\u00e9 les habitants \u00e0 rester inform\u00e9s, \u00e0 limiter leurs d\u00e9placements et \u00e0 prendre les pr\u00e9cautions n\u00e9cessaires pour se prot\u00e9ger ainsi que leur famille.<\/p>\n<p>Au Texas (sud), o\u00f9 une temp\u00eate hivernale en 2020 avait provoqu\u00e9 des coupures d\u2019\u00e9lectricit\u00e9 g\u00e9n\u00e9ralis\u00e9es et de nombreuses pertes humaines, le gouverneur Greg Abbott a \u00e9mis mardi un avertissement de catastrophe couvrant 130 comt\u00e9s de l\u2019Etat. \u00ab\u00a0Sur la base des pr\u00e9visions actuelles, l\u2019\u00c9tat du Texas prend des mesures pour s\u2019assurer que les r\u00e9sidents disposent des ressources n\u00e9cessaires avant que les conditions m\u00e9t\u00e9orologiques hivernales s\u00e9v\u00e8res n\u2019affectent les communaut\u00e9s\u00a0\u00bb<strong>,<\/strong> a indiqu\u00e9 M. Abbott.<\/p>\n<p class=\"justifyText  add-more-font-size-dep\" dir=\"ltr\">Le gouverneur du Texas a \u00e9galement mobilis\u00e9 les agences \u00e9tatiques charg\u00e9es de pr\u00e9parer et de faciliter les plans d\u2019urgence li\u00e9s aux coupures d\u2019\u00e9lectricit\u00e9 et aux fermetures de routes, indiquant que la Garde nationale du Texas viendra en aide aux automobilistes bloqu\u00e9s.<\/p>\n<p> <a itemprop=\"url\" class=\"turagvzm-link\" href=\"https:\/\/www.visitmorocco.com\/fr\/maroc-terre-de-football\/fr?utm_source=supportspremiumma&amp;utm_campaign=007~afcon25~ma~11~25~supportspremiumma~display~reservation~awareness~cam50m~fr&amp;utm_content=007~006~007~premium~image~1x1~autres\/?source=onmt-can-atlas\" target=\"_blank\" rel=\"noopener\"><img decoding=\"async\" class=\"turagvzm-image\" src=\"https:\/\/www.europesays.com\/fr\/wp-content\/uploads\/2025\/12\/Atlas-300x250-1.jpg\" alt=\"can2025-atlas\"\/><\/a>\t\t\t<\/p>\n","protected":false},"excerpt":{"rendered":"Les gouverneurs de plusieurs \u00c9tats am\u00e9ricains ont d\u00e9cr\u00e9t\u00e9 l\u2019\u00e9tat d\u2019urgence en perspective d\u2019une temp\u00eate neige majeure pr\u00e9vue ce&hellip;\n","protected":false},"author":2,"featured_media":685298,"comment_status":"","ping_status":"","sticky":false,"template":"","format":"standard","meta":{"footnotes":""},"categories":[1589],"tags":[13041,11,12224,33049,1446,1805,78241,4440,18579,436,14068,73,1866,14,31194,8880,21362,10584,12,2513,7747,1864,1865,1863,308,78240],"class_list":{"0":"post-685297","1":"post","2":"type-post","3":"status-publish","4":"format-standard","5":"has-post-thumbnail","7":"category-etats-unis","8":"tag-a","9":"tag-actualites","10":"tag-atlasinfo","11":"tag-durgence","12":"tag-dans","13":"tag-de","14":"tag-decrete","15":"tag-dune","16":"tag-en-direct","17":"tag-environnement","18":"tag-etats","19":"tag-etats-unis","20":"tag-etats-unis-damerique","21":"tag-international","22":"tag-lapproche","23":"tag-letat","24":"tag-majeure","25":"tag-neige","26":"tag-news","27":"tag-plusieurs","28":"tag-tempete","29":"tag-united-states","30":"tag-united-states-of-america","31":"tag-us","32":"tag-usa","33":"tag-usa-letat-durgence-decrete-dans-plusieurs-etats-a-lapproche-dune-tempete-de-neige-majeure"},"share_on_mastodon":{"url":"https:\/\/pubeurope.com\/@fr\/115948353347427827","error":""},"_links":{"self":[{"href":"https:\/\/www.europesays.com\/fr\/wp-json\/wp\/v2\/posts\/685297","targetHints":{"allow":["GET"]}}],"collection":[{"href":"https:\/\/www.europesays.com\/fr\/wp-json\/wp\/v2\/posts"}],"about":[{"href":"https:\/\/www.europesays.com\/fr\/wp-json\/wp\/v2\/types\/post"}],"author":[{"embeddable":true,"href":"https:\/\/www.europesays.com\/fr\/wp-json\/wp\/v2\/users\/2"}],"replies":[{"embeddable":true,"href":"https:\/\/www.europesays.com\/fr\/wp-json\/wp\/v2\/comments?post=685297"}],"version-history":[{"count":0,"href":"https:\/\/www.europesays.com\/fr\/wp-json\/wp\/v2\/posts\/685297\/revisions"}],"wp:featuredmedia":[{"embeddable":true,"href":"https:\/\/www.europesays.com\/fr\/wp-json\/wp\/v2\/media\/685298"}],"wp:attachment":[{"href":"https:\/\/www.europesays.com\/fr\/wp-json\/wp\/v2\/media?parent=685297"}],"wp:term":[{"taxonomy":"category","embeddable":true,"href":"https:\/\/www.europesays.com\/fr\/wp-json\/wp\/v2\/categories?post=685297"},{"taxonomy":"post_tag","embeddable":true,"href":"https:\/\/www.europesays.com\/fr\/wp-json\/wp\/v2\/tags?post=685297"}],"curies":[{"name":"wp","href":"https:\/\/api.w.org\/{rel}","templated":true}]}}