{"id":685325,"date":"2026-01-24T05:29:11","date_gmt":"2026-01-24T05:29:11","guid":{"rendered":"https:\/\/www.europesays.com\/fr\/685325\/"},"modified":"2026-01-24T05:29:11","modified_gmt":"2026-01-24T05:29:11","slug":"jai-envie-quil-soit-fier-de-moi-dans-danse-avec-les-stars-stephane-bern-danse-sous-le-regard-attentif-de-son-compagnon","status":"publish","type":"post","link":"https:\/\/www.europesays.com\/fr\/685325\/","title":{"rendered":"\u00ab\u00a0J&rsquo;ai envie qu&rsquo;il soit fier de moi\u00a0\u00bb\u00a0: Dans \u00ab\u00a0Danse avec les stars\u00a0\u00bb, St\u00e9phane Bern danse sous le regard attentif de son compagnon"},"content":{"rendered":"<p class=\"ap-StoryElement ap-StoryElement--mb ap-StoryText\">Le pr\u00e9sentateur de Secrets d&rsquo;Histoire a \u00e9t\u00e9 le quatri\u00e8me candidat \u00e0 fouler le parquet de l&rsquo;\u00e9mission, derri\u00e8re Laure Manaudou qui a ouvert le bal, Julien Lieb et Juju Fitcats.<\/p>\n<p class=\"ap-StoryElement ap-StoryElement--mb ap-StoryText\">Avant de pr\u00e9senter sa chor\u00e9graphie, un american smooth sur Somebody to Love de Queen, St\u00e9phane Bern le pr\u00e9cise : \u00ab\u00a0C&rsquo;est la premi\u00e8re fois que je danse sur un parquet en public et en direct.\u00a0\u00bb S&rsquo;il a accept\u00e9 de participer \u00e0 Danse avec les stars, c&rsquo;est en grande partie gr\u00e2ce \u00e0 son partenaire de vie, Yori Bailleres. \u00ab\u00a0J&rsquo;ai envie que mon compagnon soit fier de moi\u00a0\u00bb, d\u00e9clare-t-il. \u00ab\u00a0\u00c7a a \u00e9t\u00e9 le premier \u00e0 me dire d&rsquo;y aller.\u00a0\u00bb<\/p>\n<p class=\"ap-StoryElement ap-StoryElement--mb ap-StoryText\">Lorsque l&rsquo;animateur, v\u00eatu d&rsquo;une queue-de-pie mauve, entame sa prestation aux c\u00f4t\u00e9s de sa partenaire, Calisson Goasdou\u00e9, son compagnon est dans le public, attentif.<\/p>\n<p>\u00ab\u00a0C&rsquo;est toi notre tr\u00e9sor national\u00a0\u00bb<\/p>\n<p class=\"ap-StoryElement ap-StoryElement--mb ap-StoryText\">Jean-Marc G\u00e9n\u00e9reux est le premier \u00e0 prendre la parole lors du d\u00e9briefing. \u00ab\u00a0Mon chez St\u00e9phane, tu as dans\u00e9 comme un king, il y a eu des petits couacs mais par moments ton cadre a \u00e9t\u00e9 majestueux\u00a0\u00bb, d\u00e9clare le jur\u00e9 qui donne un \u00ab\u00a06\u00a0\u00bb \u00e0 l&rsquo;animateur. \u00ab\u00a0Je suis \u00e9mue parce que je vois que vous avez \u00e9t\u00e9 studieux et vous prenez \u00e7a au s\u00e9rieux\u00a0\u00bb, juge, \u00e0 son tour, Mel Charlot qui donne \u00e9galement un \u00ab\u00a06\u00a0\u00bb au couple. \u00ab\u00a0St\u00e9phane c&rsquo;est toi notre tr\u00e9sor national\u00a0\u00bb, lance Chris Marques qui brandit la note de \u00ab\u00a05\u00a0\u00bb. De son c\u00f4t\u00e9, Fauve donne la note de \u00ab\u00a06\u00a0\u00bb.<\/p>\n<p class=\"ap-StoryElement ap-StoryElement--mb ap-StoryText\">Avec 23 points, St\u00e9phane Bern est envoy\u00e9 en zone rouge, lieu qu&rsquo;il ne quittera plus de toute la soir\u00e9e.<\/p>\n<p class=\"ap-StoryElement ap-StoryElement--mb ap-StoryText\">Priv\u00e9 de deuxi\u00e8me danse, un flamenco qu&rsquo;il a tout de m\u00eame dans\u00e9 depuis la zone rouge, l&rsquo;animateur termine cette premi\u00e8re soir\u00e9e en bas de classement. Devant lui se trouvent : Juju Fitcats (1e), Samuel Bambi (2e), Ang\u00e9lique Angarni-Filopon (3e), <a href=\"https:\/\/www.dhnet.be\/medias\/television\/2025\/12\/02\/un-ancien-eleve-emblematique-de-la-star-academy-rejoint-le-casting-de-danse-avec-les-stars-3WTRAB2BUJELJIMKP73MMBNGK4\/\" target=\"_self\" rel=\"noopener\">Julien Lieb<\/a> (4e) et Laure Manaudou (5e). Heureusement pour St\u00e9phane Bern, aucun candidat n&rsquo;a \u00e9t\u00e9 \u00e9limin\u00e9 ce vendredi soir\u2026<\/p>\n<p><a href=\"https:\/\/www.dhnet.be\/medias\/television\/2025\/12\/02\/un-ancien-eleve-emblematique-de-la-star-academy-rejoint-le-casting-de-danse-avec-les-stars-3WTRAB2BUJELJIMKP73MMBNGK4\/\" target=\"_self\" class=\"ap-StoryInterstitialLink ap-StoryElement ap-StoryElement--mb\" rel=\"noopener\">Un ancien \u00e9l\u00e8ve embl\u00e9matique de la \u00ab\u00a0Star Academy\u00a0\u00bb rejoint le casting de \u00ab\u00a0Danse avec les stars\u00a0\u00bb<\/a><\/p>\n<p class=\"ap-StoryElement ap-StoryElement--mb ap-StoryText\">La semaine prochaine, Emma, Philippe Lellouche, Lucie Bernardoni, Maghla, Marcus et Ian Ziering, star internationale de cette saison, fouleront le parquet de l&rsquo;\u00e9mission.<\/p>\n<p><img decoding=\"async\" src=\"https:\/\/www.europesays.com\/fr\/wp-content\/uploads\/2026\/01\/1769232551_859_hqdefault.webp.webp\" alt=\"Pr\u00e9parez-vous pour une saison pharaonique \ud83e\udd29 DALS de retour Vendredi 23 Janvier sur TF1 &amp; TF1+ \ud83e\udea9 - YouTube thumbnail\" class=\"lty-thumbnail\" loading=\"lazy\"\/>Watch<\/p>\n","protected":false},"excerpt":{"rendered":"Le pr\u00e9sentateur de Secrets d&rsquo;Histoire a \u00e9t\u00e9 le quatri\u00e8me candidat \u00e0 fouler le parquet de l&rsquo;\u00e9mission, derri\u00e8re Laure&hellip;\n","protected":false},"author":2,"featured_media":685326,"comment_status":"","ping_status":"","sticky":false,"template":"","format":"standard","meta":{"footnotes":""},"categories":[1356],"tags":[14829,14591,5972,194,78245,58,59,1011,27,252,199,1364],"class_list":{"0":"post-685325","1":"post","2":"type-post","3":"status-publish","4":"format-standard","5":"has-post-thumbnail","7":"category-television","8":"tag-chris-marques","9":"tag-dals","10":"tag-danse","11":"tag-danse-avec-les-stars","12":"tag-denitsa","13":"tag-divertissement","14":"tag-entertainment","15":"tag-fr","16":"tag-france","17":"tag-television","18":"tag-tf1","19":"tag-tv"},"share_on_mastodon":{"url":"https:\/\/pubeurope.com\/@fr\/115948432029250428","error":""},"_links":{"self":[{"href":"https:\/\/www.europesays.com\/fr\/wp-json\/wp\/v2\/posts\/685325","targetHints":{"allow":["GET"]}}],"collection":[{"href":"https:\/\/www.europesays.com\/fr\/wp-json\/wp\/v2\/posts"}],"about":[{"href":"https:\/\/www.europesays.com\/fr\/wp-json\/wp\/v2\/types\/post"}],"author":[{"embeddable":true,"href":"https:\/\/www.europesays.com\/fr\/wp-json\/wp\/v2\/users\/2"}],"replies":[{"embeddable":true,"href":"https:\/\/www.europesays.com\/fr\/wp-json\/wp\/v2\/comments?post=685325"}],"version-history":[{"count":0,"href":"https:\/\/www.europesays.com\/fr\/wp-json\/wp\/v2\/posts\/685325\/revisions"}],"wp:featuredmedia":[{"embeddable":true,"href":"https:\/\/www.europesays.com\/fr\/wp-json\/wp\/v2\/media\/685326"}],"wp:attachment":[{"href":"https:\/\/www.europesays.com\/fr\/wp-json\/wp\/v2\/media?parent=685325"}],"wp:term":[{"taxonomy":"category","embeddable":true,"href":"https:\/\/www.europesays.com\/fr\/wp-json\/wp\/v2\/categories?post=685325"},{"taxonomy":"post_tag","embeddable":true,"href":"https:\/\/www.europesays.com\/fr\/wp-json\/wp\/v2\/tags?post=685325"}],"curies":[{"name":"wp","href":"https:\/\/api.w.org\/{rel}","templated":true}]}}