{"id":685370,"date":"2026-01-24T05:54:13","date_gmt":"2026-01-24T05:54:13","guid":{"rendered":"https:\/\/www.europesays.com\/fr\/685370\/"},"modified":"2026-01-24T05:54:13","modified_gmt":"2026-01-24T05:54:13","slug":"des-inondations-historiques-a-rennes-comme-en-2025-des-experts-repondent","status":"publish","type":"post","link":"https:\/\/www.europesays.com\/fr\/685370\/","title":{"rendered":"des inondations historiques \u00e0 Rennes comme en 2025 ? Des experts r\u00e9pondent"},"content":{"rendered":"<p>                    Par<br \/>\n        <strong><br \/>\n            <a href=\"https:\/\/actu.fr\/auteur\/brian-legoff\" title=\"Consulter tous les articles de Brian Le Goff\" target=\"_blank\" rel=\"noopener\">Brian Le Goff<\/a><br \/>\n                    <\/strong><\/p>\n<p>        Publi\u00e9 le<\/p>\n<p>            24 janv. 2026 \u00e0 6h32        <\/p>\n<p>Si le <strong>temps<\/strong> \u00e9tait plut\u00f4t \u00e0 l\u2019<strong>accalmie<\/strong> ces derni\u00e8res heures,<strong> \u00ab\u2009\u00e7a ne va pas durer<\/strong>\u2009\u00bb, estime S\u00e9bastien Decaux de <a href=\"https:\/\/www.meteo.bzh\/\" target=\"_blank\" rel=\"noopener\">M\u00e9t\u00e9o Bretagne<\/a>\u2009: \u00ab\u2009On est tr\u00e8s pessimiste pour la semaine prochaine.\u2009\u00bb<\/p>\n<p>\u00ab\u2009On va avoir les pieds dans l\u2019eau\u2009\u00bb<\/p>\n<p class=\" wall-content\">En effet, les <strong>sols sont gorg\u00e9s d\u2019eau<\/strong> et les <strong>pr\u00e9cipitations<\/strong> ne cessent d\u2019\u00eatre <strong>r\u00e9guli\u00e8res<\/strong>, tout comme les vigilances crues. Dans l\u2019ouest de la <a href=\"https:\/\/actu.fr\/bretagne\/\" target=\"_blank\" rel=\"noopener\">Bretagne<\/a>, des inondations ont d\u00e9j\u00e0 lieu, comme \u00e0 <a href=\"https:\/\/actu.fr\/bretagne\/quimperle_29233\/inondations-a-quimperle-les-quais-de-la-laita-toujours-dans-leau_63739034.html\" target=\"_blank\" rel=\"noopener\">Quimperl\u00e9 (Finist\u00e8re)<\/a>.<\/p>\n<p class=\" wall-content\"><a href=\"https:\/\/actu.fr\/rennes\/\" target=\"_blank\" rel=\"noopener\">Rennes<\/a> et l\u2019Ille-et-Vilaine devraient conna\u00eetre le m\u00eame sort \u00e0 certains endroits, toujours selon le m\u00e9t\u00e9orologue. Pour lui, cela ne fait presque plus aucun doute\u2009: <strong>\u00ab\u2009On va avoir les pieds dans l\u2019eau.\u2009\u00bb<\/strong><\/p>\n<p>\u00ab\u2009Une extension et une amplification des inondations\u2009\u00bb<\/p>\n<p class=\" wall-content\">En prenant un peu d\u2019avance dans les pr\u00e9visions, la r\u00e9gion va faire face \u00e0 des <strong>pr\u00e9cipitations<\/strong> qui vont se <strong>poursuivre<\/strong> pendant au moins <strong>une semaine, voire 10\u00a0jours<\/strong>\u2009: \u00ab\u2009Les perturbations vont traverser la Bretagne \u00e0 intervalles r\u00e9guliers, ce qui va entra\u00eener une extension et une amplification des<a href=\"https:\/\/actu.fr\/tag\/inondations\" target=\"_blank\" rel=\"noopener\"> inondations<\/a>.\u2009\u00bb<\/p>\n<blockquote class=\"ac-article-quote wall-content\">\n<p>Les sols ne peuvent plus rien absorber, ils sont satur\u00e9s. La moindre pr\u00e9cipitation finit tr\u00e8s rapidement dans les cours d&rsquo;eau qui gonflent.<\/p>\n<p>    <strong\/>\n            <\/p><\/blockquote>\n<p class=\" wall-content\">Dans le d\u00e9partement br\u00e9tillien, c\u2019est <strong>actuellement un ciel de tra\u00eene<\/strong> qui est en place, coup\u00e9 par de <strong>nombreuses averses orageuses<\/strong> li\u00e9es \u00e0 la d\u00e9pression Ingrid.<\/p>\n<p>Votre r\u00e9gion, votre actu !<\/p>\n<p>Recevez chaque jour les infos qui comptent pour vous.<\/p>\n<p>\t<a href=\"https:\/\/actu.fr\/newsletter\" class=\"ac-btn ac-btn--corner ac-btn--medium ac-btn--blue800\" target=\"_blank\" rel=\"noopener\">S&rsquo;incrire<\/a><br \/>\n\u00ab\u2009Pas tr\u00e8s inquiet\u2009\u00bb sur les deux-trois prochains jours<\/p>\n<p class=\" wall-content\"><strong>Thomas Belin, chef du service de pr\u00e9vision des crues<\/strong> \u00e0 la Dreal (Direction r\u00e9gionale de l\u2019environnement, de l\u2019am\u00e9nagement et du logement) Bretagne, \u00ab\u2009reste prudent sur la partie pr\u00e9visions avec des sols tr\u00e8s humides\u2009\u00bb. Sans se prononcer sur les \u00e9volutions \u00e0 moyen terme, il \u00ab\u2009n\u2019est pas tr\u00e8s inquiet pour les cours d\u2019eau l\u2019Ille et la Vilaine\u2009\u00bb sur les deux-trois prochains jours.<\/p>\n<blockquote class=\"ac-article-quote wall-content\">\n<p>En revanche, sur la Vilaine apr\u00e8s Rennes et sur le Meu, ou encore la Seiche, on observe encore une mont\u00e9e du niveau des cours d&rsquo;eau, qui se r\u00e9percutent du c\u00f4t\u00e9 de Guichen et Guipry-Messac. Mais on reste, pour l&rsquo;heure, sur des niveaux beaucoup plus bas qu&rsquo;il y a un an.<\/p>\n<p>    <strong>Thomas Belin<\/strong><br \/>\n        Chef du service de pr\u00e9vision des crues \u00e0 la Dreal Bretagne    <\/p><\/blockquote>\n<p class=\" wall-content\"><strong>Fin janvier\u00a02025<\/strong>, il y a un an, lors des <a href=\"https:\/\/actu.fr\/bretagne\/rennes_35238\/direct-inondations-a-rennes-maisons-et-routes-inondees-l-eau-monte-encore-notre-direct_62169835.html\" target=\"_blank\" rel=\"noopener\">inondations historiques<\/a>, l\u2019eau \u00e9tait mont\u00e9e <strong>jusqu\u2019\u00e0 4,80 m\u00e8tres \u00e0 Guichen<\/strong>. \u00ab\u2009On est <strong>aujourd\u2019hui \u00e0 2,40\u00a0m<\/strong> sur la m\u00eame station\u2009\u00bb, observe Thomas Belin.<\/p>\n<p>\u00ab\u2009On a encore un peu de marge\u2009\u00bb<\/p>\n<p class=\" wall-content\">Reste \u00e0 savoir <strong>jusqu\u2019\u00e0 quand et en quelle quantit\u00e9 les pr\u00e9cipitations vont tomber<\/strong> sur le d\u00e9partement. Pour le chef du service de pr\u00e9vision des crues, \u00ab\u2009\u00e7a commence \u00e0 \u00eatre comparable \u00e0 l\u2019ann\u00e9e derni\u00e8re\u2009\u00bb. Le mois de janvier\u00a02025 avait \u00e9t\u00e9 un mois record en termes de pluie. <strong>Sur les quatre-cinq derniers jours, c\u2019est la moiti\u00e9 d\u2019un mois de janvier de pluie en moyenne<\/strong> qui s\u2019est abattue.<\/p>\n<p class=\" wall-content\">Les possibilit\u00e9s offertes aux autorit\u00e9s, c\u2019est de retenir l\u2019eau dans des barrages ou bassins en amont de la capitale bretonne notamment. \u00ab\u2009En 2025, autour du 9-10\u00a0janvier, on avait d\u00e9j\u00e0 risqu\u00e9 une crue et ces dispositifs \u00e9taient pleins. Alors, \u00e0 la fin du mois, quand les nouvelles pr\u00e9cipitations se sont pr\u00e9sent\u00e9es, les eaux de ruissellement n\u2019ont pas pu \u00eatre capt\u00e9es en amont. L\u00e0, en ce mois de janvier\u00a02026, <strong>on a encore un peu de marge<\/strong>.\u2009\u00bb<\/p>\n<p class=\" wall-content\">Pour S\u00e9bastien Decaux, m\u00e9t\u00e9orologue chez M\u00e9t\u00e9o Bretagne, le<strong> bassin rennais devrait voir encore 40 \u00e0 50 millim\u00e8tres<\/strong> de pr\u00e9cipitations tomber. Ce sera plut\u00f4t autour de 20 \u00e0 30\u00a0mm sur le nord du d\u00e9partement, et environ <strong>60 millim\u00e8tres en revanche sur la r\u00e9gion de Redon<\/strong>. \u00ab\u2009Ces pr\u00e9visions sont \u00e0<strong> prendre avec des pincettes<\/strong> car il faut que la trajectoire des perturbations se pr\u00e9cise. Dans le Finist\u00e8re, <strong>100\u00a0mm<\/strong> de pluie d\u2019ici \u00e0 la fin de la semaine prochaine sont <strong>possibles<\/strong>.\u2009\u00bb<\/p>\n<p class=\" wall-content\">Personnalisez votre actualit\u00e9 en ajoutant vos villes et m\u00e9dias en favori avec <a href=\"https:\/\/moncompte.actu.fr\" title=\"D\u00e9couvez Mon Actu\" rel=\"nofollow noopener\" data-trk=\"{&quot;cta&quot;:{&quot;action&quot;:&quot;https:\\\/\\\/moncompte.actu.fr&quot;,&quot;category&quot;:&quot;mon compte&quot;,&quot;from&quot;:&quot;article footer&quot;,&quot;name&quot;:&quot;Mon actu&quot;,&quot;type&quot;:&quot;cta&quot;}}\" target=\"_blank\">Mon Actu<\/a>.<\/p>\n","protected":false},"excerpt":{"rendered":"Par Brian Le Goff Publi\u00e9 le 24 janv. 2026 \u00e0 6h32 Si le temps \u00e9tait plut\u00f4t \u00e0 l\u2019accalmie&hellip;\n","protected":false},"author":2,"featured_media":685371,"comment_status":"","ping_status":"","sticky":false,"template":"","format":"standard","meta":{"footnotes":""},"categories":[2821],"tags":[1111,11,829,1777,674,1011,27,2839,2357,12,4459,584,25,104],"class_list":{"0":"post-685370","1":"post","2":"type-post","3":"status-publish","4":"format-standard","5":"has-post-thumbnail","7":"category-rennes","8":"tag-actu","9":"tag-actualites","10":"tag-bretagne","11":"tag-eu","12":"tag-europe","13":"tag-fr","14":"tag-france","15":"tag-inondations","16":"tag-meteo-france","17":"tag-news","18":"tag-pluie","19":"tag-rennes","20":"tag-republique-francaise","21":"tag-societe"},"share_on_mastodon":{"url":"https:\/\/pubeurope.com\/@fr\/115948530087322168","error":""},"_links":{"self":[{"href":"https:\/\/www.europesays.com\/fr\/wp-json\/wp\/v2\/posts\/685370","targetHints":{"allow":["GET"]}}],"collection":[{"href":"https:\/\/www.europesays.com\/fr\/wp-json\/wp\/v2\/posts"}],"about":[{"href":"https:\/\/www.europesays.com\/fr\/wp-json\/wp\/v2\/types\/post"}],"author":[{"embeddable":true,"href":"https:\/\/www.europesays.com\/fr\/wp-json\/wp\/v2\/users\/2"}],"replies":[{"embeddable":true,"href":"https:\/\/www.europesays.com\/fr\/wp-json\/wp\/v2\/comments?post=685370"}],"version-history":[{"count":0,"href":"https:\/\/www.europesays.com\/fr\/wp-json\/wp\/v2\/posts\/685370\/revisions"}],"wp:featuredmedia":[{"embeddable":true,"href":"https:\/\/www.europesays.com\/fr\/wp-json\/wp\/v2\/media\/685371"}],"wp:attachment":[{"href":"https:\/\/www.europesays.com\/fr\/wp-json\/wp\/v2\/media?parent=685370"}],"wp:term":[{"taxonomy":"category","embeddable":true,"href":"https:\/\/www.europesays.com\/fr\/wp-json\/wp\/v2\/categories?post=685370"},{"taxonomy":"post_tag","embeddable":true,"href":"https:\/\/www.europesays.com\/fr\/wp-json\/wp\/v2\/tags?post=685370"}],"curies":[{"name":"wp","href":"https:\/\/api.w.org\/{rel}","templated":true}]}}