{"id":685513,"date":"2026-01-24T07:25:16","date_gmt":"2026-01-24T07:25:16","guid":{"rendered":"https:\/\/www.europesays.com\/fr\/685513\/"},"modified":"2026-01-24T07:25:16","modified_gmt":"2026-01-24T07:25:16","slug":"lyon-toujours-capitale-de-la-gastronomie","status":"publish","type":"post","link":"https:\/\/www.europesays.com\/fr\/685513\/","title":{"rendered":"Lyon toujours capitale de la gastronomie"},"content":{"rendered":"<p>L&rsquo;Assembl\u00e9e g\u00e9n\u00e9rale des Toques Blanches lyonnaises constitue chaque ann\u00e9e un \u00e9v\u00e9nement gastronomique important. Surprise en ce mois de janvier 2026 avec l&rsquo;int\u00e9gration au sein de l&rsquo;association de J\u00e9r\u00f4me Bocuse au titre de Chefs de France \u00e0 Orlando. Et c&rsquo;est un v\u00e9ritable pont gastronomique entre les \u00c9tats-Unis, Lyon et la r\u00e9gion Auvergne Rh\u00f4ne-Alpes qui devrait s&rsquo;\u00e9tablir. Guillaume Gomez l&rsquo;ambassadeur pour la gastronomie fran\u00e7aise, lyonnais de coeur\u00a0 a publi\u00e9 \u00ab\u00a0A la Table du destin\u00a0\u00bb un livre on ne peut plus d&rsquo;actualit\u00e9.. Traditionnelle soir\u00e9e de v\u0153ux d&rsquo;Unis, l&rsquo;organisation d\u00e9di\u00e9e aux professionnels de l&rsquo;immobilier incluant tous les m\u00e9tiers du secteur dans les salons de l&rsquo;H\u00f4tel du d\u00e9partement avec la pr\u00e9sence du pr\u00e9sident Guilloteau. Enfin, Fabienne Buccio, pr\u00e9f\u00e8te de la r\u00e9gion Aura et du Rh\u00f4ne, a re\u00e7u dans les salons de la prefecture le Corps consulaire de Lyon.<\/p>\n","protected":false},"excerpt":{"rendered":"L&rsquo;Assembl\u00e9e g\u00e9n\u00e9rale des Toques Blanches lyonnaises constitue chaque ann\u00e9e un \u00e9v\u00e9nement gastronomique important. Surprise en ce mois de&hellip;\n","protected":false},"author":2,"featured_media":685514,"comment_status":"","ping_status":"","sticky":false,"template":"","format":"standard","meta":{"footnotes":""},"categories":[1889],"tags":[1111,11,2430,1777,674,1011,27,2797,2798,9540,2428,12353,2802,2800,12,2799,25,2429,104],"class_list":{"0":"post-685513","1":"post","2":"type-post","3":"status-publish","4":"format-standard","5":"has-post-thumbnail","7":"category-lyon","8":"tag-actu","9":"tag-actualites","10":"tag-auvergne-rhone-alpes","11":"tag-eu","12":"tag-europe","13":"tag-fr","14":"tag-france","15":"tag-galerie-loisirs","16":"tag-galerie-photo","17":"tag-galerie-sport","18":"tag-lyon","19":"tag-lyon-2e-arrondissement","20":"tag-lyon-6e-arrondissement","21":"tag-metropole","22":"tag-news","23":"tag-people-lyon","24":"tag-republique-francaise","25":"tag-rhone","26":"tag-societe"},"share_on_mastodon":{"url":"https:\/\/pubeurope.com\/@fr\/115948887887690060","error":""},"_links":{"self":[{"href":"https:\/\/www.europesays.com\/fr\/wp-json\/wp\/v2\/posts\/685513","targetHints":{"allow":["GET"]}}],"collection":[{"href":"https:\/\/www.europesays.com\/fr\/wp-json\/wp\/v2\/posts"}],"about":[{"href":"https:\/\/www.europesays.com\/fr\/wp-json\/wp\/v2\/types\/post"}],"author":[{"embeddable":true,"href":"https:\/\/www.europesays.com\/fr\/wp-json\/wp\/v2\/users\/2"}],"replies":[{"embeddable":true,"href":"https:\/\/www.europesays.com\/fr\/wp-json\/wp\/v2\/comments?post=685513"}],"version-history":[{"count":0,"href":"https:\/\/www.europesays.com\/fr\/wp-json\/wp\/v2\/posts\/685513\/revisions"}],"wp:featuredmedia":[{"embeddable":true,"href":"https:\/\/www.europesays.com\/fr\/wp-json\/wp\/v2\/media\/685514"}],"wp:attachment":[{"href":"https:\/\/www.europesays.com\/fr\/wp-json\/wp\/v2\/media?parent=685513"}],"wp:term":[{"taxonomy":"category","embeddable":true,"href":"https:\/\/www.europesays.com\/fr\/wp-json\/wp\/v2\/categories?post=685513"},{"taxonomy":"post_tag","embeddable":true,"href":"https:\/\/www.europesays.com\/fr\/wp-json\/wp\/v2\/tags?post=685513"}],"curies":[{"name":"wp","href":"https:\/\/api.w.org\/{rel}","templated":true}]}}