{"id":685517,"date":"2026-01-24T07:28:10","date_gmt":"2026-01-24T07:28:10","guid":{"rendered":"https:\/\/www.europesays.com\/fr\/685517\/"},"modified":"2026-01-24T07:28:10","modified_gmt":"2026-01-24T07:28:10","slug":"la-ratp-a-licencie-trop-vite-son-agent-et-devra-payer","status":"publish","type":"post","link":"https:\/\/www.europesays.com\/fr\/685517\/","title":{"rendered":"la RATP a licenci\u00e9 trop vite son agent et devra payer"},"content":{"rendered":"<p>                    Par<br \/>\n        <strong><br \/>\n            <a href=\"https:\/\/actu.fr\/auteur\/thomas-martin\" title=\"Consulter tous les articles de Thomas Martin\" target=\"_blank\" rel=\"noopener\">Thomas Martin<\/a><br \/>\n                    <\/strong><\/p>\n<p>        Publi\u00e9 le<\/p>\n<p>            24 janv. 2026 \u00e0 7h48        <\/p>\n<p>C\u2019est une erreur de proc\u00e9dure qui co\u00fbte cher \u00e0 la <a href=\"https:\/\/actu.fr\/tag\/ratp\" target=\"_blank\" rel=\"noopener\">RATP<\/a>. Dans un <a href=\"https:\/\/www.courdecassation.fr\/decision\/export\/69707ab3cdc6046d471338d1\/1\" target=\"_blank\" rel=\"noopener\">arr\u00eat<\/a> rendu le 21 janvier 2026, la <a href=\"https:\/\/actu.fr\/tag\/cour-de-cassation\" target=\"_blank\" rel=\"noopener\">Cour de cassation<\/a> a confirm\u00e9 la condamnation de l\u2019entreprise publique apr\u00e8s le licenciement d\u2019un machiniste-receveur d\u00e9clar\u00e9 inapte \u00e0 son poste. La <a href=\"https:\/\/www.courdecassation.fr\/decision\/export\/6688de84676b73dd81b973f2\/1\" target=\"_blank\" rel=\"noopener\">Cour d\u2019appel de Paris<\/a> avait pr\u00e9c\u00e9demment condamn\u00e9 la R\u00e9gie \u00e0 payer \u00e0 l\u2019agent pr\u00e8s de \u00a023 000 euros \u00e0 titre d\u2019indemnit\u00e9 pour licenciement sans cause r\u00e9elle et s\u00e9rieuse et plus de 37 000 euros \u00e0 titre d\u2019indemnisation de la rupture infond\u00e9e du contrat de travail.\u00a0<\/p>\n<p>Une inaptitude m\u00e9dicale\u2026 mais une proc\u00e9dure bancale<\/p>\n<p class=\" wall-content\">Le machiniste travaillait \u00e0 la RATP depuis 2005. En mai 2019, le m\u00e9decin du travail le d\u00e9clare d\u00e9finitivement inapte \u00e0 son emploi statutaire, tout en \u00e9voquant des pistes de reclassement. Un an plus tard, l\u2019entreprise tranche : faute de solution, l\u2019agent est r\u00e9form\u00e9, autrement dit licenci\u00e9.<\/p>\n<p class=\" wall-content\">Sauf que, selon le statut du personnel, une \u00e9tape est incontournable : la commission m\u00e9dicale doit \u00eatre saisie avant toute r\u00e9forme lorsqu\u2019aucun reclassement n\u2019a abouti.<\/p>\n<p class=\" wall-content\">Or cette commission n\u2019a jamais \u00e9t\u00e9 consult\u00e9e.<\/p>\n<p class=\" wall-content\">Pour les juges, l\u2019absence de cette saisine suffit \u00e0 faire tomber la proc\u00e9dure. La Cour de cassation est sans ambigu\u00eft\u00e9 : sans proposition de la commission m\u00e9dicale, la r\u00e9forme est irr\u00e9guli\u00e8re et la rupture du contrat est sans cause r\u00e9elle et s\u00e9rieuse.<\/p>\n<p class=\" wall-content\">Un camouflet pour la R\u00e9gie des transports qui contestait cette interpr\u00e9tation et invoquait l\u2019impossibilit\u00e9 de reclassement. \u00ab\u00a0C\u2019est \u00e0 bon droit que la cour d\u2019appel s\u2019est born\u00e9e \u00e0 d\u00e9clarer cette rupture sans cause r\u00e9elle et s\u00e9rieuse, l\u2019absence de proposition par la commission, ne constituant pas, \u00e0 elle seule, une discrimination \u00e0 raison de l\u2019\u00e9tat de sant\u00e9\u00a0\u00bb, cinglent les magistrats.\u00a0<\/p>\n<p class=\" wall-content\">La R\u00e9gie devra donc indemniser son ancien agent.\u00a0<\/p>\n<p class=\" wall-content\">Personnalisez votre actualit\u00e9 en ajoutant vos villes et m\u00e9dias en favori avec <a href=\"https:\/\/moncompte.actu.fr\" title=\"D\u00e9couvez Mon Actu\" rel=\"nofollow noopener\" data-trk=\"{&quot;cta&quot;:{&quot;action&quot;:&quot;https:\\\/\\\/moncompte.actu.fr&quot;,&quot;category&quot;:&quot;mon compte&quot;,&quot;from&quot;:&quot;article footer&quot;,&quot;name&quot;:&quot;Mon actu&quot;,&quot;type&quot;:&quot;cta&quot;}}\" target=\"_blank\">Mon Actu<\/a>.<\/p>\n","protected":false},"excerpt":{"rendered":"Par Thomas Martin Publi\u00e9 le 24 janv. 2026 \u00e0 7h48 C\u2019est une erreur de proc\u00e9dure qui co\u00fbte cher&hellip;\n","protected":false},"author":2,"featured_media":685518,"comment_status":"","ping_status":"","sticky":false,"template":"","format":"standard","meta":{"footnotes":""},"categories":[1888],"tags":[1111,1928,11,1927,8424,15787,1777,674,1011,27,12,1926,626,1925,625,25,104],"class_list":{"0":"post-685517","1":"post","2":"type-post","3":"status-publish","4":"format-standard","5":"has-post-thumbnail","7":"category-paris","8":"tag-actu","9":"tag-actu-paris","10":"tag-actualites","11":"tag-actualites-paris","12":"tag-cour-de-cassation","13":"tag-droit-des-travailleurs","14":"tag-eu","15":"tag-europe","16":"tag-fr","17":"tag-france","18":"tag-news","19":"tag-news-paris","20":"tag-paris","21":"tag-paris-news","22":"tag-ratp","23":"tag-republique-francaise","24":"tag-societe"},"share_on_mastodon":{"url":"https:\/\/pubeurope.com\/@fr\/115948899817162880","error":""},"_links":{"self":[{"href":"https:\/\/www.europesays.com\/fr\/wp-json\/wp\/v2\/posts\/685517","targetHints":{"allow":["GET"]}}],"collection":[{"href":"https:\/\/www.europesays.com\/fr\/wp-json\/wp\/v2\/posts"}],"about":[{"href":"https:\/\/www.europesays.com\/fr\/wp-json\/wp\/v2\/types\/post"}],"author":[{"embeddable":true,"href":"https:\/\/www.europesays.com\/fr\/wp-json\/wp\/v2\/users\/2"}],"replies":[{"embeddable":true,"href":"https:\/\/www.europesays.com\/fr\/wp-json\/wp\/v2\/comments?post=685517"}],"version-history":[{"count":0,"href":"https:\/\/www.europesays.com\/fr\/wp-json\/wp\/v2\/posts\/685517\/revisions"}],"wp:featuredmedia":[{"embeddable":true,"href":"https:\/\/www.europesays.com\/fr\/wp-json\/wp\/v2\/media\/685518"}],"wp:attachment":[{"href":"https:\/\/www.europesays.com\/fr\/wp-json\/wp\/v2\/media?parent=685517"}],"wp:term":[{"taxonomy":"category","embeddable":true,"href":"https:\/\/www.europesays.com\/fr\/wp-json\/wp\/v2\/categories?post=685517"},{"taxonomy":"post_tag","embeddable":true,"href":"https:\/\/www.europesays.com\/fr\/wp-json\/wp\/v2\/tags?post=685517"}],"curies":[{"name":"wp","href":"https:\/\/api.w.org\/{rel}","templated":true}]}}