{"id":685541,"date":"2026-01-24T07:40:17","date_gmt":"2026-01-24T07:40:17","guid":{"rendered":"https:\/\/www.europesays.com\/fr\/685541\/"},"modified":"2026-01-24T07:40:17","modified_gmt":"2026-01-24T07:40:17","slug":"tu-as-gagne-parce-que-je-me-suis-moquee-de-toi-lincroyable-anecdote-livree-par-braisaz-bouchet-sports-infos-ski","status":"publish","type":"post","link":"https:\/\/www.europesays.com\/fr\/685541\/","title":{"rendered":"\u00ab\u00a0Tu as gagn\u00e9 parce que je me suis moqu\u00e9e de toi\u00a0\u00bb : L&rsquo;incroyable anecdote livr\u00e9e par Braisaz Bouchet &#8211; Sports Infos &#8211; Ski"},"content":{"rendered":"<p>C&rsquo;est un doubl\u00e9 fran\u00e7ais magnifique \u00e0 Nove Mesto, mais c&rsquo;est surtout une histoire de rivalit\u00e9 amicale qui tourne \u00e0 la \u00ab\u00a0revanche\u00a0\u00bb sportive.<\/p>\n<p>Vainqueure de l&rsquo;Individuel\u00a0devant sa compatriote Lou Jeanmonnot, <strong>Justine Braisaz-Bouchet<\/strong> a r\u00e9v\u00e9l\u00e9 au micro de la cha\u00eene L&rsquo;\u00c9quipe le secret inattendu de sa motivation : une moquerie de sa co\u00e9quipi\u00e8re la veille de la course !<\/p>\n<p><strong>\u00ab\u00a0Elle a explos\u00e9 de rire&#8230;\u00a0\u00bb<\/strong><\/p>\n<p>Tout s&rsquo;est jou\u00e9 jeudi, lors d&rsquo;une discussion anodine qui a tourn\u00e9 au d\u00e9fi. Lou Jeanmonnot a commis l&rsquo;erreur de douter du palmar\u00e8s de son a\u00een\u00e9e.<\/p>\n<p>La r\u00e9ponse de Justine sur la piste a \u00e9t\u00e9 cinglante.<\/p>\n<p>\u00ab Pour la petite anecdote, Lou m&rsquo;a dit \u00e0 l&rsquo;arriv\u00e9e : \u00ab\u00a0Tu as gagn\u00e9 parce que je me suis moqu\u00e9e de toi hier\u00a0\u00bb. <\/p>\n<p>Hier, elle m&rsquo;avait demand\u00e9 si j&rsquo;avais d\u00e9j\u00e0 eu une m\u00e9daille mondiale. Je lui avais r\u00e9pondu que oui&#8230; Elle a alors explos\u00e9 de rire en me disant que ce n&rsquo;\u00e9tait pas possible. <\/p>\n<p>Aujourd&rsquo;hui, elle est deuxi\u00e8me et je suis bien contente ! \u00bb<\/p>\n<p><strong>Une \u00ab\u00a0bataille\u00a0\u00bb dans des conditions difficiles<\/strong><\/p>\n<p>Piqu\u00e9e au vif, Braisaz-Bouchet a livr\u00e9 une partition parfaite (\u00ab\u00a0beaucoup de pr\u00e9sence sur chaque tir\u00a0\u00bb) malgr\u00e9 des conditions de piste tr\u00e8s difficiles.<\/p>\n<p>Si elle avoue avoir \u00ab aim\u00e9 la bataille avec Lou \u00bb, la victoire a une saveur particuli\u00e8re apr\u00e8s cet \u00e9change en coulisses.<\/p>\n<p>\u00ab C&rsquo;est tr\u00e8s chouette de partager le podium, je suis aussi tr\u00e8s contente pour elle \u00bb, conclut la gagnante, beau joueur, mais qui a su remettre les pendules \u00e0 l&rsquo;heure.<\/p>\n<p>Oui, elle sait gagner \u00e0 Nove Mesto, et sa copine\u00a0Lou Jeanmonnot ne pourra plus la chambrer l\u00e0-dessus.<\/p>\n","protected":false},"excerpt":{"rendered":"C&rsquo;est un doubl\u00e9 fran\u00e7ais magnifique \u00e0 Nove Mesto, mais c&rsquo;est surtout une histoire de rivalit\u00e9 amicale qui tourne&hellip;\n","protected":false},"author":2,"featured_media":685542,"comment_status":"","ping_status":"","sticky":false,"template":"","format":"standard","meta":{"footnotes":""},"categories":[2],"tags":[11,44708,4130,2511,3391,1011,3844,27,937,18799,4564,78255,12,78254,25,19901,78256,19748,11848,12710],"class_list":{"0":"post-685541","1":"post","2":"type-post","3":"status-publish","4":"format-standard","5":"has-post-thumbnail","7":"category-actualites","8":"tag-actualites","9":"tag-amicale","10":"tag-biathlon","11":"tag-cest","12":"tag-double","13":"tag-fr","14":"tag-francais","15":"tag-france","16":"tag-histoire","17":"tag-magnifique","18":"tag-mais","19":"tag-mesto","20":"tag-news","21":"tag-nove","22":"tag-republique-francaise","23":"tag-revanche","24":"tag-rivalite","25":"tag-sportive","26":"tag-surtout","27":"tag-tourne"},"share_on_mastodon":{"url":"https:\/\/pubeurope.com\/@fr\/115948946978463514","error":""},"_links":{"self":[{"href":"https:\/\/www.europesays.com\/fr\/wp-json\/wp\/v2\/posts\/685541","targetHints":{"allow":["GET"]}}],"collection":[{"href":"https:\/\/www.europesays.com\/fr\/wp-json\/wp\/v2\/posts"}],"about":[{"href":"https:\/\/www.europesays.com\/fr\/wp-json\/wp\/v2\/types\/post"}],"author":[{"embeddable":true,"href":"https:\/\/www.europesays.com\/fr\/wp-json\/wp\/v2\/users\/2"}],"replies":[{"embeddable":true,"href":"https:\/\/www.europesays.com\/fr\/wp-json\/wp\/v2\/comments?post=685541"}],"version-history":[{"count":0,"href":"https:\/\/www.europesays.com\/fr\/wp-json\/wp\/v2\/posts\/685541\/revisions"}],"wp:featuredmedia":[{"embeddable":true,"href":"https:\/\/www.europesays.com\/fr\/wp-json\/wp\/v2\/media\/685542"}],"wp:attachment":[{"href":"https:\/\/www.europesays.com\/fr\/wp-json\/wp\/v2\/media?parent=685541"}],"wp:term":[{"taxonomy":"category","embeddable":true,"href":"https:\/\/www.europesays.com\/fr\/wp-json\/wp\/v2\/categories?post=685541"},{"taxonomy":"post_tag","embeddable":true,"href":"https:\/\/www.europesays.com\/fr\/wp-json\/wp\/v2\/tags?post=685541"}],"curies":[{"name":"wp","href":"https:\/\/api.w.org\/{rel}","templated":true}]}}