{"id":685552,"date":"2026-01-24T07:51:13","date_gmt":"2026-01-24T07:51:13","guid":{"rendered":"https:\/\/www.europesays.com\/fr\/685552\/"},"modified":"2026-01-24T07:51:13","modified_gmt":"2026-01-24T07:51:13","slug":"merci-pour-ton-courage-gabriel-le-fils-de-tina-arena-debarque-par-surprise-dans-la-boite-a-secrets","status":"publish","type":"post","link":"https:\/\/www.europesays.com\/fr\/685552\/","title":{"rendered":"\u00ab\u00a0Merci pour ton courage\u00a0\u00bb : Gabriel, le fils de Tina Arena, d\u00e9barque par surprise dans La bo\u00eete \u00e0 secrets"},"content":{"rendered":"<p>L\u2019ann\u00e9e 2026 a d\u00e9marr\u00e9 en douceur sur France 3, le vendredi soir, avec le retour de Faustine Bollaert aux commandes de <a href=\"https:\/\/www.programme-tv.net\/news\/tv\/395443-a-100-ans-elle-mavait-dit-catherine-lara-raconte-les-derniers-instants-de-vie-de-sa-mere-dans-la-boite-a-secrets\/\" data-api-deeplink=\"teleloisirs:\/\/news\/395443\" target=\"_blank\" rel=\"noopener\">La Bo\u00eete \u00e0 secrets<\/a>. L\u2019animatrice y re\u00e7oit, comme \u00e0 son habitude depuis octobre\u00a02019, des personnalit\u00e9s venues d\u2019horizons vari\u00e9s, invit\u00e9es \u00e0 se livrer autrement. <a href=\"https:\/\/www.programme-tv.net\/news\/tv\/395395-on-ne-s-est-pas-toujours-compris-jean-pierre-castaldi-en-larmes-apres-un-message-de-son-fils-benjamin-castaldi-dans-la-boite-a-secrets\/\" data-api-deeplink=\"teleloisirs:\/\/news\/395395\" target=\"_blank\" rel=\"noopener\">Objets symboliques, invit\u00e9s surprises, photos ou messages vid\u00e9o<\/a> jalonnent l\u2019\u00e9mission et ravivent les souvenirs pour ouvrir la voie \u00e0 des confidences sinc\u00e8res sur <b>les joies, les \u00e9preuves, les succ\u00e8s, les fragilit\u00e9s<\/b> <b>de chacun<\/b>. L\u2019occasion, bien souvent, pour les invit\u00e9s d\u2019exprimer leur reconnaissance envers leurs proches, leur famille ou leurs fid\u00e8les collaborateurs.<\/p>\n<p>Le vendredi 9\u00a0janvier, Faustine Bollaert recevait Jean-Pierre Castaldi, dont l\u2019\u00e9motion a marqu\u00e9 la soir\u00e9e, aux c\u00f4t\u00e9s de Fran\u00e7ois-Xavier Demaison et de la chanteuse et violoniste Catherine Lara. Le 16, elle accueillait l&rsquo;animatrice Isabelle Morizet, <a href=\"https:\/\/www.programme-tv.net\/news\/musique\/395632-jai-eu-madonna-comme-danseuse-isabelle-morizet-alias-karen-cheryl-raconte-sa-collaboration-avec-la-star-video\/\" data-api-deeplink=\"teleloisirs:\/\/news\/395632\" target=\"_blank\" rel=\"noopener\">connue dans les ann\u00e9es 90 en tant que chanteuse sous le pseudonyme de Karen Cheryl<\/a>, le chanteur <a href=\"https:\/\/www.programme-tv.net\/biographie\/53304-francois-frederic\/\" data-api-deeplink=\"teleloisirs:\/\/person\/53304\" target=\"_blank\" rel=\"noopener\">Fr\u00e9d\u00e9ric Fran\u00e7ois<\/a> et le musicien <a href=\"https:\/\/www.programme-tv.net\/biographie\/177936-manoukian-andre\/\" data-api-deeplink=\"teleloisirs:\/\/person\/177936\" target=\"_blank\" rel=\"noopener\">Andr\u00e9 Manoukian<\/a>. Le 23\u00a0janvier, au tour d&rsquo;Ycare, Elie Semoun et Tina Arena de se pr\u00eater au jeu. <b>La chanteuse de 58 ans<\/b> a rapidement re\u00e7u une surprise d&rsquo;ampleur. La grosse bo\u00eete s&rsquo;ouvre pour laisser place \u00e0 Patrick Hernandez.<\/p>\n<p>                        \u00ab\u00a0Elle se soucie toujours de moi\u00a0\u00bb\u00a0: Gabriel, le fils de Tina Arena, rend hommage \u00e0 sa m\u00e8re apr\u00e8s une surprise dans La Bo\u00eete \u00e0 secrets<\/p>\n<p>L&rsquo;iconique artiste de 76 ans a chant\u00e9 son tube Born to be alive. Et quelle ne fut pas la surprise de Tina Arena lorsque son fils Gabriel est apparu pour accompagner la star des ann\u00e9es 80. \u00ab\u00a0Oh mon Dieu, \u00e7a, je ne l&rsquo;ai pas attendu du tout. Patrick, merci beaucoup\u00a0!\u00a0\u00bb, s&rsquo;est-elle exclam\u00e9e \u00e0 la fin de la performance du duo. Patrick Hernandez a tenu \u00e0 souligner l&rsquo;\u00e9motion non sans hommage retourn\u00e9\u00a0: \u00ab\u00a0Je vois quelques pleurs qui ont coul\u00e9. Mais merci \u00e0 toi, merci de ton sourire, merci de ta voix\u00a0!\u00a0\u00bb La chanteuse invit\u00e9e de Faustine Bollaert a rench\u00e9ri\u00a0: \u00ab\u00a0<b>Merci pour ces souvenirs d&rsquo;enfance, la magie qu&rsquo;on a v\u00e9cue en Australie, cette chanson, c&rsquo;\u00e9tait \u00e9norme<\/b>, c&rsquo;est un anthem (hymne en anglais), \u00e7a l&rsquo;est toujours, \u00e7a nous rend heureux\u00a0!\u00a0\u00bb<\/p>\n<p>Avant de saluer, boulevers\u00e9e, son fils de 20 ans\u00a0: \u00ab\u00a0Et merci \u00e0 toi mon fils, je t&rsquo;aime. Mon amour, you&rsquo;re the best.\u00a0\u00bb Faustine Bollaert s&rsquo;est alors ins\u00e9r\u00e9e dans l&rsquo;\u00e9change\u00a0: \u00ab\u00a0Est-ce que je peux vous demander, Gabriel, quel genre de maman elle est, votre maman\u00a0?\u00a0\u00bb Assumant d&rsquo;avoir le trac, le jeune homme tout sourire a r\u00e9pondu avec entrain\u00a0: \u00ab\u00a0M\u00eame si c&rsquo;est une artiste exceptionnelle, c&rsquo;est une vraie maman, c&rsquo;est une personne, <b>elle a un vrai c\u0153ur<\/b>, elle se soucie toujours de moi, et franchement, c&rsquo;est la meilleure, c&rsquo;est la meilleure\u00a0!\u00a0\u00bb<\/p>\n<p>Ce qui n&rsquo;a pas manqu\u00e9 de toucher l&rsquo;animatrice\u00a0: \u00ab\u00a0Je vais vous perdre tous les deux\u00a0! Vous \u00eates tr\u00e8s mignons tous les deux, t<b>out le monde aurait envie d&rsquo;avoir ce genre de relation privil\u00e9gi\u00e9e avec son fils<\/b>.\u00a0\u00bb Et Tina Arena de f\u00e9liciter son seul fils\u00a0: \u00ab\u00a0Merci pour ton courage, ch\u00e9ri, ce n&rsquo;est pas facile\u00a0!\u00a0\u00bb Une s\u00e9quence \u00e0 l&rsquo;image de l&rsquo;\u00e9mission pour la chanteuse australienne d&rsquo;origine sicilienne.<\/p>\n","protected":false},"excerpt":{"rendered":"L\u2019ann\u00e9e 2026 a d\u00e9marr\u00e9 en douceur sur France 3, le vendredi soir, avec le retour de Faustine Bollaert&hellip;\n","protected":false},"author":2,"featured_media":685553,"comment_status":"","ping_status":"","sticky":false,"template":"","format":"standard","meta":{"footnotes":""},"categories":[1359],"tags":[244,58,59,6308,1011,27,876,74563,973,31609,1630],"class_list":{"0":"post-685552","1":"post","2":"type-post","3":"status-publish","4":"format-standard","5":"has-post-thumbnail","7":"category-people","8":"tag-commentaire","9":"tag-divertissement","10":"tag-entertainment","11":"tag-faustine-bollaert","12":"tag-fr","13":"tag-france","14":"tag-france-3","15":"tag-la-bou00eete-u00e0-secrets","16":"tag-people","17":"tag-tina-arena","18":"tag-zapping"},"share_on_mastodon":{"url":"https:\/\/pubeurope.com\/@fr\/115948990392877088","error":""},"_links":{"self":[{"href":"https:\/\/www.europesays.com\/fr\/wp-json\/wp\/v2\/posts\/685552","targetHints":{"allow":["GET"]}}],"collection":[{"href":"https:\/\/www.europesays.com\/fr\/wp-json\/wp\/v2\/posts"}],"about":[{"href":"https:\/\/www.europesays.com\/fr\/wp-json\/wp\/v2\/types\/post"}],"author":[{"embeddable":true,"href":"https:\/\/www.europesays.com\/fr\/wp-json\/wp\/v2\/users\/2"}],"replies":[{"embeddable":true,"href":"https:\/\/www.europesays.com\/fr\/wp-json\/wp\/v2\/comments?post=685552"}],"version-history":[{"count":0,"href":"https:\/\/www.europesays.com\/fr\/wp-json\/wp\/v2\/posts\/685552\/revisions"}],"wp:featuredmedia":[{"embeddable":true,"href":"https:\/\/www.europesays.com\/fr\/wp-json\/wp\/v2\/media\/685553"}],"wp:attachment":[{"href":"https:\/\/www.europesays.com\/fr\/wp-json\/wp\/v2\/media?parent=685552"}],"wp:term":[{"taxonomy":"category","embeddable":true,"href":"https:\/\/www.europesays.com\/fr\/wp-json\/wp\/v2\/categories?post=685552"},{"taxonomy":"post_tag","embeddable":true,"href":"https:\/\/www.europesays.com\/fr\/wp-json\/wp\/v2\/tags?post=685552"}],"curies":[{"name":"wp","href":"https:\/\/api.w.org\/{rel}","templated":true}]}}