{"id":68556,"date":"2025-05-02T05:23:13","date_gmt":"2025-05-02T05:23:13","guid":{"rendered":"https:\/\/www.europesays.com\/fr\/68556\/"},"modified":"2025-05-02T05:23:13","modified_gmt":"2025-05-02T05:23:13","slug":"une-tombola-caritative-pour-la-lutte-contre-le-cancer-du-cerveau","status":"publish","type":"post","link":"https:\/\/www.europesays.com\/fr\/68556\/","title":{"rendered":"une tombola caritative pour la lutte contre le cancer du cerveau"},"content":{"rendered":"<p>            Par<br \/>\n        <strong><br \/>\n            <a href=\"https:\/\/actu.fr\/auteur\/thomas-bernard\" title=\"Consulter tous les articles de Thomas Bernard\" target=\"_blank\" rel=\"noopener\">Thomas Bernard<\/a><br \/>\n        <\/strong><\/p>\n<p>        Publi\u00e9 le<\/p>\n<p>            2 mai 2025 \u00e0 6h50        <\/p>\n<p>Le club de basket de\u00a0l\u2019Amicale La\u00efque Ouche -Dinier (Alod) de Rez\u00e9, organise <strong>un tournoi des familles le samedi 24\u00a0mai<\/strong>. \u00c0 cette occasion, le club rez\u00e9en d\u00e9voilera les r\u00e9sultats d\u2019une <a href=\"https:\/\/www.helloasso.com\/associations\/alod\/evenements\/tombola-tournoi-des-parents?fbclid=IwY2xjawJ93_BleHRuA2FlbQIxMABicmlkETB3UTVCVXdGOHlqUnhuYmlYAR7_uiLE78SUHCOnpCEJYwkDgE9fjDbNjvMwVg7WOX1f_S296AUHd_Tl_PfPkA_aem_NCrSPih4u__GNgAdjkUCfw\" target=\"_blank\" rel=\"noopener\">tombola solidaire organis\u00e9e pour soutenir la recherche <strong>contre le cancer du cerveau<\/strong><\/a>.<\/p>\n<p>Une tombola solidaire en m\u00e9moire d\u2019une ancienne joueuse<\/p>\n<p class=\" wall-content\">\u00ab\u2009Avec l\u2019ALOD Basket Rez\u00e9 et l\u2019ensemble de ma famille nous lan\u00e7ons une tombola caritative pour lutter conter le cancer du cerveau, en hommage \u00e0 Sylvaine, ancienne joueuse de basket \u00e0 l\u2019ALOD et ma maman\u2009\u00bb, explique Romane Boisselet, r\u00e9f\u00e9rente en Loire-Atlantique pour l<a href=\"https:\/\/www.facebook.com\/desetoilesdanslamer?__cft__%5B0%5D=AZXwfl2hiF7Zmbnvara4Iy-BXc39Jz4zfVkMV0i1CxGxYmRv5z-VTDk9eLha51N1n0W6chXvUxKtUhMbxGt38tWdF_5CIENfaW-YmMdT3a0PzJn36Zbt6aVJJ8-EbTwXzAqrtIIwqGMrl6Ue3W_me4664fHNTm78D5oNzf-oPVAD7g&amp;__tn__=-%5DK-R\" target=\"_blank\" rel=\"noopener\">\u2019association Des \u00e9toiles dans la mer, vaincre le glioblastome<\/a>.<\/p>\n<p class=\" wall-content\">Tous les fonds r\u00e9colt\u00e9s<strong> seront revers\u00e9s \u00e0 l\u2019association<\/strong> Des \u00e9toiles dans la mer, vaincre le glioblastome, cette derni\u00e8re sera pr\u00e9sente au tournoi avec un stand. Les r\u00e9sultats de la tombola seront annonc\u00e9s le 24\u00a0mai \u00e0 16\u2009h. Plus de 30 lots sont \u00e0 remporter.<\/p>\n<p class=\" wall-content\">Les anciennes joueuses de Sylvaine Renaud Boisselet joueront tout au long du tournoi pour lui rendre hommage.<\/p>\n<p><strong>Infos pratiques<\/strong>\u2009:<br \/><a href=\"https:\/\/www.helloasso.com\/...\/tombola-tournoi-des-parents\" target=\"_blank\" rel=\"noopener\">Site de la tombola<\/a><br \/>\nFaire un don directement \u00e0 l\u2019association <a href=\"https:\/\/l.facebook.com\/l.php?u=https%3A%2F%2Fwww.alvarum.com%2Fromaneboisselet2%3Ffbclid%3DIwZXh0bgNhZW0CMTAAYnJpZBEwd1E1QlV3Rjh5alJ4bmJpWAEeJsZIL3KWoiCd33J0Nlk0WJ8KYv5f8D85FXE9R4YxSVsZ3n8kjN_GUrCQrLc_aem_TnDnWQwOqkJRfk6ex4slxQ&amp;h=AT25PxcUXeb8IAQBuhOdqvW-fwJKZx4qzfalOD2YosObiOiedOeHAP1FwPc_4WgYmOQ9MeUU7hCwpSFfE_qPDf3YAI-TPR49sXwuQexBj_4rOS3mIruZtQjQbOANX9dn7j7aKCzbsmv8xK6W&amp;__tn__=-UK-R&amp;c%5B0%5D=AT1M8zhLCZqyZ-aeUVuGGSL7E4VjIbUbNH_VNSMRQ5iECYYbirtTG4L3EOzaBWBEBMaPGyyjqqghsNRoo9RuDZS5pmMM-Y8e2sD1kswZrgdTWcFm9vrkmKp2WA0kzWUvSkemBNwqXq0glpfppuFiDnaqRg2fccLv9iTgCoCW7rrVMZRVtykClw\" target=\"_blank\" rel=\"noopener\">ici<\/a>Vid\u00e9os : en ce moment sur Actu<\/p>\n<p class=\" wall-content\">Suivez toute l\u2019actualit\u00e9 de vos villes et m\u00e9dias favoris en vous inscrivant \u00e0 <a href=\"https:\/\/moncompte.actu.fr\" title=\"D\u00e9couvez Mon Actu\" rel=\"nofollow noopener\" data-trk=\"{&quot;cta&quot;:{&quot;action&quot;:&quot;https:\\\/\\\/moncompte.actu.fr&quot;,&quot;category&quot;:&quot;mon compte&quot;,&quot;from&quot;:&quot;article footer&quot;,&quot;name&quot;:&quot;Mon actu&quot;,&quot;type&quot;:&quot;cta&quot;}}\" target=\"_blank\">Mon Actu<\/a>.<\/p>\n","protected":false},"excerpt":{"rendered":"Par Thomas Bernard Publi\u00e9 le 2 mai 2025 \u00e0 6h50 Le club de basket de\u00a0l\u2019Amicale La\u00efque Ouche -Dinier&hellip;\n","protected":false},"author":2,"featured_media":68557,"comment_status":"","ping_status":"","sticky":false,"template":"","format":"standard","meta":{"footnotes":""},"categories":[2818],"tags":[1111,11,101,1777,674,1011,27,766,12,2636,25,71,104,3400],"class_list":{"0":"post-68556","1":"post","2":"type-post","3":"status-publish","4":"format-standard","5":"has-post-thumbnail","7":"category-nantes","8":"tag-actu","9":"tag-actualites","10":"tag-cancer","11":"tag-eu","12":"tag-europe","13":"tag-fr","14":"tag-france","15":"tag-nantes","16":"tag-news","17":"tag-pays-de-la-loire","18":"tag-republique-francaise","19":"tag-sante","20":"tag-societe","21":"tag-solidarite"},"share_on_mastodon":{"url":"https:\/\/pubeurope.com\/@fr\/114436571420862147","error":""},"_links":{"self":[{"href":"https:\/\/www.europesays.com\/fr\/wp-json\/wp\/v2\/posts\/68556","targetHints":{"allow":["GET"]}}],"collection":[{"href":"https:\/\/www.europesays.com\/fr\/wp-json\/wp\/v2\/posts"}],"about":[{"href":"https:\/\/www.europesays.com\/fr\/wp-json\/wp\/v2\/types\/post"}],"author":[{"embeddable":true,"href":"https:\/\/www.europesays.com\/fr\/wp-json\/wp\/v2\/users\/2"}],"replies":[{"embeddable":true,"href":"https:\/\/www.europesays.com\/fr\/wp-json\/wp\/v2\/comments?post=68556"}],"version-history":[{"count":0,"href":"https:\/\/www.europesays.com\/fr\/wp-json\/wp\/v2\/posts\/68556\/revisions"}],"wp:featuredmedia":[{"embeddable":true,"href":"https:\/\/www.europesays.com\/fr\/wp-json\/wp\/v2\/media\/68557"}],"wp:attachment":[{"href":"https:\/\/www.europesays.com\/fr\/wp-json\/wp\/v2\/media?parent=68556"}],"wp:term":[{"taxonomy":"category","embeddable":true,"href":"https:\/\/www.europesays.com\/fr\/wp-json\/wp\/v2\/categories?post=68556"},{"taxonomy":"post_tag","embeddable":true,"href":"https:\/\/www.europesays.com\/fr\/wp-json\/wp\/v2\/tags?post=68556"}],"curies":[{"name":"wp","href":"https:\/\/api.w.org\/{rel}","templated":true}]}}