{"id":685603,"date":"2026-01-24T08:20:16","date_gmt":"2026-01-24T08:20:16","guid":{"rendered":"https:\/\/www.europesays.com\/fr\/685603\/"},"modified":"2026-01-24T08:20:16","modified_gmt":"2026-01-24T08:20:16","slug":"ligue-1-mauvais-voyageur-le-racing-club-de-strasbourg-doit-trouver-la-clef-du-succes-loin-de-ses-bases","status":"publish","type":"post","link":"https:\/\/www.europesays.com\/fr\/685603\/","title":{"rendered":"Ligue 1. Mauvais voyageur, le Racing Club de Strasbourg doit trouver la clef du succ\u00e8s loin de ses bases"},"content":{"rendered":"<p>\u00c0 peine avait-il d\u00e9couvert ses joueurs \u2013 au lendemain de son intronisation, le 7\u00a0janvier, comme successeur de <a href=\"https:\/\/www.dna.fr\/p\/liam-rosenior\" target=\"_blank\" rel=\"noopener\">Liam Rosenior<\/a> au poste d\u2019entra\u00eeneur du Racing \u2013, que <a href=\"https:\/\/www.dna.fr\/p\/gary-o-neil\" target=\"_blank\" rel=\"noopener\">Gary O\u2019Neil<\/a> avait d\u00fb faire son sac et traverser la France d\u2019est en ouest. Une vir\u00e9e en Normandie le samedi 10\u00a0janvier, pour affronter Avranches (N2) en 16e de finale de Coupe de France, qui avait aussi permis au Londonien de faire un peu plus connaissance avec son effectif.<\/p>\n<p>Le quadrag\u00e9naire, qui n\u2019avait dirig\u00e9 que deux s\u00e9ances, avait profit\u00e9 de ce premier d\u00e9placement pour essayer de mieux cerner l\u2019homme qui peut se cacher derri\u00e8re le joueur.<\/p>\n<p>\u00c0 Avranches, le message \u00e9tait bien pass\u00e9<\/p>\n<p>Il n\u2019avait d\u2019ailleurs pas h\u00e9sit\u00e9 \u00e0 convoquer un groupe \u00e9largi pour son premier match \u00e0 la t\u00eate des Bleus, quitte \u00e0 en laisser l\u2019un ou l\u2019autre en tribunes, comme cela avait \u00e9t\u00e9 le cas d\u2019un <a href=\"https:\/\/www.dna.fr\/sport\/2026\/01\/23\/mercato-felix-lemarechal-annonce-au-cercle-bruges-le-racing-guette-les-bonnes-opportunites\" target=\"_blank\" rel=\"noopener\">F\u00e9lix Lemarechal en instance de d\u00e9part<\/a><\/p>\n","protected":false},"excerpt":{"rendered":"\u00c0 peine avait-il d\u00e9couvert ses joueurs \u2013 au lendemain de son intronisation, le 7\u00a0janvier, comme successeur de Liam&hellip;\n","protected":false},"author":2,"featured_media":685604,"comment_status":"","ping_status":"","sticky":false,"template":"","format":"standard","meta":{"footnotes":""},"categories":[2820],"tags":[1111,11,2649,2880,1777,674,107,63,1011,27,775,12,41281,25,4604,517,640],"class_list":{"0":"post-685603","1":"post","2":"type-post","3":"status-publish","4":"format-standard","5":"has-post-thumbnail","7":"category-strasbourg","8":"tag-actu","9":"tag-actualites","10":"tag-bas-rhin","11":"tag-edition-strasbourg","12":"tag-eu","13":"tag-europe","14":"tag-fil-info","15":"tag-football","16":"tag-fr","17":"tag-france","18":"tag-grand-est","19":"tag-news","20":"tag-racing-club-strasbourg-masculin","21":"tag-republique-francaise","22":"tag-selection-abonne","23":"tag-sport","24":"tag-strasbourg"},"share_on_mastodon":{"url":"https:\/\/pubeurope.com\/@fr\/115949104324609735","error":""},"_links":{"self":[{"href":"https:\/\/www.europesays.com\/fr\/wp-json\/wp\/v2\/posts\/685603","targetHints":{"allow":["GET"]}}],"collection":[{"href":"https:\/\/www.europesays.com\/fr\/wp-json\/wp\/v2\/posts"}],"about":[{"href":"https:\/\/www.europesays.com\/fr\/wp-json\/wp\/v2\/types\/post"}],"author":[{"embeddable":true,"href":"https:\/\/www.europesays.com\/fr\/wp-json\/wp\/v2\/users\/2"}],"replies":[{"embeddable":true,"href":"https:\/\/www.europesays.com\/fr\/wp-json\/wp\/v2\/comments?post=685603"}],"version-history":[{"count":0,"href":"https:\/\/www.europesays.com\/fr\/wp-json\/wp\/v2\/posts\/685603\/revisions"}],"wp:featuredmedia":[{"embeddable":true,"href":"https:\/\/www.europesays.com\/fr\/wp-json\/wp\/v2\/media\/685604"}],"wp:attachment":[{"href":"https:\/\/www.europesays.com\/fr\/wp-json\/wp\/v2\/media?parent=685603"}],"wp:term":[{"taxonomy":"category","embeddable":true,"href":"https:\/\/www.europesays.com\/fr\/wp-json\/wp\/v2\/categories?post=685603"},{"taxonomy":"post_tag","embeddable":true,"href":"https:\/\/www.europesays.com\/fr\/wp-json\/wp\/v2\/tags?post=685603"}],"curies":[{"name":"wp","href":"https:\/\/api.w.org\/{rel}","templated":true}]}}