{"id":68561,"date":"2025-05-02T05:26:08","date_gmt":"2025-05-02T05:26:08","guid":{"rendered":"https:\/\/www.europesays.com\/fr\/68561\/"},"modified":"2025-05-02T05:26:08","modified_gmt":"2025-05-02T05:26:08","slug":"clap-de-fin-victime-des-coupes-budgetaires-le-festival-international-des-arts-vivants-de-toulouse-sarrete","status":"publish","type":"post","link":"https:\/\/www.europesays.com\/fr\/68561\/","title":{"rendered":"\u00ab\u00a0Clap de fin\u00a0\u00bb\u00a0: victime des coupes budg\u00e9taires, le festival international des arts vivants de Toulouse s\u2019arr\u00eate"},"content":{"rendered":"<p class=\"paragraph text_align_left\">En mars, le directeur du <a href=\"https:\/\/www.leparisien.fr\/societe\/l-ancien-theatre-national-de-toulouse-depoussiere-du-sous-sol-au-grenier-19-09-2018-7894293.php\" target=\"_blank\" rel=\"noopener\">Th\u00e9\u00e2tre de la Cit\u00e9<\/a>, Galin Stoev, en place depuis 2018, annon\u00e7ait son \u00ab\u00a0d\u00e9part anticip\u00e9\u00a0\u00bb \u00e0 l\u2019\u00e9t\u00e9 2026, d\u00e9plorant une baisse des financements de la part des collectivit\u00e9s. \u00ab\u00a0Aujourd\u2019hui, il m\u2019est \u00e0 nouveau demande\u0301 de r\u00e9\u00e9crire le projet de direction pour lequel j\u2019ai pourtant \u00e9t\u00e9 renouvel\u00e9 il y a un an par Madame la ministre de la Culture pour mon dernier mandat\u00a0\u00bb, regrettait-il dans un communiqu\u00e9. Une prise de position dans laquelle il indiquait \u00e9galement que \u00ab\u00a0le th\u00e9\u00e2tre se retrouve \u00e0 annuler La Biennale \u2013 festival international des arts vivants\u00a0\u00bb.<\/p>\n<p class=\"paragraph text_align_left\">Mi-avril, <a href=\"https:\/\/labiennale-toulouse.com\/\" target=\"_blank\" rel=\"noopener\">dans une communication titr\u00e9e \u00ab\u00a0clap de fin\u00a0\u00bb<\/a>, ce festival confirmait \u00e0 son tour la fin d\u2019une aventure commenc\u00e9e en 2019, \u00ab\u00a0\u00e0 la suite du non-renouvellement des soutiens financiers de l\u2019ensemble des collectivit\u00e9s territoriales\u00a0\u00bb. Alors que sa troisi\u00e8me \u00e9dition s\u2019est tenue \u00e0 l\u2019automne 2024, la Biennale, qui rassemblait 38 partenaires et structures culturelles du territoire, a appris, lors d\u2019un rendez-vous de cadrage du Th\u00e9\u00e2tre de la Cit\u00e9, l\u2019arr\u00eat de l\u2019ensemble de ses subventions publiques. Cela repr\u00e9sentait, pour la derni\u00e8re \u00e9dition, 352\u00a0000\u00a0euros\u00a0: 152\u00a0000\u00a0euros de Toulouse M\u00e9tropole, 90\u00a0000\u00a0euros de l\u2019\u00c9tat, 60\u00a0000\u00a0euros du D\u00e9partement et 50\u00a0000\u00a0euros de la r\u00e9gion.<\/p>\n<p>21\u00a0000 spectateurs, 154 repr\u00e9sentations dans 32 lieux en 2024<\/p>\n<p class=\"paragraph text_align_left\">\u00ab\u00a0Le budget global de la derni\u00e8re Biennale \u00e9tait de 1,2\u00a0million d\u2019euros. Plus de 800\u00a0000\u00a0euros \u00e9taient assur\u00e9s par le budget des diff\u00e9rentes structures. Mais ces soutiens permettaient d\u2019assurer la coordination d\u2019un \u00e9v\u00e9nement assez unique, mettant autour de la table des structures tr\u00e8s diff\u00e9rentes dans un dialogue coop\u00e9ratif o\u00f9 chacun avait la m\u00eame voix\u00a0\u00bb, souligne Serge Borras, le directeur de la Grainerie, l\u2019un des porte-parole du festival.<\/p>\n<p class=\"paragraph text_align_left\">On retrouvait en effet, parmi les acteurs de la Biennale, le th\u00e9\u00e2tre Sorano, Odyssud, la MJC Pont des Demoiselles, Les Abattoirs, Altigone ou Le Bijou. Au total, plus de 21\u00a0000 spectateurs avaient assist\u00e9 \u00e0 154 repr\u00e9sentations dans 32 lieux et en espace public en 2024, avec 103 artistes de 11 nationalit\u00e9s impliqu\u00e9s. \u00ab\u00a0On avait m\u00eame un dispositif de m\u00e9diation, baptis\u00e9 Faire corps, qui a r\u00e9uni environ cent personnes d\u2019une grande diversit\u00e9. Au bout de trois \u00e9ditions, ce n\u2019est pas si mal.\u00a0\u00bb<\/p>\n<p>\u00ab\u00a0Il ne faut pas perdre le lien avec certains quartiers, certaines communaut\u00e9s\u00a0\u00bb<\/p>\n<p class=\"paragraph text_align_left\">\u00ab\u00a0D\u00e9\u00e7u\u00a0\u00bb par cette d\u00e9cision, Serge Borras reconna\u00eet cependant que les collectivit\u00e9s devaient faire des choix. \u00ab\u00a0Elles ont opt\u00e9 pour la s\u00e9curisation de l\u2019avenir des op\u00e9rateurs, des structures indispensables \u00e0 l\u2019\u00e9cosyst\u00e8me culturel local\u00a0\u00bb, analyse-t-il. Le directeur de <a href=\"https:\/\/la-grainerie.net\/\" target=\"_blank\" rel=\"noopener\">la Grainerie<\/a> ajoute que les acteurs \u00ab\u00a0ont sans doute aussi des responsabilit\u00e9s\u00a0\u00bb. \u00ab\u00a0Malgr\u00e9 les manifestations en dehors de la m\u00e9tropole toulousaine, peut-\u00eatre n\u2019avons-nous pas su assez bien mettre en avant cette territorialit\u00e9 au niveau du d\u00e9partement et de la r\u00e9gion.\u00a0\u00bb<\/p>\n<p class=\"paragraph text_align_left\">Interrog\u00e9 sur la possibilit\u00e9 de poursuivre l\u2019\u00e9v\u00e9nement sans les aides publiques, Serge Borras r\u00e9pond clairement. \u00ab\u00a0On aurait pu se dire que l\u2019on revoyait le p\u00e9rim\u00e8tre de nos saisons \u00e0 la baisse pour continuer la Biennale. Mais cela aurait d\u00e9montr\u00e9, une fois de plus, que l\u2019on peut se d\u00e9brouiller. Et ce n\u2019est pas le message qu\u2019il faut faire passer\u00a0\u00bb, estime l\u2019homme de culture, soulignant par ailleurs le d\u00e9mant\u00e8lement du secteur socioculturel depuis des ann\u00e9es. \u00ab\u00a0Il ne faut pas perdre le lien avec certains quartiers, certaines communaut\u00e9s. La culture doit rester accessible.\u00a0\u00bb<\/p>\n","protected":false},"excerpt":{"rendered":"En mars, le directeur du Th\u00e9\u00e2tre de la Cit\u00e9, Galin Stoev, en place depuis 2018, annon\u00e7ait son \u00ab\u00a0d\u00e9part&hellip;\n","protected":false},"author":2,"featured_media":68562,"comment_status":"","ping_status":"","sticky":false,"template":"","format":"standard","meta":{"footnotes":""},"categories":[2816],"tags":[1111,917,11,872,459,1777,674,1011,27,12,2680,6600,25,2312],"class_list":{"0":"post-68561","1":"post","2":"type-post","3":"status-publish","4":"format-standard","5":"has-post-thumbnail","7":"category-toulouse","8":"tag-actu","9":"tag-actu-locale","10":"tag-actualites","11":"tag-culture-et-loisirs","12":"tag-departements-horsidfo","13":"tag-eu","14":"tag-europe","15":"tag-fr","16":"tag-france","17":"tag-news","18":"tag-occitanie","19":"tag-pyrenees-orientales-66","20":"tag-republique-francaise","21":"tag-toulouse"},"share_on_mastodon":{"url":"https:\/\/pubeurope.com\/@fr\/114436583235205390","error":""},"_links":{"self":[{"href":"https:\/\/www.europesays.com\/fr\/wp-json\/wp\/v2\/posts\/68561","targetHints":{"allow":["GET"]}}],"collection":[{"href":"https:\/\/www.europesays.com\/fr\/wp-json\/wp\/v2\/posts"}],"about":[{"href":"https:\/\/www.europesays.com\/fr\/wp-json\/wp\/v2\/types\/post"}],"author":[{"embeddable":true,"href":"https:\/\/www.europesays.com\/fr\/wp-json\/wp\/v2\/users\/2"}],"replies":[{"embeddable":true,"href":"https:\/\/www.europesays.com\/fr\/wp-json\/wp\/v2\/comments?post=68561"}],"version-history":[{"count":0,"href":"https:\/\/www.europesays.com\/fr\/wp-json\/wp\/v2\/posts\/68561\/revisions"}],"wp:featuredmedia":[{"embeddable":true,"href":"https:\/\/www.europesays.com\/fr\/wp-json\/wp\/v2\/media\/68562"}],"wp:attachment":[{"href":"https:\/\/www.europesays.com\/fr\/wp-json\/wp\/v2\/media?parent=68561"}],"wp:term":[{"taxonomy":"category","embeddable":true,"href":"https:\/\/www.europesays.com\/fr\/wp-json\/wp\/v2\/categories?post=68561"},{"taxonomy":"post_tag","embeddable":true,"href":"https:\/\/www.europesays.com\/fr\/wp-json\/wp\/v2\/tags?post=68561"}],"curies":[{"name":"wp","href":"https:\/\/api.w.org\/{rel}","templated":true}]}}