{"id":685614,"date":"2026-01-24T08:27:19","date_gmt":"2026-01-24T08:27:19","guid":{"rendered":"https:\/\/www.europesays.com\/fr\/685614\/"},"modified":"2026-01-24T08:27:19","modified_gmt":"2026-01-24T08:27:19","slug":"granville-bordeaux-la-composition-dequipe-probable-des-girondins","status":"publish","type":"post","link":"https:\/\/www.europesays.com\/fr\/685614\/","title":{"rendered":"Granville-Bordeaux : la composition d&rsquo;\u00e9quipe probable des Girondins"},"content":{"rendered":"<p>\n    24\/01 &#8211; 06:57 | Par Nicolas Pietrelli | Il y a<br \/>\n    3 heures\n  <\/p>\n<p><strong>D\u00e9couvrez le 11 probable des Girondins de Bordeaux face \u00e0 Granville, match de la 16e journ\u00e9e de N2 ce samedi \u00e0 18h au Stade Louis-Dior. Bruno Irl\u00e8s a retenu 16 joueurs, qui seront sur la feuille de match. Bordeaux doit l&#8217;emporter s&rsquo;il veut rester en t\u00eate de la poule A.<\/strong><\/p>\n<p><img decoding=\"async\" src=\"https:\/\/www.europesays.com\/fr\/wp-content\/uploads\/2025\/08\/671_21d7cbef58ae00a7868bfeff61f4c506.jpg\" alt=\"Granville-Bordeaux : la composition d'\u00e9quipe probable des Girondins \" class=\"img-responsive mt-3\"\/><\/p>\n<p class=\"text-center mb-3\" style=\"font-size: 14px\">\u00a9 Iconsport<\/p>\n<p>      <strong>Girondins : la composition d&rsquo;\u00e9quipe possible de Bordeaux face \u00e0 Granville.<\/strong><\/p>\n<p style=\"text-align: justify;\">\u00a0<\/p>\n<p style=\"text-align: justify;\">Le groupe de 16 joueurs retenus par Bruno Irl\u00e8s est <a href=\"https:\/\/www.webgirondins.com\/actualite-girondins-granville-bordeaux-le-groupe-des-girondins-pour-la-16e-journee-de-national-2-131908\" target=\"_blank\" rel=\"noopener\">disponible ici<\/a>, avec de nombreux absents. Ce vendredi soir en match avanc\u00e9, <a href=\"https:\/\/www.webgirondins.com\/actualite-girondins-n2-la-roche-sur-yon-passe-devant-les-girondins-de-bordeaux-en-tete-de-la-poule-a-131911\" target=\"_blank\" rel=\"noopener\">Vend\u00e9e FC La Roche a battu le FC Lorient et pris la t\u00eate du championnat<\/a>.<\/p>\n<p style=\"text-align: justify;\">La composition d&rsquo;\u00e9quipe probable face \u00e0 Granville, 16e journ\u00e9e de National 2 :<\/p>\n<p><img decoding=\"async\" src=\"https:\/\/www.europesays.com\/fr\/wp-content\/uploads\/2026\/01\/4-4-2 (77).jpg\" alt=\"4-4-2 (77).jpg (78 KB)\" style=\"width:800px;max-width:100%;\"\/><\/p>\n<p>&gt;&gt; <strong><a href=\"https:\/\/www.webgirondins.com\/actualite-girondins-n2-un-club-du-groupe-des-girondins-en-crise-financiere-des-joueurs-en-greve-131909\" target=\"_blank\" rel=\"noopener\">N2 : un club du groupe des Girondins en crise financi\u00e8re, des joueurs en gr\u00e8ve<\/a><\/strong><\/p>\n<p>Notre podcast court sur l&rsquo;actu des Girondins :<\/p>\n<p>\u00a0<\/p>\n<p>  COMMENTAIRES<br \/>\n  ()<\/p>\n","protected":false},"excerpt":{"rendered":"24\/01 &#8211; 06:57 | Par Nicolas Pietrelli | Il y a 3 heures D\u00e9couvrez le 11 probable des&hellip;\n","protected":false},"author":2,"featured_media":291079,"comment_status":"","ping_status":"","sticky":false,"template":"","format":"standard","meta":{"footnotes":""},"categories":[2817],"tags":[1111,11,1997,3984,3474,21472,2263,1777,674,2823,1011,27,1987,19521,3465,17260,955,12,2219,12142,25,3982,2858],"class_list":{"0":"post-685614","1":"post","2":"type-post","3":"status-publish","4":"format-standard","5":"has-post-thumbnail","7":"category-bordeaux","8":"tag-actu","9":"tag-actualites","10":"tag-bordeaux","11":"tag-composition","12":"tag-decouvrez","13":"tag-dior","14":"tag-equipe","15":"tag-eu","16":"tag-europe","17":"tag-face","18":"tag-fr","19":"tag-france","20":"tag-girondins","21":"tag-granville","22":"tag-journee","23":"tag-louis","24":"tag-match","25":"tag-news","26":"tag-nouvelle-aquitaine","27":"tag-probable","28":"tag-republique-francaise","29":"tag-samedi","30":"tag-stade"},"share_on_mastodon":{"url":"https:\/\/pubeurope.com\/@fr\/115949131863527437","error":""},"_links":{"self":[{"href":"https:\/\/www.europesays.com\/fr\/wp-json\/wp\/v2\/posts\/685614","targetHints":{"allow":["GET"]}}],"collection":[{"href":"https:\/\/www.europesays.com\/fr\/wp-json\/wp\/v2\/posts"}],"about":[{"href":"https:\/\/www.europesays.com\/fr\/wp-json\/wp\/v2\/types\/post"}],"author":[{"embeddable":true,"href":"https:\/\/www.europesays.com\/fr\/wp-json\/wp\/v2\/users\/2"}],"replies":[{"embeddable":true,"href":"https:\/\/www.europesays.com\/fr\/wp-json\/wp\/v2\/comments?post=685614"}],"version-history":[{"count":0,"href":"https:\/\/www.europesays.com\/fr\/wp-json\/wp\/v2\/posts\/685614\/revisions"}],"wp:featuredmedia":[{"embeddable":true,"href":"https:\/\/www.europesays.com\/fr\/wp-json\/wp\/v2\/media\/291079"}],"wp:attachment":[{"href":"https:\/\/www.europesays.com\/fr\/wp-json\/wp\/v2\/media?parent=685614"}],"wp:term":[{"taxonomy":"category","embeddable":true,"href":"https:\/\/www.europesays.com\/fr\/wp-json\/wp\/v2\/categories?post=685614"},{"taxonomy":"post_tag","embeddable":true,"href":"https:\/\/www.europesays.com\/fr\/wp-json\/wp\/v2\/tags?post=685614"}],"curies":[{"name":"wp","href":"https:\/\/api.w.org\/{rel}","templated":true}]}}