{"id":685675,"date":"2026-01-24T09:07:30","date_gmt":"2026-01-24T09:07:30","guid":{"rendered":"https:\/\/www.europesays.com\/fr\/685675\/"},"modified":"2026-01-24T09:07:30","modified_gmt":"2026-01-24T09:07:30","slug":"palpitant-le-film-netflix-le-plus-vu-dans-le-monde-actuellement-fait-parler-les-abonnes-de-tele-loisirs","status":"publish","type":"post","link":"https:\/\/www.europesays.com\/fr\/685675\/","title":{"rendered":"\u00ab\u00a0Palpitant\u00a0\u00bb : Le film Netflix le plus vu dans le monde actuellement fait parler les abonn\u00e9s de T\u00e9l\u00e9-Loisirs"},"content":{"rendered":"<p>Mis en ligne sur Netflix le vendredi 16 janvier 2026, ce thriller occupe la premi\u00e8re place du classement des films les plus vus dans le monde. Depuis, il fait parler les abonn\u00e9s de T\u00e9l\u00e9-Loisirs.<\/p>\n<p>Il y a pas mal de changements du c\u00f4t\u00e9 du top 10 des films les plus visionn\u00e9s du moment sur la plateforme de streaming Netflix. Contre toute attente, la com\u00e9die fran\u00e7aise La vie scolaire a fait un retour inattendu dans le classement, en se hissant \u00e0 la dixi\u00e8me place. Dans le classement, plusieurs films de la collection James Bond ont aussi fait leur apparition. Quantum of Solace est neuvi\u00e8me du top 10, Casino Royale occupe la place 8, Skyfall est cinqui\u00e8me, alors que Spectre 007 est \u00e0 la troisi\u00e8me place du podium. La deuxi\u00e8me place du top 10, elle, est prise par<a href=\"https:\/\/www.programme-tv.net\/news\/tv\/396380-elizabeth-smart-netflix-qui-est-wanda-barzee-la-complice-de-son-kidnappeur-et-que-devient-elle-depuis-sa-liberation\/\" data-api-deeplink=\"teleloisirs:\/\/news\/396380\" target=\"_blank\" rel=\"noopener\"> le documentaire racontant le kidnapping d&rsquo;Elizabeth Smart \u00e0 l&rsquo;\u00e2ge de 14 ans, alors qu&rsquo;elle se trouvait dans la maison de sa famille \u00e0 Salt Lake City.<\/a><\/p>\n<p>De quoi parle le film le plus vu dans le monde sur Netflix ?<\/p>\n<p>La premi\u00e8re place du classement des films les plus vus du moment sur Netflix, elle, est occup\u00e9e par The Rip ajout\u00e9 au catalogue le vendredi 16 janvier 2026. Dans ce thriller palpitant, Matt Damon joue le lieutenant Dane Dumars et il donne la r\u00e9plique \u00e0 Ben Affleck qui incarne le sergent J. D. Byrne. Alors qu&rsquo;ils sont en pleine perquisition, ces deux flics de Miami tombent sur une grosse somme d&rsquo;argent dans une planque abandonn\u00e9e. Au total, il y en a pour des millions de dollars en cash ! Un paquet d&rsquo;argent qui va amener de la m\u00e9fiance dans l&rsquo;\u00e9quipe. Au fur et \u00e0 mesure que la nouvelle de l&rsquo;ampleur de la saisie se r\u00e9pand, plus personne ne sait quoi penser, ni m\u00eame \u00e0 qui faire confiance \u00e0 100% et <a href=\"https:\/\/www.programme-tv.net\/news\/cinema\/395979-the-rip-netflix-la-fin-expliquee-du-film-avec-matt-damon-et-ben-affleck\/\" data-api-deeplink=\"teleloisirs:\/\/news\/395979\" target=\"_blank\" rel=\"noopener\">cela jusqu&rsquo;\u00e0 la fin du film.<\/a><\/p>\n<p>Sur la page Facebook Netflix France g\u00e9r\u00e9e par T\u00e9l\u00e9-Loisirs, les abonn\u00e9s ont rapidement parl\u00e9 de The Rip et <a href=\"https:\/\/www.programme-tv.net\/news\/cinema\/395868-je-nattendais-pas-tant-de-ce-film-netflix-avec-matt-damon-et-ben-affleck-et-pourtant\/\" data-api-deeplink=\"teleloisirs:\/\/news\/395868\" target=\"_blank\" rel=\"noopener\">les avis sont assez partag\u00e9s.<\/a> Parmi les commentaires qui ont \u00e9t\u00e9 publi\u00e9s, on a pu lire : \u00ab\u00a0J&rsquo;ai ador\u00e9\u00a0\u00bb, \u00ab\u00a0Magnifique film\u00a0\u00bb, \u00ab\u00a0Je l&rsquo;ai vu, tr\u00e8s long au d\u00e9part et au milieu tu te demandes qui fait quoi. Et la fin, palpitant. Film moyen\u00a0\u00bb, \u00ab\u00a0Sympa, un peu long sur la fin\u00a0\u00bb, \u00ab\u00a0J&rsquo;ai bien aim\u00e9, bon divertissement\u00a0\u00bb, \u00ab\u00a0Pas mal. Bonne intrigue\u00a0\u00bb, \u00ab\u00a0Il est regardable sans plus\u00a0\u00bb ou encore \u00ab\u00a0J&rsquo;ai stopp\u00e9 d\u00e8s le d\u00e9but pas mon style\u00a0\u00bb.<\/p>\n<p>Article \u00e9crit avec la collaboration de 6m\u00e9dias.<\/p>\n","protected":false},"excerpt":{"rendered":"Mis en ligne sur Netflix le vendredi 16 janvier 2026, ce thriller occupe la premi\u00e8re place du classement&hellip;\n","protected":false},"author":2,"featured_media":685676,"comment_status":"","ping_status":"","sticky":false,"template":"","format":"standard","meta":{"footnotes":""},"categories":[1354],"tags":[19333,244,58,59,6214,1346,1011,27,4424,1360,127,1722,129,77101,78263],"class_list":{"0":"post-685675","1":"post","2":"type-post","3":"status-publish","4":"format-standard","5":"has-post-thumbnail","7":"category-films","8":"tag-ben-affleck","9":"tag-commentaire","10":"tag-divertissement","11":"tag-entertainment","12":"tag-film-netflix","13":"tag-films","14":"tag-fr","15":"tag-france","16":"tag-matt-damon","17":"tag-movies","18":"tag-netflix","19":"tag-pub-streaming-netflix","20":"tag-svod","21":"tag-the-rip","22":"tag-the-rip-2026"},"share_on_mastodon":{"url":"https:\/\/pubeurope.com\/@fr\/115949289024424376","error":""},"_links":{"self":[{"href":"https:\/\/www.europesays.com\/fr\/wp-json\/wp\/v2\/posts\/685675","targetHints":{"allow":["GET"]}}],"collection":[{"href":"https:\/\/www.europesays.com\/fr\/wp-json\/wp\/v2\/posts"}],"about":[{"href":"https:\/\/www.europesays.com\/fr\/wp-json\/wp\/v2\/types\/post"}],"author":[{"embeddable":true,"href":"https:\/\/www.europesays.com\/fr\/wp-json\/wp\/v2\/users\/2"}],"replies":[{"embeddable":true,"href":"https:\/\/www.europesays.com\/fr\/wp-json\/wp\/v2\/comments?post=685675"}],"version-history":[{"count":0,"href":"https:\/\/www.europesays.com\/fr\/wp-json\/wp\/v2\/posts\/685675\/revisions"}],"wp:featuredmedia":[{"embeddable":true,"href":"https:\/\/www.europesays.com\/fr\/wp-json\/wp\/v2\/media\/685676"}],"wp:attachment":[{"href":"https:\/\/www.europesays.com\/fr\/wp-json\/wp\/v2\/media?parent=685675"}],"wp:term":[{"taxonomy":"category","embeddable":true,"href":"https:\/\/www.europesays.com\/fr\/wp-json\/wp\/v2\/categories?post=685675"},{"taxonomy":"post_tag","embeddable":true,"href":"https:\/\/www.europesays.com\/fr\/wp-json\/wp\/v2\/tags?post=685675"}],"curies":[{"name":"wp","href":"https:\/\/api.w.org\/{rel}","templated":true}]}}