{"id":68571,"date":"2025-05-02T05:31:08","date_gmt":"2025-05-02T05:31:08","guid":{"rendered":"https:\/\/www.europesays.com\/fr\/68571\/"},"modified":"2025-05-02T05:31:08","modified_gmt":"2025-05-02T05:31:08","slug":"a-belsunce-une-campagne-de-vegetalisation-pour-faire-pousser-la-vie-de-quartier","status":"publish","type":"post","link":"https:\/\/www.europesays.com\/fr\/68571\/","title":{"rendered":"\u00c0 Belsunce, une campagne de v\u00e9g\u00e9talisation pour faire pousser la vie de quartier"},"content":{"rendered":"<p><a href=\"https:\/\/www.laprovence.com\/article\/societe\/97995247770738\/marseille-a-belsunce-apres-10-ans-dattente-l-ancien-parking-de-la-providence-devient-une-place-publique\" target=\"_blank\" rel=\"nofollow noopener\">Six mois apr\u00e8s la fermeture du parking de la place Providence (1er) et sa transformation en place publique temporaire<\/a>, des ateliers qui allient bricolage et jardinage ont \u00e9t\u00e9 organis\u00e9s par la <a href=\"https:\/\/www.laprovence.com\/article\/region\/2534049885606615\/marseille-a-la-regie-de-noailles-belsunce-les-habitants-oeuvrent-pour-les-habitants\" target=\"_blank\" rel=\"nofollow noopener\">r\u00e9gie de quartiers Noailles-Belsunce<\/a>, les Compagnons b\u00e2tisseurs pour l\u2019aspect technique, l\u2019association de r\u00e9emploi v\u00e9g\u00e9tal Nouvelles Pousses et le centre social Bernard Dubois (1er). Une trentaine d\u2019habitants ont ainsi mis leur grain de sel \u00e0 l\u2019am\u00e9nagement en cours du quartier.<\/p>\n<p>En finir avec le \u00ab\u00a0gris partout\u00a0\u00bb \u00e0 Belsunce<\/p>\n<p>Habitante de Belsunce depuis 32\u00a0ans, Didia souhaite \u00ab\u00a0un changement radical\u00a0\u00bb. \u00ab\u00a0Les rues sont nues, pas un bac \u00e0 fleurs, pas un arbre pour donner de l\u2019ombre quand il fait chaud. Alors m\u00eame si on m\u2019a pos\u00e9 trois stents, j\u2019ai d\u00e9cid\u00e9 de me remonter les manches pour verdir le quartier avec les autres habitants\u00a0\u00bb, rigole cette septuag\u00e9naire.<\/p>\n","protected":false},"excerpt":{"rendered":"Six mois apr\u00e8s la fermeture du parking de la place Providence (1er) et sa transformation en place publique&hellip;\n","protected":false},"author":2,"featured_media":68572,"comment_status":"","ping_status":"","sticky":false,"template":"","format":"standard","meta":{"footnotes":""},"categories":[2814],"tags":[17,1111,11,17039,3226,1777,674,4560,1011,27,884,12,471,882,16,25,96,10792],"class_list":{"0":"post-68571","1":"post","2":"type-post","3":"status-publish","4":"format-standard","5":"has-post-thumbnail","7":"category-marseille","8":"tag-17","9":"tag-actu","10":"tag-actualites","11":"tag-belsunce","12":"tag-campagne","13":"tag-eu","14":"tag-europe","15":"tag-faire","16":"tag-fr","17":"tag-france","18":"tag-marseille","19":"tag-news","20":"tag-pour","21":"tag-provence-alpes-cote-dazur","22":"tag-region","23":"tag-republique-francaise","24":"tag-une","25":"tag-vegetalisation"},"share_on_mastodon":{"url":"https:\/\/pubeurope.com\/@fr\/114436602866282866","error":""},"_links":{"self":[{"href":"https:\/\/www.europesays.com\/fr\/wp-json\/wp\/v2\/posts\/68571","targetHints":{"allow":["GET"]}}],"collection":[{"href":"https:\/\/www.europesays.com\/fr\/wp-json\/wp\/v2\/posts"}],"about":[{"href":"https:\/\/www.europesays.com\/fr\/wp-json\/wp\/v2\/types\/post"}],"author":[{"embeddable":true,"href":"https:\/\/www.europesays.com\/fr\/wp-json\/wp\/v2\/users\/2"}],"replies":[{"embeddable":true,"href":"https:\/\/www.europesays.com\/fr\/wp-json\/wp\/v2\/comments?post=68571"}],"version-history":[{"count":0,"href":"https:\/\/www.europesays.com\/fr\/wp-json\/wp\/v2\/posts\/68571\/revisions"}],"wp:featuredmedia":[{"embeddable":true,"href":"https:\/\/www.europesays.com\/fr\/wp-json\/wp\/v2\/media\/68572"}],"wp:attachment":[{"href":"https:\/\/www.europesays.com\/fr\/wp-json\/wp\/v2\/media?parent=68571"}],"wp:term":[{"taxonomy":"category","embeddable":true,"href":"https:\/\/www.europesays.com\/fr\/wp-json\/wp\/v2\/categories?post=68571"},{"taxonomy":"post_tag","embeddable":true,"href":"https:\/\/www.europesays.com\/fr\/wp-json\/wp\/v2\/tags?post=68571"}],"curies":[{"name":"wp","href":"https:\/\/api.w.org\/{rel}","templated":true}]}}