{"id":685723,"date":"2026-01-24T09:39:22","date_gmt":"2026-01-24T09:39:22","guid":{"rendered":"https:\/\/www.europesays.com\/fr\/685723\/"},"modified":"2026-01-24T09:39:22","modified_gmt":"2026-01-24T09:39:22","slug":"ouigo-un-nouveau-train-low-cost-va-relier-paris-a-bordeaux","status":"publish","type":"post","link":"https:\/\/www.europesays.com\/fr\/685723\/","title":{"rendered":"Ouigo : un nouveau train low cost va relier Paris \u00e0 Bordeaux"},"content":{"rendered":"<p>L\u2019annonce devrait ravir plus d\u2019un voyageur. Apr\u00e8s le succ\u00e8s de la ligne \u00e0 grande vitesse reliant Bordeaux \u00e0 Paris, la compagnie ferroviaire <a href=\"https:\/\/www.capital.fr\/economie-politique\/ouigo-le-billet-low-cost-de-la-sncf-peut-desormais-couter-jusqua-119-euros-1522631\" target=\"_blank\" rel=\"noopener\">Ouigo<\/a> vient d\u2019annoncer qu\u2019elle allait prochainement <strong>commercialiser une nouvelle offre entre les m\u00eames villes<\/strong>. Dite \u00ab<a href=\"https:\/\/www.capital.fr\/economie-politique\/sncf-coup-denvoi-pour-le-train-ouigo-classique-entre-paris-et-bruxelles-1506545\" target=\"_blank\" rel=\"noopener\">Ouigo train classique<\/a>\u00bb, cette nouvelle liaison op\u00e9r\u00e9e par la filiale <a href=\"https:\/\/www.capital.fr\/conso\/barcelone-seville-a-partir-de-9-euros-ouigo-devoile-sa-nouvelle-ligne-low-cost-1520027\" target=\"_blank\" rel=\"noopener\">\u00e0 bas co\u00fbt<\/a> de la SNCF sera <strong>disponible d\u00e8s le d\u00e9but du mois d\u2019avril 2026.<\/strong> Les premi\u00e8res r\u00e9servations de billets, elles, seront possibles d\u00e8s la mi-mars, rapporte <a href=\"https:\/\/www.sudouest.fr\/gironde\/bordeaux\/a-rebours-du-tgv-ouigo-lance-un-train-corail-low-cost-entre-bordeaux-et-paris-en-avril-2026-27523126.php\" target=\"_blank\" rel=\"noopener\">Sud-Ouest<\/a>.<\/p>\n<p>Les trains, qui circuleront <strong>uniquement en fin de semaine les vendredis, samedis et dimanches<\/strong>, permettront d\u2019effectuer la liaison entre la gare de Paris-Austerlitz et la ville de Montaigne via Angoul\u00eame, Poitiers, le parc du Futuroscope, Saint-Pierre-des-Corps et Les Aubrais-Orl\u00e9ans. Concr\u00e8tement, le trajet, qui <strong>durera entre cinq heures et cinq heures trente<\/strong>, s\u2019articulera autour de deux allers-retours avec un Bordeaux-Paris le samedi matin, un Paris-Bordeaux le samedi apr\u00e8s-midi ainsi qu\u2019un Bordeaux-Paris le dimanche apr\u00e8s-midi. Le vendredi, le train corail partira quant \u00e0 lui de la capitale pour rejoindre Bordeaux.<\/p>\n<p><strong>Des prix d\u2019appel pour les billets \u00e0 partir de 10 euros<\/strong><\/p>\n<p>Comme pour l\u2019ensemble de ses lignes, la compagnie ferroviaire low-cost proposera pour cette nouvelle liaison <strong>des prix d\u2019appel \u00e0 10 euros<\/strong> pour ses billets avec un maximum de 59 euros pour les adultes et un prix fixe de 5 euros pour les enfants \u00e2g\u00e9s de moins de 12 ans. <strong>La moiti\u00e9 des billets sera quant \u00e0 elle vendue \u00e0 un prix de 20 euros<\/strong>, selon la direction g\u00e9n\u00e9rale de Ouigo.<\/p>\n<p>Alors que la client\u00e8le de ce type d\u2019offre est familiale avec une moyenne d\u2019\u00e2ge de moins de 28 ans pour 60% des passagers, la direction de Ouigo entend bien, gr\u00e2ce \u00e0 cette nouvelle liaison, <strong>attirer les clients des plateformes de covoiturage ou ceux qui utilisent les cars<\/strong> pour se rendre d\u2019une grande ville \u00e0 une autre. \u00abAvec Ouigo grande vitesse, nous avons fait venir des gens au train. Notre ambition avec ou\u00efgoures train classique, c\u2019est d\u2019aller encore plus loin dans la d\u00e9marche\u00bb, confie J\u00e9r\u00f4me Laffon, le directeur g\u00e9n\u00e9ral de la compagnie ferroviaire.<\/p>\n","protected":false},"excerpt":{"rendered":"L\u2019annonce devrait ravir plus d\u2019un voyageur. Apr\u00e8s le succ\u00e8s de la ligne \u00e0 grande vitesse reliant Bordeaux \u00e0&hellip;\n","protected":false},"author":2,"featured_media":685724,"comment_status":"","ping_status":"","sticky":false,"template":"","format":"standard","meta":{"footnotes":""},"categories":[2817],"tags":[1111,11,1997,1777,674,1011,27,12,2219,23443,6820,25,926,2803],"class_list":{"0":"post-685723","1":"post","2":"type-post","3":"status-publish","4":"format-standard","5":"has-post-thumbnail","7":"category-bordeaux","8":"tag-actu","9":"tag-actualites","10":"tag-bordeaux","11":"tag-eu","12":"tag-europe","13":"tag-fr","14":"tag-france","15":"tag-news","16":"tag-nouvelle-aquitaine","17":"tag-ouigo","18":"tag-rail","19":"tag-republique-francaise","20":"tag-train","21":"tag-transport"},"share_on_mastodon":{"url":"https:\/\/pubeurope.com\/@fr\/115949414896753148","error":""},"_links":{"self":[{"href":"https:\/\/www.europesays.com\/fr\/wp-json\/wp\/v2\/posts\/685723","targetHints":{"allow":["GET"]}}],"collection":[{"href":"https:\/\/www.europesays.com\/fr\/wp-json\/wp\/v2\/posts"}],"about":[{"href":"https:\/\/www.europesays.com\/fr\/wp-json\/wp\/v2\/types\/post"}],"author":[{"embeddable":true,"href":"https:\/\/www.europesays.com\/fr\/wp-json\/wp\/v2\/users\/2"}],"replies":[{"embeddable":true,"href":"https:\/\/www.europesays.com\/fr\/wp-json\/wp\/v2\/comments?post=685723"}],"version-history":[{"count":0,"href":"https:\/\/www.europesays.com\/fr\/wp-json\/wp\/v2\/posts\/685723\/revisions"}],"wp:featuredmedia":[{"embeddable":true,"href":"https:\/\/www.europesays.com\/fr\/wp-json\/wp\/v2\/media\/685724"}],"wp:attachment":[{"href":"https:\/\/www.europesays.com\/fr\/wp-json\/wp\/v2\/media?parent=685723"}],"wp:term":[{"taxonomy":"category","embeddable":true,"href":"https:\/\/www.europesays.com\/fr\/wp-json\/wp\/v2\/categories?post=685723"},{"taxonomy":"post_tag","embeddable":true,"href":"https:\/\/www.europesays.com\/fr\/wp-json\/wp\/v2\/tags?post=685723"}],"curies":[{"name":"wp","href":"https:\/\/api.w.org\/{rel}","templated":true}]}}