{"id":685729,"date":"2026-01-24T09:42:16","date_gmt":"2026-01-24T09:42:16","guid":{"rendered":"https:\/\/www.europesays.com\/fr\/685729\/"},"modified":"2026-01-24T09:42:16","modified_gmt":"2026-01-24T09:42:16","slug":"emploi-voici-les-10-metiers-qui-connaissent-la-plus-forte-croissance-a-lille-selon-une-etude-de-linkedin","status":"publish","type":"post","link":"https:\/\/www.europesays.com\/fr\/685729\/","title":{"rendered":"Emploi. Voici les 10 m\u00e9tiers qui connaissent la plus forte croissance \u00e0 Lille selon une \u00e9tude de Linkedin"},"content":{"rendered":"<p>                    Par<br \/>\n        <strong><br \/>\n            <a href=\"https:\/\/actu.fr\/auteur\/nicolas-demollien\" title=\"Consulter tous les articles de Nicolas Demollien\" target=\"_blank\" rel=\"noopener\">Nicolas Demollien<\/a><br \/>\n                    <\/strong><\/p>\n<p>        Publi\u00e9 le<\/p>\n<p>            24 janv. 2026 \u00e0 7h12        <\/p>\n<p>Comme chaque ann\u00e9e, le <a href=\"https:\/\/actu.fr\/tag\/reseaux-sociaux\" target=\"_blank\" rel=\"noopener\">r\u00e9seau social<\/a> <b>Linkedin<\/b> publie son <b>classement<\/b> des <b>m\u00e9tiers en croissance<\/b> dans diff\u00e9rentes villes. Pour ce qui est de <a href=\"https:\/\/actu.fr\/hauts-de-france\/lille_59350\" target=\"_blank\" rel=\"noopener\">Lille<\/a> (Nord), voici le <b>Top 10<\/b> des emplois les plus en \u00ab\u00a0vogue\u00a0\u00bb.<\/p>\n<p>Quels sont les m\u00e9tiers les plus en croissance \u00e0 Lille ?<\/p>\n<p data-end=\"447\" class=\" wall-content\">Ce classement traduit \u00ab\u00a0une dynamique port\u00e9e par les<b> fonctions de direction, d\u2019audit et de pilotage financier<\/b>, associ\u00e9es \u00e0 des <b>m\u00e9tiers de la formation, de l\u2019accompagnement et de la communication<\/b>\u00ab\u00a0, d\u00e9taille-t-on du c\u00f4t\u00e9 de Linkedin.<\/p>\n<p data-end=\"447\" class=\" wall-content\">On note \u00e9galement que la <b>gestion des donn\u00e9es<\/b> et le <b>d\u00e9veloppement commercial<\/b> compl\u00e8tent ces besoins structurels.<\/p>\n<p class=\" wall-content\">Voici le Top 10 des m\u00e9tiers en croissance dans la capitale des Flandres :<\/p>\n<ol class=\" wall-content\">\n<li data-end=\"524\">Directeur de recherche,<\/li>\n<li data-end=\"553\">Consultant en formation,<\/li>\n<li data-end=\"583\">Coordinateur p\u00e9dagogique,<\/li>\n<li data-end=\"608\">Directeur financier,<\/li>\n<li data-end=\"652\">Responsable administration commerciale,<\/li>\n<li data-end=\"690\">Consultant en gestion de donn\u00e9es,<\/li>\n<li data-end=\"714\">Auditeur financier,<\/li>\n<li data-end=\"742\">Responsable commercial,<\/li>\n<li data-end=\"771\">Charg\u00e9 de communication,<\/li>\n<li data-end=\"797\">Psychologue clinicien.<\/li>\n<\/ol>\n<p data-end=\"961\" class=\" wall-content\">Pour obtenir ces r\u00e9sultats, les chercheurs de l\u2019Economic Graph de LinkedIn ont examin\u00e9 des millions d\u2019emplois commenc\u00e9s par des membres de LinkedIn entre le 1er janvier 2023 et le 31 juillet 2025, afin de calculer un taux de croissance pour chaque intitul\u00e9 de poste.<\/p>\n<p data-end=\"961\" class=\" wall-content\">\u00ab\u00a0Pour figurer dans ce classement, les intitul\u00e9s de poste devaient avoir connu une croissance positive parmi les membres et avoir atteint un volume suffisant en 2025. Les intitul\u00e9s identiques correspondant \u00e0 des niveaux d\u2019exp\u00e9rience diff\u00e9rents ont \u00e9t\u00e9 regroup\u00e9s, pr\u00e9cisent les auteurs.<\/p>\n<p data-end=\"961\" class=\" wall-content\">Notons que les stages, les postes en b\u00e9n\u00e9volat, les postes en int\u00e9rim et les stages \u00e9tudiants ont \u00e9t\u00e9 exclus, ainsi que les postes pour lesquels les recrutements sont restreints \u00e0 un petit groupe d\u2019entreprises dans chaque pays.<\/p>\n<p>Votre r\u00e9gion, votre actu !<\/p>\n<p>Recevez chaque jour les infos qui comptent pour vous.<\/p>\n<p>\t<a href=\"https:\/\/actu.fr\/newsletter\" class=\"ac-btn ac-btn--corner ac-btn--medium ac-btn--blue800\" target=\"_blank\" rel=\"noopener\">S&rsquo;incrire<\/a><\/p>\n<p data-end=\"1698\" class=\" wall-content\">Plus d\u2019infos sur <a href=\"https:\/\/www.linkedin.com\/pulse\/le-classement-linkedin-2026-des-m%C3%A9tiers-en-croissance-mjx6c\/?trackingId=ZtrCkjw2jgSMFlUWb4MqWg%3D%3D\" target=\"_blank\" rel=\"noopener\">linkedin.com<\/a><\/p>\n<p class=\" wall-content\">Personnalisez votre actualit\u00e9 en ajoutant vos villes et m\u00e9dias en favori avec <a href=\"https:\/\/moncompte.actu.fr\" title=\"D\u00e9couvez Mon Actu\" rel=\"nofollow noopener\" data-trk=\"{&quot;cta&quot;:{&quot;action&quot;:&quot;https:\\\/\\\/moncompte.actu.fr&quot;,&quot;category&quot;:&quot;mon compte&quot;,&quot;from&quot;:&quot;article footer&quot;,&quot;name&quot;:&quot;Mon actu&quot;,&quot;type&quot;:&quot;cta&quot;}}\" target=\"_blank\">Mon Actu<\/a>.<\/p>\n","protected":false},"excerpt":{"rendered":"Par Nicolas Demollien Publi\u00e9 le 24 janv. 2026 \u00e0 7h12 Comme chaque ann\u00e9e, le r\u00e9seau social Linkedin publie&hellip;\n","protected":false},"author":2,"featured_media":685730,"comment_status":"","ping_status":"","sticky":false,"template":"","format":"standard","meta":{"footnotes":""},"categories":[2815],"tags":[1111,11,33,341,1777,674,1011,27,811,1307,12,25,938],"class_list":{"0":"post-685729","1":"post","2":"type-post","3":"status-publish","4":"format-standard","5":"has-post-thumbnail","7":"category-lille","8":"tag-actu","9":"tag-actualites","10":"tag-economie","11":"tag-emploi","12":"tag-eu","13":"tag-europe","14":"tag-fr","15":"tag-france","16":"tag-hauts-de-france","17":"tag-lille","18":"tag-news","19":"tag-republique-francaise","20":"tag-reseaux-sociaux"},"share_on_mastodon":{"url":"https:\/\/pubeurope.com\/@fr\/115949426761825199","error":""},"_links":{"self":[{"href":"https:\/\/www.europesays.com\/fr\/wp-json\/wp\/v2\/posts\/685729","targetHints":{"allow":["GET"]}}],"collection":[{"href":"https:\/\/www.europesays.com\/fr\/wp-json\/wp\/v2\/posts"}],"about":[{"href":"https:\/\/www.europesays.com\/fr\/wp-json\/wp\/v2\/types\/post"}],"author":[{"embeddable":true,"href":"https:\/\/www.europesays.com\/fr\/wp-json\/wp\/v2\/users\/2"}],"replies":[{"embeddable":true,"href":"https:\/\/www.europesays.com\/fr\/wp-json\/wp\/v2\/comments?post=685729"}],"version-history":[{"count":0,"href":"https:\/\/www.europesays.com\/fr\/wp-json\/wp\/v2\/posts\/685729\/revisions"}],"wp:featuredmedia":[{"embeddable":true,"href":"https:\/\/www.europesays.com\/fr\/wp-json\/wp\/v2\/media\/685730"}],"wp:attachment":[{"href":"https:\/\/www.europesays.com\/fr\/wp-json\/wp\/v2\/media?parent=685729"}],"wp:term":[{"taxonomy":"category","embeddable":true,"href":"https:\/\/www.europesays.com\/fr\/wp-json\/wp\/v2\/categories?post=685729"},{"taxonomy":"post_tag","embeddable":true,"href":"https:\/\/www.europesays.com\/fr\/wp-json\/wp\/v2\/tags?post=685729"}],"curies":[{"name":"wp","href":"https:\/\/api.w.org\/{rel}","templated":true}]}}