{"id":685733,"date":"2026-01-24T09:44:12","date_gmt":"2026-01-24T09:44:12","guid":{"rendered":"https:\/\/www.europesays.com\/fr\/685733\/"},"modified":"2026-01-24T09:44:12","modified_gmt":"2026-01-24T09:44:12","slug":"entendus-les-buralistes-veulent-maintenant-des-actes","status":"publish","type":"post","link":"https:\/\/www.europesays.com\/fr\/685733\/","title":{"rendered":"entendus, les buralistes veulent maintenant des actes"},"content":{"rendered":"<p>Augmentation du prix des cigarettes, contrebande, concurrence \u00e9trang\u00e8re\u2026 Hier, les buralistes qui demandaient en urgence <a href=\"https:\/\/www.laprovence.com\/article\/economie\/5298609323958714\/nouvelle-augmentation-du-prix-des-cigarettes-les-buralistes-ne-veulent-plus-se-faire-enfumer\" target=\"_blank\" rel=\"noopener\">une r\u00e9union avec les autorit\u00e9s<\/a> ont \u00e9t\u00e9 re\u00e7us au si\u00e8ge de la direction interr\u00e9gionale des douanes, \u00e0 Marseille. Autour de repr\u00e9sentants de la pr\u00e9fecture et du parquet, ils ont exprim\u00e9 tout le malaise d&rsquo;une profession, entre <a href=\"https:\/\/www.laprovence.com\/article\/societe\/5293127682191714\/je-vends-20-paquets-de-cigarettes-en-moins-chaque-jour-les-buralistes-de-provence-s-inquietent-de-leur-avenir\" target=\"_blank\" rel=\"noopener\">inqui\u00e9tudes<\/a> et revendications.<\/p>\n<p>Aux c\u00f4t\u00e9s du pr\u00e9sident national de la Conf\u00e9d\u00e9ration, Serdar Kaya, et son secr\u00e9taire g\u00e9n\u00e9ral, Pierre Romero, les d\u00e9biteurs de tabac des Bouches-du-Rh\u00f4ne, o\u00f9 <a href=\"https:\/\/www.laprovence.com\/article\/region\/1217607166383114\/augmentation-du-prix-du-tabac-contrebande-100-buralistes-de-marseille-et-sa-region-expriment-leur-ras-le-bol\" target=\"_blank\" rel=\"noopener\">un collectif s&rsquo;est mont\u00e9<\/a> il y a quelques semaines, exhortaient l&rsquo;\u00c9tat \u00e0 stopper imm\u00e9diatement les hausses de prix et \u00e0 lutter fermement contre <a href=\"https:\/\/www.laprovence.com\/article\/faits-divers-justice\/15559965445827\/deux-trafiquants-de-cigarettes-armes-arretes-par-la-bac-daix-en-provence\" target=\"_blank\" rel=\"noopener\">la contrebande<\/a> et la contrefa\u00e7on. Selon eux, les tabacs accuseraient une baisse de chiffre d&rsquo;affaires de l&rsquo;ordre de 30\u00a0% depuis 2020. \u00ab\u00a0On habitue les gens \u00e0 acheter en dehors du r\u00e9seau officiel et nous, on coule. La lutte contre le march\u00e9 noir doit \u00eatre une priorit\u00e9\u00a0\u00bb, insiste Fr\u00e9d\u00e9ric Porchier, secr\u00e9taire g\u00e9n\u00e9ral du syndicat des buralistes du 13.<\/p>\n<p><a href=\"https:\/\/www.laprovence.com\/article\/france-monde\/6574713335531\/nouvelle-augmentation-du-prix-des-cigarettes-au-1er-janvier-2026\" target=\"_blank\" rel=\"noopener\">La nouvelle augmentation du tarif des cigarettes<\/a> au 1er\u00a0janvier, allant jusqu&rsquo;\u00e0 50 centimes, est la goutte qui a fait d\u00e9border le vase.<\/p>\n<p>Ils appellent ainsi au r\u00e9tablissement de la <a href=\"https:\/\/www.laprovence.com\/article\/societe\/4500731748515115\/tabac-des-vendredi-il-sera-possible-de-ramener-plus-dune-cartouche-de-cigarette-au-retour-dun-pays-de-lue\" target=\"_blank\" rel=\"noopener\">limite d&rsquo;importation \u00e0 une cartouche<\/a> depuis un autre pays de l&rsquo;Union europ\u00e9enne (r\u00e8gle lev\u00e9e en 2024), au contr\u00f4le syst\u00e9matique aux fronti\u00e8res et \u00e0 une convergence fiscale minimale au niveau de l&rsquo;UE afin de r\u00e9duire les \u00e9carts entre pays voisins. \u00ab\u00a0Quand on paye 13,50 euros un paquet de Marlboro en France et 7 euros en Italie ou en Espagne, c&rsquo;est intenable. La col\u00e8re part de Marseille mais tous les buralistes fran\u00e7ais sont menac\u00e9s\u00a0\u00bb, avance Fr\u00e9d\u00e9ric Porchier.<\/p>\n<p>Si la profession s&rsquo;est sentie \u00ab\u00a0entendue\u00a0\u00bb, elle veut maintenant des actes. \u00c0 court terme : gels des prix et intensification des moyens de lutte contre <a href=\"https:\/\/www.laprovence.com\/article\/faits-divers-justice\/7309888747262\/130-cartouches-de-cigarettes-de-contrebande-decouvertes-chez-un-sexagenaire-a-marignane\" target=\"_blank\" rel=\"noopener\">les trafics<\/a>. Pour les buralistes, le monopole qui les lie \u00e0 l&rsquo;\u00c9tat est cass\u00e9. \u00ab\u00a0Aujourd&rsquo;hui, le monopole est dans la rue. <a href=\"https:\/\/www.laprovence.com\/article\/sante\/5997316193183914\/le-tabagisme-en-france-a-son-niveau-le-plus-bas\" target=\"_blank\" rel=\"noopener\">Les gens ne s&rsquo;arr\u00eatent pas de fumer<\/a>, ils consomment dans des r\u00e9seaux parall\u00e8les\u00a0\u00bb, d\u00e9nonce le syndicaliste avant d&rsquo;appeler les bureaux \u00e0 remplir les fiches \u00ab\u00a0Stoptrafictabac\u00a0\u00bb pour aider les autorit\u00e9s en signalant les points de vente ill\u00e9gaux qu&rsquo;ils identifient.<\/p>\n<p>La rencontre s&rsquo;est conclue par une visite de terrain, en soutien de d\u00e9biteurs r\u00e9cemment agress\u00e9s. \u00ab\u00a0Nous comptons d\u00e9sormais sur les remont\u00e9es \u00e0 Paris, c&rsquo;est au niveau politique que \u00e7a peut se jouer. <a href=\"https:\/\/www.laprovence.com\/article\/faits-divers-justice\/46323158874803\/43-kg-de-cigarettes-de-contrebande-saisis-dans-le-3e-arrondissement-de-marseille\" target=\"_blank\" rel=\"noopener\">Si le gouvernement ne se r\u00e9veille pas<\/a>, on ne tiendra pas et les petits tabacs qui maillent notre territoire seront les premiers \u00e0 dispara\u00eetre\u00a0\u00bb, pr\u00e9vient Fr\u00e9d\u00e9ric Porchier, soulignant que les 23\u00a0000 buralistes de l&rsquo;Hexagone, dont plus de 500 dans les Bouches-du-Rh\u00f4ne, sont les plus gros collecteurs de taxes. \u00ab\u00a0L&rsquo;\u00c9tat a autant \u00e0 perdre que nous&#8230;\u00a0\u00bb<\/p>\n<p><img alt=\"\" loading=\"lazy\" width=\"18\" height=\"18\" decoding=\"async\" data-nimg=\"1\" class=\"mx-[8px]\" style=\"color:transparent\" src=\"https:\/\/www.laprovence.com\/_next\/static\/media\/comment.a97bda1a.svg\"\/>D\u00e9marrez la conversation<\/p>\n<p class=\"text-[1.8rem] mt-[32px]\">Votre opinion compte pour nous. Rejoignez la communaut\u00e9 laprovence.com en r\u00e9agissant sur l&rsquo;article Lutte contre la contrebande, prix des cigarettes : entendus, les buralistes veulent maintenant des actes.<\/p>\n","protected":false},"excerpt":{"rendered":"Augmentation du prix des cigarettes, contrebande, concurrence \u00e9trang\u00e8re\u2026 Hier, les buralistes qui demandaient en urgence une r\u00e9union avec&hellip;\n","protected":false},"author":2,"featured_media":685734,"comment_status":"","ping_status":"","sticky":false,"template":"","format":"standard","meta":{"footnotes":""},"categories":[2814],"tags":[5734,1111,11,8056,1444,49596,154,25355,1777,674,1011,27,7998,884,12,2141,882,25,104],"class_list":{"0":"post-685733","1":"post","2":"type-post","3":"status-publish","4":"format-standard","5":"has-post-thumbnail","7":"category-marseille","8":"tag-5734","9":"tag-actu","10":"tag-actualites","11":"tag-cigarettes","12":"tag-contre","13":"tag-contrebande","14":"tag-des","15":"tag-entendus","16":"tag-eu","17":"tag-europe","18":"tag-fr","19":"tag-france","20":"tag-lutte","21":"tag-marseille","22":"tag-news","23":"tag-prix","24":"tag-provence-alpes-cote-dazur","25":"tag-republique-francaise","26":"tag-societe"},"share_on_mastodon":{"url":"https:\/\/pubeurope.com\/@fr\/115949434767586351","error":""},"_links":{"self":[{"href":"https:\/\/www.europesays.com\/fr\/wp-json\/wp\/v2\/posts\/685733","targetHints":{"allow":["GET"]}}],"collection":[{"href":"https:\/\/www.europesays.com\/fr\/wp-json\/wp\/v2\/posts"}],"about":[{"href":"https:\/\/www.europesays.com\/fr\/wp-json\/wp\/v2\/types\/post"}],"author":[{"embeddable":true,"href":"https:\/\/www.europesays.com\/fr\/wp-json\/wp\/v2\/users\/2"}],"replies":[{"embeddable":true,"href":"https:\/\/www.europesays.com\/fr\/wp-json\/wp\/v2\/comments?post=685733"}],"version-history":[{"count":0,"href":"https:\/\/www.europesays.com\/fr\/wp-json\/wp\/v2\/posts\/685733\/revisions"}],"wp:featuredmedia":[{"embeddable":true,"href":"https:\/\/www.europesays.com\/fr\/wp-json\/wp\/v2\/media\/685734"}],"wp:attachment":[{"href":"https:\/\/www.europesays.com\/fr\/wp-json\/wp\/v2\/media?parent=685733"}],"wp:term":[{"taxonomy":"category","embeddable":true,"href":"https:\/\/www.europesays.com\/fr\/wp-json\/wp\/v2\/categories?post=685733"},{"taxonomy":"post_tag","embeddable":true,"href":"https:\/\/www.europesays.com\/fr\/wp-json\/wp\/v2\/tags?post=685733"}],"curies":[{"name":"wp","href":"https:\/\/api.w.org\/{rel}","templated":true}]}}